{"id":65766,"date":"2015-05-12T12:00:09","date_gmt":"2015-05-12T15:00:09","guid":{"rendered":"http:\/\/www.24baires.com\/?p=65766"},"modified":"2015-05-12T11:57:39","modified_gmt":"2015-05-12T14:57:39","slug":"realizan-una-nueva-audiencia-en-el-congreso-por-el-codigo-procesal-penal","status":"publish","type":"post","link":"http:\/\/www.24baires.com\/?p=65766","title":{"rendered":"Realizan una nueva audiencia en el Congreso por el C\u00f3digo Procesal Penal"},"content":{"rendered":"<p>La reuni\u00f3n de la bicameral que debe proponer la implementaci\u00f3n del nuev\u00f3 C\u00f3digo comenz\u00f3 a las 10:30. Para hoy se espera una ronda de invitados especiales que propondr\u00e1n su perspectiva sobre la cuesti\u00f3n.<!--more--><\/p>\n<p>La comisi\u00f3n bicameral que debe proponer la implementaci\u00f3n del nuevo C\u00f3digo Procesal Penal comenz\u00f3 a las 10.30 el debate con una ronda de invitados especiales como el secretario general del gremio de los trabajadores judiciales, Julio Piumato.<\/p>\n<p>Previo al inicio del debate, un nutrido grupo de empleados judiciales interrumpi\u00f3 el tr\u00e1nsito sobre Hip\u00f3lito Yrigoyen, en la entrada del Senado de la Naci\u00f3n, en protesta por la implementaci\u00f3n del nuevo C\u00f3digo y por considerar que \u00abno fueron consultados\u00bb sobre las modificaciones y que se \u00abpone en riesgo el funcionamiento del sistema\u00bb.<\/p>\n","protected":false},"excerpt":{"rendered":"<p>La reuni\u00f3n de la bicameral que debe proponer la implementaci\u00f3n del nuev\u00f3 C\u00f3digo comenz\u00f3 a las 10:30. Para hoy se espera una ronda de invitados especiales que propondr\u00e1n su perspectiva sobre la cuesti\u00f3n.<\/p>\n","protected":false},"author":4,"featured_media":0,"comment_status":"open","ping_status":"open","sticky":false,"template":"","format":"standard","meta":{"_jetpack_newsletter_access":"","_jetpack_dont_email_post_to_subs":false,"_jetpack_newsletter_tier_id":0,"_jetpack_memberships_contains_paywalled_content":false,"_jetpack_memberships_contains_paid_content":false,"footnotes":""},"categories":[51],"tags":[],"class_list":["post-65766","post","type-post","status-publish","format-standard","hentry","category-politica"],"jetpack_shortlink":"https:\/\/wp.me\/p2JWE0-h6K","jetpack-related-posts":[{"id":65327,"url":"http:\/\/www.24baires.com\/?p=65327","url_meta":{"origin":65766,"position":0},"title":"Gils Carb\u00f3 implementar\u00e1 el C\u00f3digo Procesal Penal","author":"GB","date":"04\/05\/2015","format":false,"excerpt":"La Procuradora General de la Naci\u00f3n encabezar\u00e1 ma\u00f1ana en el Congreso la audiencia con los integrantes de la Comisi\u00f3n Bicameral de Monitoreo e Implementaci\u00f3n del nuevo C\u00f3digo. La presencia de Gils Carb\u00f3 tendr\u00e1 lugar a partir de las 16 en el Sal\u00f3n Azul de la C\u00e1mara de Senadores. Tambi\u00e9n se\u2026","rel":"","context":"En \u00abPol\u00edtica\u00bb","block_context":{"text":"Pol\u00edtica","link":"http:\/\/www.24baires.com\/?cat=51"},"img":{"alt_text":"gils cabr\u00f3","src":"https:\/\/i0.wp.com\/www.24baires.com\/wp-content\/uploads\/2013\/02\/gils-cabr%C3%B3.jpg?resize=350%2C200","width":350,"height":200,"srcset":"https:\/\/i0.wp.com\/www.24baires.com\/wp-content\/uploads\/2013\/02\/gils-cabr%C3%B3.jpg?resize=350%2C200 1x, https:\/\/i0.wp.com\/www.24baires.com\/wp-content\/uploads\/2013\/02\/gils-cabr%C3%B3.jpg?resize=525%2C300 1.5x"},"classes":[]},{"id":58405,"url":"http:\/\/www.24baires.com\/?p=58405","url_meta":{"origin":65766,"position":1},"title":"Promulgaron el nuevo C\u00f3digo Procesal Penal mediante un decreto","author":"AF","date":"10\/12\/2014","format":false,"excerpt":"El texto reemplaza el sistema inquisitivo por un modelo acusatorio, y establece un plazo m\u00e1ximo de tres a\u00f1os para resolver una causa penal. Su objetivo es lograr procesos m\u00e1s veloces, justos y transparentes. La presidenta Cristina Fern\u00e1ndez de Kirchner promulg\u00f3 el nuevo C\u00f3digo Procesal Penal de la Naci\u00f3n, con el\u2026","rel":"","context":"En \u00abJUDICIALES\u00bb","block_context":{"text":"JUDICIALES","link":"http:\/\/www.24baires.com\/?cat=68"},"img":{"alt_text":"","src":"https:\/\/i0.wp.com\/www.24baires.com\/wp-content\/uploads\/2014\/12\/c%C3%B3digo.jpg?resize=350%2C200","width":350,"height":200,"srcset":"https:\/\/i0.wp.com\/www.24baires.com\/wp-content\/uploads\/2014\/12\/c%C3%B3digo.jpg?resize=350%2C200 1x, https:\/\/i0.wp.com\/www.24baires.com\/wp-content\/uploads\/2014\/12\/c%C3%B3digo.jpg?resize=525%2C300 1.5x"},"classes":[]},{"id":76978,"url":"http:\/\/www.24baires.com\/?p=76978","url_meta":{"origin":65766,"position":2},"title":"Con un DNU, suspenden la aplicaci\u00f3n del nuevo C\u00f3digo Procesal Penal","author":"AF","date":"29\/12\/2015","format":false,"excerpt":"La aplicaci\u00f3n del C\u00f3digo Procesal Penal de la Naci\u00f3n, cuya entrada en vigencia estaba prevista para el 1\u00b0 de marzo pr\u00f3ximo, fue suspendida por decreto de necesidad y urgencia. La suspensi\u00f3n, que implica la modificaci\u00f3n de varios art\u00edculos de la ley 27.063, entrar\u00e1 en vigencia de acuerdo con el \"cronograma\u2026","rel":"","context":"En \u00abPol\u00edtica\u00bb","block_context":{"text":"Pol\u00edtica","link":"http:\/\/www.24baires.com\/?cat=51"},"img":{"alt_text":"","src":"","width":0,"height":0},"classes":[]},{"id":58168,"url":"http:\/\/www.24baires.com\/?p=58168","url_meta":{"origin":65766,"position":3},"title":"Extenso debate del C\u00f3digo Procesal Penal","author":"Grupo Sierra","date":"04\/12\/2014","format":false,"excerpt":"Desde el mediod\u00eda la C\u00e1mara baja debate, con qu\u00f3rum m\u00ednimo y en una sesi\u00f3n especial, el proyecto impulsado por el Ejecutivo. La jornada se extender\u00e1 hasta la madrugada. La C\u00e1mara baja comenz\u00f3 a sesionar pasadas las 12.20 para buscar convertir en ley el proyecto que crea un nuevo C\u00f3digo Procesal\u2026","rel":"","context":"En \u00abLegislativo\u00bb","block_context":{"text":"Legislativo","link":"http:\/\/www.24baires.com\/?cat=75"},"img":{"alt_text":"congreso exterior","src":"https:\/\/i0.wp.com\/www.24baires.com\/wp-content\/uploads\/2013\/10\/congreso-exterior.jpg?resize=350%2C200","width":350,"height":200,"srcset":"https:\/\/i0.wp.com\/www.24baires.com\/wp-content\/uploads\/2013\/10\/congreso-exterior.jpg?resize=350%2C200 1x, https:\/\/i0.wp.com\/www.24baires.com\/wp-content\/uploads\/2013\/10\/congreso-exterior.jpg?resize=525%2C300 1.5x"},"classes":[]},{"id":76934,"url":"http:\/\/www.24baires.com\/?p=76934","url_meta":{"origin":65766,"position":4},"title":"Garavano anunci\u00f3 dos nuevos DNU por el C\u00f3digo Procesal Penal y las escuchas","author":"GB","date":"28\/12\/2015","format":false,"excerpt":"El ministro de Justicia, Germ\u00e1n Garavano, anunci\u00f3 este lunes que en los pr\u00f3ximos d\u00edas el gobierno de Mauricio Macri firmar\u00e1 dos nuevos decretos de necesidad y urgencia (DNU), uno para postergar la implementaci\u00f3n del nuevo C\u00f3digo Procesal Penal y otro por el traspaso del sistema de escuchas telef\u00f3nicas a la\u2026","rel":"","context":"En \u00abPol\u00edtica\u00bb","block_context":{"text":"Pol\u00edtica","link":"http:\/\/www.24baires.com\/?cat=51"},"img":{"alt_text":"","src":"https:\/\/i0.wp.com\/www.24baires.com\/wp-content\/uploads\/2015\/12\/garavano.jpg?resize=350%2C200","width":350,"height":200,"srcset":"https:\/\/i0.wp.com\/www.24baires.com\/wp-content\/uploads\/2015\/12\/garavano.jpg?resize=350%2C200 1x, https:\/\/i0.wp.com\/www.24baires.com\/wp-content\/uploads\/2015\/12\/garavano.jpg?resize=525%2C300 1.5x"},"classes":[]},{"id":101547,"url":"http:\/\/www.24baires.com\/?p=101547","url_meta":{"origin":65766,"position":5},"title":"\u00abNo podemos tener un Estado que mira para otro lado cuando en la Justicia pasan cosas injustas\u00bb","author":"GB","date":"11\/04\/2018","format":false,"excerpt":"La gobernadora Mar\u00eda Eugenia Vidal anunci\u00f3 la reforma judicial. Los cambios se centran en la elecci\u00f3n de jueces y fiscales, el proceso de jury de enjuiciamiento y un nuevo c\u00f3digo procesal penal. Adem\u00e1s present\u00f3 el mapa judicial La gorbernadora Maria Eugenia Vidal present\u00f3 la reforma judicial:\"No podemos tener un estado\u2026","rel":"","context":"En \u00abPol\u00edtica\u00bb","block_context":{"text":"Pol\u00edtica","link":"http:\/\/www.24baires.com\/?cat=51"},"img":{"alt_text":"","src":"https:\/\/i0.wp.com\/www.24baires.com\/wp-content\/uploads\/2018\/01\/vidal-anuncios.jpg?resize=350%2C200","width":350,"height":200,"srcset":"https:\/\/i0.wp.com\/www.24baires.com\/wp-content\/uploads\/2018\/01\/vidal-anuncios.jpg?resize=350%2C200 1x, https:\/\/i0.wp.com\/www.24baires.com\/wp-content\/uploads\/2018\/01\/vidal-anuncios.jpg?resize=525%2C300 1.5x"},"classes":[]}],"jetpack_sharing_enabled":true,"jetpack_likes_enabled":true,"jetpack_featured_media_url":"","_links":{"self":[{"href":"http:\/\/www.24baires.com\/index.php?rest_route=\/wp\/v2\/posts\/65766","targetHints":{"allow":["GET"]}}],"collection":[{"href":"http:\/\/www.24baires.com\/index.php?rest_route=\/wp\/v2\/posts"}],"about":[{"href":"http:\/\/www.24baires.com\/index.php?rest_route=\/wp\/v2\/types\/post"}],"author":[{"embeddable":true,"href":"http:\/\/www.24baires.com\/index.php?rest_route=\/wp\/v2\/users\/4"}],"replies":[{"embeddable":true,"href":"http:\/\/www.24baires.com\/index.php?rest_route=%2Fwp%2Fv2%2Fcomments&post=65766"}],"version-history":[{"count":1,"href":"http:\/\/www.24baires.com\/index.php?rest_route=\/wp\/v2\/posts\/65766\/revisions"}],"predecessor-version":[{"id":65768,"href":"http:\/\/www.24baires.com\/index.php?rest_route=\/wp\/v2\/posts\/65766\/revisions\/65768"}],"wp:attachment":[{"href":"http:\/\/www.24baires.com\/index.php?rest_route=%2Fwp%2Fv2%2Fmedia&parent=65766"}],"wp:term":[{"taxonomy":"category","embeddable":true,"href":"http:\/\/www.24baires.com\/index.php?rest_route=%2Fwp%2Fv2%2Fcategories&post=65766"},{"taxonomy":"post_tag","embeddable":true,"href":"http:\/\/www.24baires.com\/index.php?rest_route=%2Fwp%2Fv2%2Ftags&post=65766"}],"curies":[{"name":"wp","href":"https:\/\/api.w.org\/{rel}","templated":true}]}}