{"id":65741,"date":"2015-05-11T21:00:54","date_gmt":"2015-05-12T00:00:54","guid":{"rendered":"http:\/\/www.24baires.com\/?p=65741"},"modified":"2015-05-11T20:58:39","modified_gmt":"2015-05-11T23:58:39","slug":"abal-medina-inicio-acciones-legales-contra-carrio-por-las-difamaciones","status":"publish","type":"post","link":"http:\/\/www.24baires.com\/?p=65741","title":{"rendered":"Abal Medina inici\u00f3 acciones legales contra Carri\u00f3 por las difamaciones"},"content":{"rendered":"<p><img data-recalc-dims=\"1\" loading=\"lazy\" decoding=\"async\" class=\"aligncenter size-full wp-image-10021\" src=\"https:\/\/i0.wp.com\/www.24baires.com\/wp-content\/uploads\/2012\/12\/abal-medina.jpg?resize=560%2C373\" alt=\"abal medina\" width=\"560\" height=\"373\" srcset=\"https:\/\/i0.wp.com\/www.24baires.com\/wp-content\/uploads\/2012\/12\/abal-medina.jpg?w=560 560w, https:\/\/i0.wp.com\/www.24baires.com\/wp-content\/uploads\/2012\/12\/abal-medina.jpg?resize=300%2C199 300w\" sizes=\"auto, (max-width: 560px) 100vw, 560px\" \/>El senador nacional del Frente para la Victoria anunci\u00f3 que inici\u00f3 acciones legales contra la diputada por la Coalici\u00f3n C\u00edvica y precandidata a presidenta, quien lo acus\u00f3 de estar \u00abpasado de droga en el Parlamento Nacional\u00bb cuando era jefe de Gabinete.<!--more--><\/p>\n<p>Al respecto, el senador inform\u00f3 a trav\u00e9s de un comunicado que \u00aben el d\u00eda de la fecha he dado instrucciones a mis abogados para iniciar dos acciones judiciales referidas a las declaraciones de la se\u00f1ora Elisa Carri\u00f3, en entrevista con el diario La Naci\u00f3n\u00bb.<\/p>\n<p>\u00abPor una parte, mi esposa, como madre de nuestras tres hijas solicitar\u00e1 una medida protectora para evitar el agravamiento del injusto da\u00f1o, que sobre esas menores causan las afirmaciones de la se\u00f1ora Carri\u00f3; y por otra, estoy demand\u00e1ndola por los da\u00f1os y perjuicios perpetrados a mi dignidad en esa entrevista\u00bb, agreg\u00f3.<\/p>\n<p>Se\u00f1al\u00f3 adem\u00e1s que \u00abnada de lo afirmado por la se\u00f1ora Carri\u00f3 es cierto. En la sesi\u00f3n de la C\u00e1mara de Diputados del 4 de julio de 2012 a la que se refiere concurr\u00ed como Jefe de Gabinete, expuse y contest\u00e9 las preguntas de los diputados durante casi cinco horas ininterrumpidas; la diputada Carri\u00f3 no hizo uso de la palabra; y mi visita se cerr\u00f3 con las respuestas al extenso interrogatorio formulado por el diputado Ricardo Gil Lavedra\u00bb.<\/p>\n<p>\u00abF\u00e1cilmente puede corroborarse la falsedad de los dichos de la diputada Carri\u00f3. Con s\u00f3lo ingresar a la p\u00e1gina de la C\u00e1mara de Diputados de la Naci\u00f3n, se pueden consultar la versi\u00f3n taquigr\u00e1fica y el video de la sesi\u00f3n a la que se hace referencia\u00bb, afirm\u00f3.<\/p>\n<p>Por \u00faltimo, dijo que \u00abla de la se\u00f1ora Carri\u00f3 ha sido tambi\u00e9n desmentida en el d\u00eda de la fecha por el Gobernador de la provincia de San Juan, Jos\u00e9 Luis Gioja, a trav\u00e9s de la agencia T\u00e9lam\u00bb.<\/p>\n","protected":false},"excerpt":{"rendered":"<p>El senador nacional del Frente para la Victoria anunci\u00f3 que inici\u00f3 acciones legales contra la diputada por la Coalici\u00f3n C\u00edvica y precandidata a presidenta, quien lo acus\u00f3 de estar \u00abpasado de droga en el Parlamento Nacional\u00bb cuando era jefe de Gabinete.<\/p>\n","protected":false},"author":4,"featured_media":0,"comment_status":"open","ping_status":"open","sticky":false,"template":"","format":"standard","meta":{"_jetpack_newsletter_access":"","_jetpack_dont_email_post_to_subs":false,"_jetpack_newsletter_tier_id":0,"_jetpack_memberships_contains_paywalled_content":false,"_jetpack_memberships_contains_paid_content":false,"footnotes":""},"categories":[68,51],"tags":[],"class_list":["post-65741","post","type-post","status-publish","format-standard","hentry","category-judiciales","category-politica"],"jetpack_shortlink":"https:\/\/wp.me\/p2JWE0-h6l","jetpack-related-posts":[{"id":62347,"url":"http:\/\/www.24baires.com\/?p=62347","url_meta":{"origin":65741,"position":0},"title":"Sanz: \u00abLe\u00ed lo que dijo Carri\u00f3 y no le creo\u00bb","author":"Grupo Sierra","date":"26\/02\/2015","format":false,"excerpt":"El titular de la UCR confirm\u00f3 que asistir\u00e1 el domingo al inicio de las sesiones ordinarias del Congreso y desestim\u00f3 los dichos de Carri\u00f3 sobre un \"autogolpe\". El senador nacional Ernesto Sanz sostuvo hoy que no cree en las expresiones de la diputada Elisa Carri\u00f3 referidas a la supuesta intenci\u00f3n\u2026","rel":"","context":"En \u00abPol\u00edtica\u00bb","block_context":{"text":"Pol\u00edtica","link":"http:\/\/www.24baires.com\/?cat=51"},"img":{"alt_text":"sanz ernesto","src":"https:\/\/i0.wp.com\/www.24baires.com\/wp-content\/uploads\/2013\/04\/sanz-ernesto.jpg?resize=350%2C200","width":350,"height":200,"srcset":"https:\/\/i0.wp.com\/www.24baires.com\/wp-content\/uploads\/2013\/04\/sanz-ernesto.jpg?resize=350%2C200 1x, https:\/\/i0.wp.com\/www.24baires.com\/wp-content\/uploads\/2013\/04\/sanz-ernesto.jpg?resize=525%2C300 1.5x"},"classes":[]},{"id":105772,"url":"http:\/\/www.24baires.com\/?p=105772","url_meta":{"origin":65741,"position":1},"title":"Carri\u00f3 pide que el decreto de Bullrich sobre el uso de armas pase por el Congreso","author":"AF","date":"05\/12\/2018","format":false,"excerpt":"La socia de Macri dice que busca \"darle un marco legal\" a lo firmado por la ministra de Seguridad. Lo hizo a trav\u00e9s de un extenso escrito en sus redes sociales. La diputada nacional y socia de Mauricio Macri en Cambiemos, Elisa Carri\u00f3, propuso este mi\u00e9rcoles analizar la resoluci\u00f3n que\u2026","rel":"","context":"En \u00abPol\u00edtica\u00bb","block_context":{"text":"Pol\u00edtica","link":"http:\/\/www.24baires.com\/?cat=51"},"img":{"alt_text":"","src":"https:\/\/i0.wp.com\/www.24baires.com\/wp-content\/uploads\/2018\/07\/carri%C3%B3.jpg?resize=350%2C200","width":350,"height":200,"srcset":"https:\/\/i0.wp.com\/www.24baires.com\/wp-content\/uploads\/2018\/07\/carri%C3%B3.jpg?resize=350%2C200 1x, https:\/\/i0.wp.com\/www.24baires.com\/wp-content\/uploads\/2018\/07\/carri%C3%B3.jpg?resize=525%2C300 1.5x"},"classes":[]},{"id":111248,"url":"http:\/\/www.24baires.com\/?p=111248","url_meta":{"origin":65741,"position":2},"title":"Vidal sum\u00f3 a Carri\u00f3 a la campa\u00f1a bonaerense","author":"AF","date":"18\/07\/2019","format":false,"excerpt":"La pol\u00e9mica diputada acompa\u00f1\u00f3 a la actual gobernadora en una visita a Pilar. Crece la alarma en el macrismo por una posible derrota. En el oficialismo buscan darle mayor fuerza a la campa\u00f1a de Vidal. Los n\u00fameros de las encuestas no convencen, el raid medi\u00e1tico de la gobernadora no tuvo\u2026","rel":"","context":"En \u00abPol\u00edtica\u00bb","block_context":{"text":"Pol\u00edtica","link":"http:\/\/www.24baires.com\/?cat=51"},"img":{"alt_text":"","src":"https:\/\/i0.wp.com\/www.24baires.com\/wp-content\/uploads\/2019\/07\/carri%C3%B3-vidal.jpg?resize=350%2C200","width":350,"height":200,"srcset":"https:\/\/i0.wp.com\/www.24baires.com\/wp-content\/uploads\/2019\/07\/carri%C3%B3-vidal.jpg?resize=350%2C200 1x, https:\/\/i0.wp.com\/www.24baires.com\/wp-content\/uploads\/2019\/07\/carri%C3%B3-vidal.jpg?resize=525%2C300 1.5x"},"classes":[]},{"id":51638,"url":"http:\/\/www.24baires.com\/?p=51638","url_meta":{"origin":65741,"position":3},"title":"Pino Solanas calific\u00f3 de \u00abgroser\u00eda\u00bb el desplante de Carri\u00f3","author":"AF","date":"12\/08\/2014","format":false,"excerpt":"El senador nacional dijo estar \"sorprendido\" por la actitud de la diputada quien se retir\u00f3 del acto de esa fuerza pol\u00edtica celebrado ayer cuando el cineasta hac\u00eda uso de la palabra para fustigar un posible acuerdo con el PRO. Para Solanas, Carri\u00f3 \"sorprendi\u00f3 a todo el mundo\" con una \"groser\u00eda\"\u2026","rel":"","context":"En \u00abPol\u00edtica\u00bb","block_context":{"text":"Pol\u00edtica","link":"http:\/\/www.24baires.com\/?cat=51"},"img":{"alt_text":"pino solanas","src":"https:\/\/i0.wp.com\/www.24baires.com\/wp-content\/uploads\/2014\/05\/pino-solanas.jpg?resize=350%2C200","width":350,"height":200,"srcset":"https:\/\/i0.wp.com\/www.24baires.com\/wp-content\/uploads\/2014\/05\/pino-solanas.jpg?resize=350%2C200 1x, https:\/\/i0.wp.com\/www.24baires.com\/wp-content\/uploads\/2014\/05\/pino-solanas.jpg?resize=525%2C300 1.5x"},"classes":[]},{"id":29281,"url":"http:\/\/www.24baires.com\/?p=29281","url_meta":{"origin":65741,"position":4},"title":"Solanas dice que el electorado \u00abse siente equivocadamente defraudado\u00bb por aliarse con Carri\u00f3","author":"AF","date":"31\/07\/2013","format":false,"excerpt":"Pese a la autocr\u00edtica, a pocos d\u00edas de las PASO, Pino sostuvo que esa parte del electorado \"se siente equivocadamente defraudada\". Sin embargo dijo: \"Elisa Carri\u00f3 tiene mucho que ver conmigo\". El precandidato a senador nacional por la Coalici\u00f3n Sur del frente Unen Fernando \"Pino\" Solanas reconoci\u00f3 que \"una parte\u2026","rel":"","context":"En \u00abPol\u00edtica\u00bb","block_context":{"text":"Pol\u00edtica","link":"http:\/\/www.24baires.com\/?cat=51"},"img":{"alt_text":"","src":"","width":0,"height":0},"classes":[]},{"id":93884,"url":"http:\/\/www.24baires.com\/?p=93884","url_meta":{"origin":65741,"position":5},"title":"Lorenzetti iniciar\u00e1 juicio contra Carri\u00f3 por \u00abda\u00f1os\u00bb","author":"AF","date":"18\/04\/2017","format":false,"excerpt":"El presidente de la Corte Suprema de Justicia Ricardo Lorenzetti le envi\u00f3 una nueva carta documento a la diputada Elisa Carri\u00f3 en la que le notific\u00f3 que le iniciar\u00e1 juicio de \"responsabilidad civil por da\u00f1os\". El presidente de la Corte Suprema de Justicia Ricardo Lorenzetti le envi\u00f3 una nueva carta\u2026","rel":"","context":"En \u00abPol\u00edtica\u00bb","block_context":{"text":"Pol\u00edtica","link":"http:\/\/www.24baires.com\/?cat=51"},"img":{"alt_text":"","src":"https:\/\/i0.wp.com\/www.24baires.com\/wp-content\/uploads\/2014\/04\/carri%C3%B3.jpg?resize=350%2C200","width":350,"height":200,"srcset":"https:\/\/i0.wp.com\/www.24baires.com\/wp-content\/uploads\/2014\/04\/carri%C3%B3.jpg?resize=350%2C200 1x, https:\/\/i0.wp.com\/www.24baires.com\/wp-content\/uploads\/2014\/04\/carri%C3%B3.jpg?resize=525%2C300 1.5x"},"classes":[]}],"jetpack_sharing_enabled":true,"jetpack_likes_enabled":true,"jetpack_featured_media_url":"","_links":{"self":[{"href":"http:\/\/www.24baires.com\/index.php?rest_route=\/wp\/v2\/posts\/65741","targetHints":{"allow":["GET"]}}],"collection":[{"href":"http:\/\/www.24baires.com\/index.php?rest_route=\/wp\/v2\/posts"}],"about":[{"href":"http:\/\/www.24baires.com\/index.php?rest_route=\/wp\/v2\/types\/post"}],"author":[{"embeddable":true,"href":"http:\/\/www.24baires.com\/index.php?rest_route=\/wp\/v2\/users\/4"}],"replies":[{"embeddable":true,"href":"http:\/\/www.24baires.com\/index.php?rest_route=%2Fwp%2Fv2%2Fcomments&post=65741"}],"version-history":[{"count":1,"href":"http:\/\/www.24baires.com\/index.php?rest_route=\/wp\/v2\/posts\/65741\/revisions"}],"predecessor-version":[{"id":65742,"href":"http:\/\/www.24baires.com\/index.php?rest_route=\/wp\/v2\/posts\/65741\/revisions\/65742"}],"wp:attachment":[{"href":"http:\/\/www.24baires.com\/index.php?rest_route=%2Fwp%2Fv2%2Fmedia&parent=65741"}],"wp:term":[{"taxonomy":"category","embeddable":true,"href":"http:\/\/www.24baires.com\/index.php?rest_route=%2Fwp%2Fv2%2Fcategories&post=65741"},{"taxonomy":"post_tag","embeddable":true,"href":"http:\/\/www.24baires.com\/index.php?rest_route=%2Fwp%2Fv2%2Ftags&post=65741"}],"curies":[{"name":"wp","href":"https:\/\/api.w.org\/{rel}","templated":true}]}}