{"id":65644,"date":"2015-05-09T21:30:20","date_gmt":"2015-05-10T00:30:20","guid":{"rendered":"http:\/\/www.24baires.com\/?p=65644"},"modified":"2015-05-09T20:21:01","modified_gmt":"2015-05-09T23:21:01","slug":"cristina-destaco-los-logros-en-salud-de-los-ultimos-12-anos","status":"publish","type":"post","link":"http:\/\/www.24baires.com\/?p=65644","title":{"rendered":"Cristina destac\u00f3 \u00ablos logros en salud de los \u00faltimos 12 a\u00f1os\u00bb"},"content":{"rendered":"<p><img data-recalc-dims=\"1\" loading=\"lazy\" decoding=\"async\" class=\"aligncenter size-full wp-image-63421\" src=\"https:\/\/i0.wp.com\/www.24baires.com\/wp-content\/uploads\/2015\/03\/cristina4.jpg?resize=560%2C373\" alt=\"cristina4\" width=\"560\" height=\"373\" srcset=\"https:\/\/i0.wp.com\/www.24baires.com\/wp-content\/uploads\/2015\/03\/cristina4.jpg?w=560 560w, https:\/\/i0.wp.com\/www.24baires.com\/wp-content\/uploads\/2015\/03\/cristina4.jpg?resize=300%2C200 300w\" sizes=\"auto, (max-width: 560px) 100vw, 560px\" \/>La presidenta Cristina Fern\u00e1ndez de Kirchner se refiri\u00f3 a los alcances del Programa Sumar, las vacunas, programas contra la enfermedad de Chagas, la Salud Materno Infantil, el Plan Estrat\u00e9gico 2011-2016 del Programa Nacional de Chagas.<!--more--><\/p>\n<p>A trav\u00e9s de su p\u00e1gina web, la Jefa de Estado se\u00f1al\u00f3 que en materia de Salud, entre 2003 y 2014 el Estado Nacional invirti\u00f3:<\/p>\n<p>&#8211; En equipamiento para todo el pa\u00eds: $647.051.900<\/p>\n<p>&#8211; En infraestructura para todo el pa\u00eds (obras nuevas, remodelaciones, ampliaciones y refuncionalizaciones): $3.533.984.497<\/p>\n<p>Ademas, Cristina dijo que se sancionaron casi 100 leyes sancionadas en materia de salud.<\/p>\n<p>En 2013 se registraron las menores tasas de mortalidad infantil y materna de la historia, llegando a 10,8 por cada mil nacidos vivos y 3,2 por cada 10.000 mujeres en edad f\u00e9rtil.<\/p>\n<p>Respecto de la atenci\u00f3n de cardiopat\u00edas cong\u00e9nitas, desde 2010, se operaron m\u00e1s de 7300 ni\u00f1os y adolescentes hasta 19 a\u00f1os y ya no hay chicos en lista de espera para estas cirug\u00edas. Se pas\u00f3 de 10 a 17 establecimientos (entre 2003 y 2014).<\/p>\n<p>El Calendario Nacional de Vacunaci\u00f3n de Argentina cuenta con 19 vacunas gratuitas y obligatorias, siendo de los m\u00e1s completos del mundo. El Estado realiza una inversi\u00f3n de U$S 82.807.500 por a\u00f1o.<\/p>\n<p>&nbsp;<\/p>\n<p>&nbsp;<\/p>\n<p>&nbsp;<\/p>\n<p>&nbsp;<\/p>\n<p>&nbsp;<\/p>\n<p>&nbsp;<\/p>\n<p>&nbsp;<\/p>\n<p>&nbsp;<\/p>\n<p>&nbsp;<\/p>\n<p>&nbsp;<\/p>\n<p>&nbsp;<\/p>\n<p>&nbsp;<\/p>\n<p>&nbsp;<\/p>\n<p>&nbsp;<\/p>\n","protected":false},"excerpt":{"rendered":"<p>La presidenta Cristina Fern\u00e1ndez de Kirchner se refiri\u00f3 a los alcances del Programa Sumar, las vacunas, programas contra la enfermedad de Chagas, la Salud Materno Infantil, el Plan Estrat\u00e9gico 2011-2016 del Programa Nacional de Chagas.<\/p>\n","protected":false},"author":8,"featured_media":0,"comment_status":"open","ping_status":"open","sticky":false,"template":"","format":"standard","meta":{"_jetpack_newsletter_access":"","_jetpack_dont_email_post_to_subs":false,"_jetpack_newsletter_tier_id":0,"_jetpack_memberships_contains_paywalled_content":false,"_jetpack_memberships_contains_paid_content":false,"footnotes":""},"categories":[51],"tags":[],"class_list":["post-65644","post","type-post","status-publish","format-standard","hentry","category-politica"],"jetpack_shortlink":"https:\/\/wp.me\/p2JWE0-h4M","jetpack-related-posts":[{"id":65435,"url":"http:\/\/www.24baires.com\/?p=65435","url_meta":{"origin":65644,"position":0},"title":"El \u00edndice de mortalidad materno infantil del pa\u00eds es el m\u00e1s bajo de la regi\u00f3n","author":"AF","date":"06\/05\/2015","format":false,"excerpt":"As\u00ed lo indica un estudio realizado por la organizaci\u00f3n Save the Children, que abarc\u00f3 179 pa\u00edses. Argentina tambi\u00e9n es el mejor posicionado respecto de la cantidad de a\u00f1os de educaci\u00f3n formal, ingreso per c\u00e1pita y participaci\u00f3n de las mujeres en el gobierno nacional. Argentina es el pa\u00eds mejor posicionado de\u2026","rel":"","context":"En \u00abSociedad\u00bb","block_context":{"text":"Sociedad","link":"http:\/\/www.24baires.com\/?cat=1"},"img":{"alt_text":"beb\u00e9 nacido mano","src":"https:\/\/i0.wp.com\/www.24baires.com\/wp-content\/uploads\/2014\/04\/beb%C3%A9-nacido-mano.jpg?resize=350%2C200","width":350,"height":200,"srcset":"https:\/\/i0.wp.com\/www.24baires.com\/wp-content\/uploads\/2014\/04\/beb%C3%A9-nacido-mano.jpg?resize=350%2C200 1x, https:\/\/i0.wp.com\/www.24baires.com\/wp-content\/uploads\/2014\/04\/beb%C3%A9-nacido-mano.jpg?resize=525%2C300 1.5x"},"classes":[]},{"id":41932,"url":"http:\/\/www.24baires.com\/?p=41932","url_meta":{"origin":65644,"position":1},"title":"Logran una reducci\u00f3n r\u00e9cord de la mortalidad infantil en la Provincia","author":"Grupo Sierra","date":"11\/03\/2014","format":false,"excerpt":"Por cuarto a\u00f1o consecutivo, la Provincia de Buenos Aires baj\u00f3 el n\u00famero de la mortalidad infantil (MI), es decir, de las muertes anuales de los beb\u00e9s menores de un a\u00f1o. Los \u00faltimos datos difundidos hoy por el ministerio de Salud provincial, corresponden a 2013 y marcan una tasa de MI\u2026","rel":"","context":"En \u00abProvincia\u00bb","block_context":{"text":"Provincia","link":"http:\/\/www.24baires.com\/?cat=40"},"img":{"alt_text":"","src":"","width":0,"height":0},"classes":[]},{"id":108496,"url":"http:\/\/www.24baires.com\/?p=108496","url_meta":{"origin":65644,"position":2},"title":"El Gobierno Bonaerense anunci\u00f3 que baj\u00f3 el \u00edndice de mortalidad infantil","author":"AF","date":"30\/05\/2019","format":false,"excerpt":"La gobernadora Mar\u00eda Eugenia Vidal anunci\u00f3 hoy que la mortalidad infantil baj\u00f3 0.6 puntos y que con un \u00edndice de 8.9 consolida la tasa m\u00e1s baja de historia de la provincia de Buenos Aires, lo que consider\u00f3 uno de los mayores logros de su gesti\u00f3n. \"Podemos mostrar resultados concretos y\u2026","rel":"","context":"En \u00abSociedad\u00bb","block_context":{"text":"Sociedad","link":"http:\/\/www.24baires.com\/?cat=1"},"img":{"alt_text":"","src":"https:\/\/i0.wp.com\/www.24baires.com\/wp-content\/uploads\/2019\/03\/vidal.jpg?resize=350%2C200","width":350,"height":200,"srcset":"https:\/\/i0.wp.com\/www.24baires.com\/wp-content\/uploads\/2019\/03\/vidal.jpg?resize=350%2C200 1x, https:\/\/i0.wp.com\/www.24baires.com\/wp-content\/uploads\/2019\/03\/vidal.jpg?resize=525%2C300 1.5x"},"classes":[]},{"id":32985,"url":"http:\/\/www.24baires.com\/?p=32985","url_meta":{"origin":65644,"position":3},"title":"\u00abVamos por otra d\u00e9cada m\u00e1s de desarrollo\u00bb sentenci\u00f3 Cristina","author":"AF","date":"04\/10\/2013","format":false,"excerpt":"LA MATANZA-\u00a0La Presidenta inaugur\u00f3 el hospital materno-infantil \"Alberto Balestrini\", en ciudad Evita. Se trata de un centro modelo que cubrir\u00e1 un \u00e1rea de 18.500 metros cuadrados. \"Vamos por otra d\u00e9cada m\u00e1s de desarrollo\", afirm\u00f3. \"Vamos a ir por otra d\u00e9cada m\u00e1s de desarrollo para consolidar el crecimiento y profundizar los\u2026","rel":"","context":"En \u00abSociedad\u00bb","block_context":{"text":"Sociedad","link":"http:\/\/www.24baires.com\/?cat=1"},"img":{"alt_text":"","src":"https:\/\/i0.wp.com\/www.24baires.com\/wp-content\/uploads\/2013\/10\/cristina-la-matanza.jpg?resize=350%2C200","width":350,"height":200},"classes":[]},{"id":52549,"url":"http:\/\/www.24baires.com\/?p=52549","url_meta":{"origin":65644,"position":4},"title":"Hurlingham: lanzan acciones para frenar la suba en la tasa de mortalidad infantil","author":"AF","date":"27\/08\/2014","format":false,"excerpt":"El concejal del FpV, Juan Zabaleta puso en relieve que \"estamos en un distrito que no tiene atenci\u00f3n primaria desde el Municipio\". El concejal del Frente para la Victoria Juan Zabaleta present\u00f3 junto al viceministro de Salud de la Naci\u00f3n, Daniel Gollan y el ministro bonaerense, Alejandro Collia, un plan\u2026","rel":"","context":"En \u00abLocales\u00bb","block_context":{"text":"Locales","link":"http:\/\/www.24baires.com\/?cat=38"},"img":{"alt_text":"juan zabaleta hurlingham","src":"https:\/\/i0.wp.com\/www.24baires.com\/wp-content\/uploads\/2014\/08\/juan-zabaleta-hurlingham.jpg?resize=350%2C200","width":350,"height":200},"classes":[]},{"id":45268,"url":"http:\/\/www.24baires.com\/?p=45268","url_meta":{"origin":65644,"position":5},"title":"Argentina redujo un 75 por ciento la mortalidad infantil","author":"GB","date":"04\/05\/2014","format":false,"excerpt":"Argentina redujo sensiblemente los \u00edndices de mortalidad infantil en las \u00faltimas d\u00e9cadas debido a la \"atenci\u00f3n del parto en maternidades seguras y el cuidado neonatal\", adem\u00e1s de la mejora en indicadores sociales, afirm\u00f3 Pablo Yedlin, ministro de Salud de Tucum\u00e1n. Desde 1970 hasta la actualidad, la mortalidad infantil en el\u2026","rel":"","context":"En \u00abSociedad\u00bb","block_context":{"text":"Sociedad","link":"http:\/\/www.24baires.com\/?cat=1"},"img":{"alt_text":"beb\u00e9 nacido mano","src":"https:\/\/i0.wp.com\/www.24baires.com\/wp-content\/uploads\/2014\/04\/beb%C3%A9-nacido-mano.jpg?resize=350%2C200","width":350,"height":200,"srcset":"https:\/\/i0.wp.com\/www.24baires.com\/wp-content\/uploads\/2014\/04\/beb%C3%A9-nacido-mano.jpg?resize=350%2C200 1x, https:\/\/i0.wp.com\/www.24baires.com\/wp-content\/uploads\/2014\/04\/beb%C3%A9-nacido-mano.jpg?resize=525%2C300 1.5x"},"classes":[]}],"jetpack_sharing_enabled":true,"jetpack_likes_enabled":true,"jetpack_featured_media_url":"","_links":{"self":[{"href":"http:\/\/www.24baires.com\/index.php?rest_route=\/wp\/v2\/posts\/65644","targetHints":{"allow":["GET"]}}],"collection":[{"href":"http:\/\/www.24baires.com\/index.php?rest_route=\/wp\/v2\/posts"}],"about":[{"href":"http:\/\/www.24baires.com\/index.php?rest_route=\/wp\/v2\/types\/post"}],"author":[{"embeddable":true,"href":"http:\/\/www.24baires.com\/index.php?rest_route=\/wp\/v2\/users\/8"}],"replies":[{"embeddable":true,"href":"http:\/\/www.24baires.com\/index.php?rest_route=%2Fwp%2Fv2%2Fcomments&post=65644"}],"version-history":[{"count":1,"href":"http:\/\/www.24baires.com\/index.php?rest_route=\/wp\/v2\/posts\/65644\/revisions"}],"predecessor-version":[{"id":65645,"href":"http:\/\/www.24baires.com\/index.php?rest_route=\/wp\/v2\/posts\/65644\/revisions\/65645"}],"wp:attachment":[{"href":"http:\/\/www.24baires.com\/index.php?rest_route=%2Fwp%2Fv2%2Fmedia&parent=65644"}],"wp:term":[{"taxonomy":"category","embeddable":true,"href":"http:\/\/www.24baires.com\/index.php?rest_route=%2Fwp%2Fv2%2Fcategories&post=65644"},{"taxonomy":"post_tag","embeddable":true,"href":"http:\/\/www.24baires.com\/index.php?rest_route=%2Fwp%2Fv2%2Ftags&post=65644"}],"curies":[{"name":"wp","href":"https:\/\/api.w.org\/{rel}","templated":true}]}}