{"id":65630,"date":"2015-05-09T15:00:50","date_gmt":"2015-05-09T18:00:50","guid":{"rendered":"http:\/\/www.24baires.com\/?p=65630"},"modified":"2015-05-09T14:22:41","modified_gmt":"2015-05-09T17:22:41","slug":"roque-cariglino-se-suma-a-los-que-abandonan-el-frente-renovador","status":"publish","type":"post","link":"http:\/\/www.24baires.com\/?p=65630","title":{"rendered":"Roque Cariglino se suma a los que abandonan el Frente Renovador"},"content":{"rendered":"<p><img data-recalc-dims=\"1\" loading=\"lazy\" decoding=\"async\" class=\"aligncenter size-full wp-image-65631\" src=\"https:\/\/i0.wp.com\/www.24baires.com\/wp-content\/uploads\/2015\/05\/roque-cariglino.jpg?resize=560%2C343\" alt=\"roque cariglino\" width=\"560\" height=\"343\" srcset=\"https:\/\/i0.wp.com\/www.24baires.com\/wp-content\/uploads\/2015\/05\/roque-cariglino.jpg?w=560 560w, https:\/\/i0.wp.com\/www.24baires.com\/wp-content\/uploads\/2015\/05\/roque-cariglino.jpg?resize=300%2C184 300w\" sizes=\"auto, (max-width: 560px) 100vw, 560px\" \/>El hermano de Jes\u00fas Cariglino y senador bonaerense tambi\u00e9n pega el portazo, siguiendo la decisi\u00f3n del primero. El bloque de Sergio Massa ten\u00eda 20 miembros hasta diciembre del a\u00f1o pasado y ahora qued\u00f3 con 16, sin mayor\u00eda, superado nuevamente por el Frente para la Victoria. Como con Jes\u00fas, el massismo sali\u00f3 a anunciar que Roque hab\u00eda sido echado, pero la decisi\u00f3n fue tomada por el propio legislador.<!--more--><\/p>\n<p>Luego que Jes\u00fas Cariglino abandonara el espacio, su hermano, el senador Roque Cariglino, abandona tambi\u00e9n la bancada en la C\u00e1mara Alta y deja a ese bloque con apenas 16 integrantes cuando -hasta fines del a\u00f1o pasado- contaba con 20 miembros y era la primera minor\u00eda, el mayor capital del massismo dentro de la Legislatura.<\/p>\n<p>El Senado provincial, que era el mayor reducto del Frente Renovador en el \u00e1mbito parlamentario, muestra un nuevo cuadro de relaciones.<\/p>\n<p>El Frente para la Victoria oficialmente tiene 19 hombres y mujeres en total, pero sumando a Alfonso Coll Areco y Baldomero \u00c1lvarez de Olivera llegar\u00eda a 21, mientras que los aliados M\u00f3nica Macha (Nuevo Encuentro) y Mario Ishii (PJ-N\u00e9stor Kirchner) llevar\u00edan la cuenta a 23, al menos tomando a este conjunto como un interbloque. Potencialmente, el grueso del oficialismo vuelve a estar cerca del qu\u00f3rum propio.<\/p>\n<p>La tira massista acumula una nueva p\u00e9rdida, que, como hicieron con Jes\u00fas, tratan de minimizar y amortiguar. As\u00ed como la fuerza lanz\u00f3 un comunicado donde anunciaban en el t\u00edtulo que Jes\u00fas hab\u00eda sido te\u00f3ricamente expulsado, a pesar que el contenido del texto no fuera tan contundente, ahora el jefe de esa tira en el cuerpo, Jorge DOnofrio, sigue la misma estrategia, indudablemente a pedido de Sergio Massa.<\/p>\n<p>\u00abEl Frente Renovador ha decidido por unanimidad separar de este espacio al senador Roque Cariglino\u00bb, manifest\u00f3 el legislador provincial y justific\u00f3 esa decisi\u00f3n ante la \u00abambig\u00fcedad y la falta de compromiso para con el bloque\u00bb. DOnofrio asegur\u00f3, por el contrario, que \u00abno hay lugar para especuladores ni para dirigentes que no est\u00e1n enfocados 100 por ciento en mejorarle la vida a la gente\u00bb.<\/p>\n<p>Y reafirm\u00f3: \u00abCon Sergio Massa a la cabeza, el Frente Renovador mira hacia el futuro con ganas e ilusiones. Las pol\u00edticas erradas que nos recuerdan al pasado se las dejamos a otros partidos\u00bb.<\/p>\n<p>Pero la realidad marca que el bloque opositor viene, en los tres \u00faltimos meses, de mal en peor. No incorpor\u00f3 a ning\u00fan otro senador, pero adem\u00e1s perdi\u00f3 a cuatro de sus figuras.<\/p>\n<p>El primero fue Roberto Costa, senador de la Primera Secci\u00f3n Electoral y cercano a Gustavo Posse, el Intendente de San Isidro. Costa sigui\u00f3 los pasos de su jefe pol\u00edtico y sali\u00f3 de ese colectivo para pasar a conformar una bancada aparte, en conjunto con Nidia Moirano, con la posibilidad de acercarse a Mauricio Macri y el PRO.<\/p>\n<p>M\u00e1s tarde, por diferencias con Joaqu\u00edn De La Torre, fue el turno de Alfonso Coll Areco y luego de Baldomero \u00c1lvarez de Olivera. Ambos trabajar\u00e1n para Daniel Scioli este a\u00f1o. Y ahora hay que agregar a Roque Cariglino.<\/p>\n<p>&nbsp;<\/p>\n<p>&nbsp;<\/p>\n<p>&nbsp;<\/p>\n<p>&nbsp;<\/p>\n<p>&nbsp;<\/p>\n<p>&nbsp;<\/p>\n<p>&nbsp;<\/p>\n<p>&nbsp;<\/p>\n<p>&nbsp;<\/p>\n<p>&nbsp;<\/p>\n<p>&nbsp;<\/p>\n<p>&nbsp;<\/p>\n<p>&nbsp;<\/p>\n<p>&nbsp;<\/p>\n<p>&nbsp;<\/p>\n","protected":false},"excerpt":{"rendered":"<p>El hermano de Jes\u00fas Cariglino y senador bonaerense tambi\u00e9n pega el portazo, siguiendo la decisi\u00f3n del primero. El bloque de Sergio Massa ten\u00eda 20 miembros hasta diciembre del a\u00f1o pasado y ahora qued\u00f3 con 16, sin mayor\u00eda, superado nuevamente por el Frente para la Victoria. Como con Jes\u00fas, el massismo sali\u00f3 a anunciar que Roque hab\u00eda sido echado, pero la [&#8230;]<\/p>\n","protected":false},"author":8,"featured_media":0,"comment_status":"open","ping_status":"open","sticky":false,"template":"","format":"standard","meta":{"_jetpack_newsletter_access":"","_jetpack_dont_email_post_to_subs":false,"_jetpack_newsletter_tier_id":0,"_jetpack_memberships_contains_paywalled_content":false,"_jetpack_memberships_contains_paid_content":false,"footnotes":""},"categories":[51],"tags":[],"class_list":["post-65630","post","type-post","status-publish","format-standard","hentry","category-politica"],"jetpack_shortlink":"https:\/\/wp.me\/p2JWE0-h4y","jetpack-related-posts":[{"id":75526,"url":"http:\/\/www.24baires.com\/?p=75526","url_meta":{"origin":65630,"position":0},"title":"Dos senadores se unieron y conformaron el bloque Justicialismo Bonaerense","author":"AF","date":"24\/11\/2015","format":false,"excerpt":"Los senadores Alfonso Coll Areco y Roque Cariglino, que hasta el momento ten\u00edan bloques unipersonales, se juntaron para conformar uno nuevo: Justicialismo Bonaerense. Ambos legisladores formaron parte del Frente Renovador pero luego se fueron y quedaron con bloque propio. Coll Areco compiti\u00f3 en la interna por la intendencia de San\u2026","rel":"","context":"En \u00abProvincia\u00bb","block_context":{"text":"Provincia","link":"http:\/\/www.24baires.com\/?cat=40"},"img":{"alt_text":"","src":"","width":0,"height":0},"classes":[]},{"id":80845,"url":"http:\/\/www.24baires.com\/?p=80845","url_meta":{"origin":65630,"position":1},"title":"Nueva denuncia contra Cariglino en Malvinas Argentinas","author":"GB","date":"31\/03\/2016","format":false,"excerpt":"Bajo el amparo de gobernar el municipio de Malvinas Argentinas por m\u00e1s de 20 a\u00f1os, ahora sale a la luz que compraban tierras a bajo precio para luego construir condominios de alta gama y venderlos a elevados precios. La maniobra salpica de manera directa a Jes\u00fas Cariglino, ex Intendente; su\u2026","rel":"","context":"En \u00abMunicipios\u00bb","block_context":{"text":"Municipios","link":"http:\/\/www.24baires.com\/?cat=44"},"img":{"alt_text":"cariglino","src":"https:\/\/i0.wp.com\/www.24baires.com\/wp-content\/uploads\/2014\/04\/cariglino-300x199.jpg?resize=350%2C200","width":350,"height":200},"classes":[]},{"id":97315,"url":"http:\/\/www.24baires.com\/?p=97315","url_meta":{"origin":65630,"position":2},"title":"Indagar\u00e1n a Cariglino por la presunta compra irregular de terrenos con fines inmobiliarios","author":"GB","date":"09\/09\/2017","format":false,"excerpt":"El ex intendente de Malvinas Argentinas, un hermano suyo y un sobrino fueron acusados por la actual intendencia de Malvinas Argentinas por tratar de beneficarse con el cambio en el c\u00f3digo de zonificaci\u00f3n. El ex intendente de Malvinas Argentinas Jes\u00fas Cariglino deber\u00e1 presentarse a declarar el 20 de septiembre pr\u00f3ximo\u2026","rel":"","context":"En \u00abPol\u00edtica\u00bb","block_context":{"text":"Pol\u00edtica","link":"http:\/\/www.24baires.com\/?cat=51"},"img":{"alt_text":"","src":"https:\/\/i0.wp.com\/www.24baires.com\/wp-content\/uploads\/2014\/04\/cariglino-300x199.jpg?resize=350%2C200","width":350,"height":200},"classes":[]},{"id":66944,"url":"http:\/\/www.24baires.com\/?p=66944","url_meta":{"origin":65630,"position":3},"title":"\u00abMe siento representado por este proyecto\u201d, dijo Eseverri tras su vuelta al FpV","author":"GB","date":"02\/06\/2015","format":false,"excerpt":"El intendente del partido bonaerense de Olavarr\u00eda, Jos\u00e9 Eseverri, se sum\u00f3 hoy a la larga lista de dirigentes del Frente Renovador que regresan a las filas del Frente para la Victoria, durante una reuni\u00f3n en Casa Rosada en la que oficializ\u00f3 el acuerdo con el secretario general de la Presidencia,\u2026","rel":"","context":"En \u00abElecciones 2015\u00bb","block_context":{"text":"Elecciones 2015","link":"http:\/\/www.24baires.com\/?cat=74"},"img":{"alt_text":"","src":"https:\/\/i0.wp.com\/www.24baires.com\/wp-content\/uploads\/2015\/06\/eseverri-fpv.jpg?resize=350%2C200","width":350,"height":200},"classes":[]},{"id":93332,"url":"http:\/\/www.24baires.com\/?p=93332","url_meta":{"origin":65630,"position":4},"title":"Tras las elecciones, la legislatura bonaerense renovar\u00e1 69 bancas","author":"AF","date":"25\/03\/2017","format":false,"excerpt":"La provincia se divide en ocho secciones electorales: cuatro de ellas renuevan senadores (primera, cuarta, quinta y s\u00e9ptima) y en las restante cuatro se eligen diputados (segunda, tercera, sexta y octava). La legislatura de la provincia de Buenos Aires deber\u00e1 renovar 46 de sus 92 diputados y 23 de sus\u2026","rel":"","context":"En \u00abPol\u00edtica\u00bb","block_context":{"text":"Pol\u00edtica","link":"http:\/\/www.24baires.com\/?cat=51"},"img":{"alt_text":"","src":"https:\/\/i0.wp.com\/www.24baires.com\/wp-content\/uploads\/2016\/10\/legislatura-bonaerense.jpg?resize=350%2C200","width":350,"height":200,"srcset":"https:\/\/i0.wp.com\/www.24baires.com\/wp-content\/uploads\/2016\/10\/legislatura-bonaerense.jpg?resize=350%2C200 1x, https:\/\/i0.wp.com\/www.24baires.com\/wp-content\/uploads\/2016\/10\/legislatura-bonaerense.jpg?resize=525%2C300 1.5x"},"classes":[]},{"id":71325,"url":"http:\/\/www.24baires.com\/?p=71325","url_meta":{"origin":65630,"position":5},"title":"Malvinas Argentinas: Denuncian que Cariglino \u00abpromete becas por votos\u00bb","author":"GB","date":"28\/08\/2015","format":false,"excerpt":"Vecinos de Malvinas Argentinas denunciaron que el Intendente, quien en octubre buscar\u00e1 su reelecci\u00f3n representando a UNA, condiciona la entrega de becas municipales a cambio de que los vecinos voten por la lista oficialista. Un informe de Infonews asegura que el Jefe Comunal massista ofrece becas de 4.000 pesos por\u2026","rel":"","context":"En \u00abLocales\u00bb","block_context":{"text":"Locales","link":"http:\/\/www.24baires.com\/?cat=38"},"img":{"alt_text":"cariglino","src":"https:\/\/i0.wp.com\/www.24baires.com\/wp-content\/uploads\/2014\/04\/cariglino.jpg?resize=350%2C200","width":350,"height":200,"srcset":"https:\/\/i0.wp.com\/www.24baires.com\/wp-content\/uploads\/2014\/04\/cariglino.jpg?resize=350%2C200 1x, https:\/\/i0.wp.com\/www.24baires.com\/wp-content\/uploads\/2014\/04\/cariglino.jpg?resize=525%2C300 1.5x"},"classes":[]}],"jetpack_sharing_enabled":true,"jetpack_likes_enabled":true,"jetpack_featured_media_url":"","_links":{"self":[{"href":"http:\/\/www.24baires.com\/index.php?rest_route=\/wp\/v2\/posts\/65630","targetHints":{"allow":["GET"]}}],"collection":[{"href":"http:\/\/www.24baires.com\/index.php?rest_route=\/wp\/v2\/posts"}],"about":[{"href":"http:\/\/www.24baires.com\/index.php?rest_route=\/wp\/v2\/types\/post"}],"author":[{"embeddable":true,"href":"http:\/\/www.24baires.com\/index.php?rest_route=\/wp\/v2\/users\/8"}],"replies":[{"embeddable":true,"href":"http:\/\/www.24baires.com\/index.php?rest_route=%2Fwp%2Fv2%2Fcomments&post=65630"}],"version-history":[{"count":1,"href":"http:\/\/www.24baires.com\/index.php?rest_route=\/wp\/v2\/posts\/65630\/revisions"}],"predecessor-version":[{"id":65632,"href":"http:\/\/www.24baires.com\/index.php?rest_route=\/wp\/v2\/posts\/65630\/revisions\/65632"}],"wp:attachment":[{"href":"http:\/\/www.24baires.com\/index.php?rest_route=%2Fwp%2Fv2%2Fmedia&parent=65630"}],"wp:term":[{"taxonomy":"category","embeddable":true,"href":"http:\/\/www.24baires.com\/index.php?rest_route=%2Fwp%2Fv2%2Fcategories&post=65630"},{"taxonomy":"post_tag","embeddable":true,"href":"http:\/\/www.24baires.com\/index.php?rest_route=%2Fwp%2Fv2%2Ftags&post=65630"}],"curies":[{"name":"wp","href":"https:\/\/api.w.org\/{rel}","templated":true}]}}