{"id":65609,"date":"2015-05-08T21:45:39","date_gmt":"2015-05-09T00:45:39","guid":{"rendered":"http:\/\/www.24baires.com\/?p=65609"},"modified":"2015-05-08T20:30:48","modified_gmt":"2015-05-08T23:30:48","slug":"pichetto-considero-que-fayt-no-tiene-la-lucidez-necesaria-para-ocupar-su-cargo","status":"publish","type":"post","link":"http:\/\/www.24baires.com\/?p=65609","title":{"rendered":"Pichetto consider\u00f3 que Fayt no tiene la lucidez necesaria para ocupar su cargo"},"content":{"rendered":"<p><img data-recalc-dims=\"1\" loading=\"lazy\" decoding=\"async\" class=\"aligncenter size-full wp-image-65610\" src=\"https:\/\/i0.wp.com\/www.24baires.com\/wp-content\/uploads\/2015\/05\/pichetto.jpg?resize=560%2C262\" alt=\"pichetto\" width=\"560\" height=\"262\" srcset=\"https:\/\/i0.wp.com\/www.24baires.com\/wp-content\/uploads\/2015\/05\/pichetto.jpg?w=560 560w, https:\/\/i0.wp.com\/www.24baires.com\/wp-content\/uploads\/2015\/05\/pichetto.jpg?resize=300%2C140 300w\" sizes=\"auto, (max-width: 560px) 100vw, 560px\" \/>\u00abYo no s\u00e9 si a esa edad uno est\u00e1 con toda la lucidez necesaria para afrontar una tarea de la importancia y de la responsabilidad que significa ser juez de la Corte\u201d, dijo el senador candidato a gobernador de R\u00edo Negro.<!--more--><\/p>\n<p>El senador nacional y candidato a gobernador de R\u00edo Negro por el Frente para la Victoria, Miguel Pichetto, afirm\u00f3 hoy que el juez de la corte Carlos Fayt deber\u00eda considerar dar un paso al costado al frente del m\u00e1ximo tribunal de justicia ya que a los 97 a\u00f1os existe una cuesti\u00f3n \u201ccronol\u00f3gica\u201d que atenta contra la \u201clucidez\u201d necesaria para ocupar una tarea de tama\u00f1a responsabilidad.<\/p>\n<p>\u201cIndudablemente hay una edad donde uno tiene que mirar el jard\u00edn y retirarse. Me parece que los 97 a\u00f1os es una edad muy excesiva\u201d, sostuvo Pichetto al referirse a la situaci\u00f3n del juez de la Corte Suprema Carlos Fayt, en el marco del Congreso Nacional del Partido Justicialista que se desarrolla en Parque Norte.<\/p>\n<p>Pichetto, aclar\u00f3 que sus consideraciones no se basan en \u201cla capacidad t\u00e9cnica ni de la formaci\u00f3n del doctor Fayt, quien como jurista que ha sido importante\u201d, sino que se fundamentan, manifest\u00f3, \u201cen una situaci\u00f3n cronol\u00f3gica\u201d.<\/p>\n<p>Para el candidato a gobernador de R\u00edo Negro \u201cLos procesos de la vida hay que vivirlos en tiempo y en forma\u201d.<\/p>\n<p>Finalmente, el senador critic\u00f3 que si bien \u201cLa Constituci\u00f3n establece un plazo de 75 a\u00f1os\u201d en la Argentina \u201cno hay ninguna norma que se cumpla y siempre se le busca la vuelta para vulnerarla\u201d.<\/p>\n<p>&nbsp;<\/p>\n<p>&nbsp;<\/p>\n<p>&nbsp;<\/p>\n<p>&nbsp;<\/p>\n<p>&nbsp;<\/p>\n<p>&nbsp;<\/p>\n<p>&nbsp;<\/p>\n<p>&nbsp;<\/p>\n<p>&nbsp;<\/p>\n<p>&nbsp;<\/p>\n<p>&nbsp;<\/p>\n<p>&nbsp;<\/p>\n<p>&nbsp;<\/p>\n","protected":false},"excerpt":{"rendered":"<p>\u00abYo no s\u00e9 si a esa edad uno est\u00e1 con toda la lucidez necesaria para afrontar una tarea de la importancia y de la responsabilidad que significa ser juez de la Corte\u201d, dijo el senador candidato a gobernador de R\u00edo Negro.<\/p>\n","protected":false},"author":8,"featured_media":0,"comment_status":"open","ping_status":"open","sticky":false,"template":"","format":"standard","meta":{"_jetpack_newsletter_access":"","_jetpack_dont_email_post_to_subs":false,"_jetpack_newsletter_tier_id":0,"_jetpack_memberships_contains_paywalled_content":false,"_jetpack_memberships_contains_paid_content":false,"footnotes":""},"categories":[51],"tags":[],"class_list":["post-65609","post","type-post","status-publish","format-standard","hentry","category-politica"],"jetpack_shortlink":"https:\/\/wp.me\/p2JWE0-h4d","jetpack-related-posts":[{"id":110844,"url":"http:\/\/www.24baires.com\/?p=110844","url_meta":{"origin":65609,"position":0},"title":"Ramos Padilla recus\u00f3 a Pichetto y a Mahiques","author":"AF","date":"18\/06\/2019","format":false,"excerpt":"La defensa del juez federal de Dolores, Alejo Ramos Padilla, ejercida por su padre, con aceitados v\u00ednculos con el radicalismo, pidi\u00f3 el apartamiento de los dos integrantes de la comisi\u00f3n del Consejo de la Magistratura que debe decidir la suerte del magistrado. Juan Ramos Padilla objet\u00f3 que el compa\u00f1ero de\u2026","rel":"","context":"En \u00abPol\u00edtica\u00bb","block_context":{"text":"Pol\u00edtica","link":"http:\/\/www.24baires.com\/?cat=51"},"img":{"alt_text":"","src":"https:\/\/i0.wp.com\/www.24baires.com\/wp-content\/uploads\/2015\/05\/pichetto.jpg?resize=350%2C200","width":350,"height":200,"srcset":"https:\/\/i0.wp.com\/www.24baires.com\/wp-content\/uploads\/2015\/05\/pichetto.jpg?resize=350%2C200 1x, https:\/\/i0.wp.com\/www.24baires.com\/wp-content\/uploads\/2015\/05\/pichetto.jpg?resize=525%2C300 1.5x"},"classes":[]},{"id":63770,"url":"http:\/\/www.24baires.com\/?p=63770","url_meta":{"origin":65609,"position":1},"title":"El Senado dio dictamen favorable al pliego de Carl\u00e9s","author":"GB","date":"31\/03\/2015","format":false,"excerpt":"El pliego deber\u00e1 ser debatido ahora en la sesi\u00f3n del 15 de abril del Senado. En una audiencia p\u00fablica, el postulante a la Corte Suprema neg\u00f3 avalar al gobierno actual y habl\u00f3 de maniobras malintencionadas en ese sentido. El pliego designando a Roberto Carl\u00e9s como candidato a integrar la Corte\u2026","rel":"","context":"En \u00abPol\u00edtica\u00bb","block_context":{"text":"Pol\u00edtica","link":"http:\/\/www.24baires.com\/?cat=51"},"img":{"alt_text":"","src":"https:\/\/i0.wp.com\/www.24baires.com\/wp-content\/uploads\/2015\/03\/senado-2.jpg?resize=350%2C200","width":350,"height":200,"srcset":"https:\/\/i0.wp.com\/www.24baires.com\/wp-content\/uploads\/2015\/03\/senado-2.jpg?resize=350%2C200 1x, https:\/\/i0.wp.com\/www.24baires.com\/wp-content\/uploads\/2015\/03\/senado-2.jpg?resize=525%2C300 1.5x"},"classes":[]},{"id":110858,"url":"http:\/\/www.24baires.com\/?p=110858","url_meta":{"origin":65609,"position":2},"title":"Pichetto adelant\u00f3 que presentar\u00e1 su renuncia","author":"AF","date":"19\/06\/2019","format":false,"excerpt":"Tras pegar el salto al macrismo, el senador dijo que no dejar\u00eda la banca a la que hab\u00eda llegado en representaci\u00f3n del Bloque Justicialista. Las cr\u00edticas a su actitud y el malestar de otros consejeros lo dejaron sin margen para continuar en el cargo. Miguel \u00c1ngel Pichetto adelant\u00f3 que dejar\u00e1\u2026","rel":"","context":"En \u00abPol\u00edtica\u00bb","block_context":{"text":"Pol\u00edtica","link":"http:\/\/www.24baires.com\/?cat=51"},"img":{"alt_text":"","src":"https:\/\/i0.wp.com\/www.24baires.com\/wp-content\/uploads\/2014\/05\/pichetto.jpg?resize=350%2C200","width":350,"height":200,"srcset":"https:\/\/i0.wp.com\/www.24baires.com\/wp-content\/uploads\/2014\/05\/pichetto.jpg?resize=350%2C200 1x, https:\/\/i0.wp.com\/www.24baires.com\/wp-content\/uploads\/2014\/05\/pichetto.jpg?resize=525%2C300 1.5x"},"classes":[]},{"id":58540,"url":"http:\/\/www.24baires.com\/?p=58540","url_meta":{"origin":65609,"position":3},"title":"An\u00edbal Fern\u00e1ndez pidi\u00f3 \u00abevaluar la capacidad psicof\u00edsica\u00bb de Fayt","author":"GB","date":"12\/12\/2014","format":false,"excerpt":"El senador solicit\u00f3 la apertura de un proceso de investigaci\u00f3n sobre el juez de la Corte en pos de \"verificar que no se encuentre inmerso en la causal de mal desempe\u00f1o de sus funciones\". El senador Anibal Fern\u00e1ndez solicit\u00f3 hoy la apertura de un proceso de investigaci\u00f3n sobre el juez\u2026","rel":"","context":"En \u00abPol\u00edtica\u00bb","block_context":{"text":"Pol\u00edtica","link":"http:\/\/www.24baires.com\/?cat=51"},"img":{"alt_text":"fern\u00e1ndez an\u00edbal2","src":"https:\/\/i0.wp.com\/www.24baires.com\/wp-content\/uploads\/2012\/11\/fern%C3%A1ndez-an%C3%ADbal2.jpg?resize=350%2C200","width":350,"height":200,"srcset":"https:\/\/i0.wp.com\/www.24baires.com\/wp-content\/uploads\/2012\/11\/fern%C3%A1ndez-an%C3%ADbal2.jpg?resize=350%2C200 1x, https:\/\/i0.wp.com\/www.24baires.com\/wp-content\/uploads\/2012\/11\/fern%C3%A1ndez-an%C3%ADbal2.jpg?resize=525%2C300 1.5x"},"classes":[]},{"id":112082,"url":"http:\/\/www.24baires.com\/?p=112082","url_meta":{"origin":65609,"position":4},"title":"\u00abDecir que la gente no come en Argentina, es una exageraci\u00f3n\u00bb, dijo Pichetto","author":"GB","date":"14\/09\/2019","format":false,"excerpt":"El candidato a vicepresidente por el macrismo apunt\u00f3 contra los \"planeros o piqueteros que tienen un trabajo en negro y cobran el plan\". Sostiene que si la asistencia social \"se acent\u00faa, se va a consolidar la estructura de pobreza\". El compa\u00f1ero de f\u00f3rmula de Mauricio Macri en untos por el\u2026","rel":"","context":"En \u00abPol\u00edtica\u00bb","block_context":{"text":"Pol\u00edtica","link":"http:\/\/www.24baires.com\/?cat=51"},"img":{"alt_text":"","src":"https:\/\/i0.wp.com\/www.24baires.com\/wp-content\/uploads\/2013\/04\/pichetto-300x200.jpg?resize=350%2C200","width":350,"height":200},"classes":[]},{"id":112039,"url":"http:\/\/www.24baires.com\/?p=112039","url_meta":{"origin":65609,"position":5},"title":"Pichetto propone un debate de candidatos a vicepresidentes para proteger a Macri","author":"AF","date":"11\/09\/2019","format":false,"excerpt":"Legisladores del oficialismo realizan intentos desesperados para organizar un cruce entre vicepresidentes, ante un posible debate presidencial en el que Macri carezca de argumentos para sostener su gesti\u00f3n. Las versiones son varias y cruzadas. Como tales, carecen de informaci\u00f3n fidedigna. Sin embargo, no es menos cierto que en los pasillos\u2026","rel":"","context":"En \u00abPol\u00edtica\u00bb","block_context":{"text":"Pol\u00edtica","link":"http:\/\/www.24baires.com\/?cat=51"},"img":{"alt_text":"","src":"https:\/\/i0.wp.com\/www.24baires.com\/wp-content\/uploads\/2019\/09\/cristina-pichetto.jpg?resize=350%2C200","width":350,"height":200,"srcset":"https:\/\/i0.wp.com\/www.24baires.com\/wp-content\/uploads\/2019\/09\/cristina-pichetto.jpg?resize=350%2C200 1x, https:\/\/i0.wp.com\/www.24baires.com\/wp-content\/uploads\/2019\/09\/cristina-pichetto.jpg?resize=525%2C300 1.5x"},"classes":[]}],"jetpack_sharing_enabled":true,"jetpack_likes_enabled":true,"jetpack_featured_media_url":"","_links":{"self":[{"href":"http:\/\/www.24baires.com\/index.php?rest_route=\/wp\/v2\/posts\/65609","targetHints":{"allow":["GET"]}}],"collection":[{"href":"http:\/\/www.24baires.com\/index.php?rest_route=\/wp\/v2\/posts"}],"about":[{"href":"http:\/\/www.24baires.com\/index.php?rest_route=\/wp\/v2\/types\/post"}],"author":[{"embeddable":true,"href":"http:\/\/www.24baires.com\/index.php?rest_route=\/wp\/v2\/users\/8"}],"replies":[{"embeddable":true,"href":"http:\/\/www.24baires.com\/index.php?rest_route=%2Fwp%2Fv2%2Fcomments&post=65609"}],"version-history":[{"count":1,"href":"http:\/\/www.24baires.com\/index.php?rest_route=\/wp\/v2\/posts\/65609\/revisions"}],"predecessor-version":[{"id":65611,"href":"http:\/\/www.24baires.com\/index.php?rest_route=\/wp\/v2\/posts\/65609\/revisions\/65611"}],"wp:attachment":[{"href":"http:\/\/www.24baires.com\/index.php?rest_route=%2Fwp%2Fv2%2Fmedia&parent=65609"}],"wp:term":[{"taxonomy":"category","embeddable":true,"href":"http:\/\/www.24baires.com\/index.php?rest_route=%2Fwp%2Fv2%2Fcategories&post=65609"},{"taxonomy":"post_tag","embeddable":true,"href":"http:\/\/www.24baires.com\/index.php?rest_route=%2Fwp%2Fv2%2Ftags&post=65609"}],"curies":[{"name":"wp","href":"https:\/\/api.w.org\/{rel}","templated":true}]}}