{"id":65591,"date":"2015-05-08T18:46:58","date_gmt":"2015-05-08T21:46:58","guid":{"rendered":"http:\/\/www.24baires.com\/?p=65591"},"modified":"2015-05-08T18:46:58","modified_gmt":"2015-05-08T21:46:58","slug":"veo-un-peronismo-con-una-mistica-de-triunfo","status":"publish","type":"post","link":"http:\/\/www.24baires.com\/?p=65591","title":{"rendered":"\u00abVeo un peronismo con una m\u00edstica de triunfo\u00bb"},"content":{"rendered":"<p><img data-recalc-dims=\"1\" loading=\"lazy\" decoding=\"async\" class=\"aligncenter size-full wp-image-62506\" src=\"https:\/\/i0.wp.com\/www.24baires.com\/wp-content\/uploads\/2015\/03\/scioli-congreso.png?resize=560%2C314\" alt=\"scioli congreso\" width=\"560\" height=\"314\" srcset=\"https:\/\/i0.wp.com\/www.24baires.com\/wp-content\/uploads\/2015\/03\/scioli-congreso.png?w=560 560w, https:\/\/i0.wp.com\/www.24baires.com\/wp-content\/uploads\/2015\/03\/scioli-congreso.png?resize=300%2C168 300w\" sizes=\"auto, (max-width: 560px) 100vw, 560px\" \/>El gobernador bonaerense lo afirm\u00f3 al llegar al Congreso Nacional del PJ. Tambi\u00e9n se pronunciaron all\u00ed el jefe de gabinete, An\u00edbal Fern\u00e1ndez, y el candidato a Jefe de Gobierno porte\u00f1o por el FpV Mariano Recalde.<!--more--><\/p>\n<p>Scioli consider\u00f3 que en el FpV \u201chay muy buenos jinetes\u201d para darle continuidad, m\u00e1s all\u00e1 de diciembre, al proyecto encarnado por el gobierno nacional, y sostuvo que \u201clos grandes protagonistas\u201d de las pr\u00f3ximas elecciones ser\u00e1n \u201clos j\u00f3venes\u201d y los \u201cciudadanos independientes\u201d.<\/p>\n<p>\u201cEl caballo es el gran proyecto, que tiene muy buenos jinetes para poder llevarlo adelante, que es llevar la bandera de los humildes, de los trabajadores, de la producci\u00f3n nacional, de los j\u00f3venes, a quienes convocamos especialmente, como a los ciudadanos independientes, que van a ser los grandes protagonistas de esta elecci\u00f3n\u201d, asever\u00f3 el mandatario provincial.<\/p>\n<p>As\u00ed lo hizo en declaraciones a la prensa formuladas al llegar esta ma\u00f1ana al complejo Parque Norte, donde se desarrollar\u00e1 el Congreso Nacional del PJ, convocado para definir la estrategia partidaria de cara a los comicios de octubre pr\u00f3ximo y de las primarias del 9 de agosto.<\/p>\n<p>Scioli puso el acento en el \u201ctrabajo en conjunto\u201d que existe detr\u00e1s del proyecto nacional \u201ccon una conductora, que es la presidenta Cristina Fern\u00e1ndez de Kirchner, que est\u00e1 generando las condiciones econ\u00f3micas, sociales y pol\u00edticas para que triunfen estas iniciativas\u201d<\/p>\n<p>El precandidato presidencial subray\u00f3 que es una \u201cresponsabilidad de los dirigentes\u201d del Frente para la Victoria \u201cque esto no sea siempre volver a empezar\u201d.<\/p>\n<p>Adem\u00e1s, destac\u00f3 a las primarias abiertas, simult\u00e1neas y obligatorias (PASO) como \u201cuna conquista muy importante\u201d de la democracia y sostuvo que all\u00ed debe dirimirse la candidatura presidencial que representar\u00e1 en las elecciones generales de octubre al Frente para la Victoria.<\/p>\n<p>El senador nacional y candidato a gobernador de R\u00edo Negro por el FpV, Miguel Pichetto, afirm\u00f3 que la presidenta Cristina Fern\u00e1ndez de Kirchner \u00abtiene una mirada inteligente y cree que si hay muchas candidaturas puede haber dispersi\u00f3n\u00bb.<\/p>\n<p>Al ingresar al predio de Parque Norte, donde se desarrollar\u00e1 el Congreso del PJ, Pichetto fue consultado por las declaraciones que realiz\u00f3 ayer la Presidenta en las que pidi\u00f3 \u00abun ba\u00f1o de humildad a los compa\u00f1eros de nuestro espacio para que reconozcan y acompa\u00f1en a quien est\u00e1 mejor capacitado para una funci\u00f3n\u00bb.<\/p>\n<p>\u00abLa Presidenta como l\u00edder pol\u00edtica del Frente para la Victoria tiene derecho a reflexionar y ella tiene una mirada inteligente y cree si hay muchas candidaturas puede haber dispersi\u00f3n\u00bb, sostuvo el titular del bloque de senadores nacionales del Frente para la Victoria.<\/p>\n<p>P\u00e9rez respald\u00f3 a Cristina. El jefe de Gabinete del gobierno bonaerense asegur\u00f3 hoy que coincide con la Presidenta en cuanto a que \u00abuna de las cosas que los dirigentes deben ofrecer a los ciudadanos es la humildad\u00bb.<\/p>\n<p>En declaraciones a la prensa antes de ingresar a Parque Norte, P\u00e9rez se\u00f1al\u00f3 que \u00abcuando uno es representante del pueblo, tiene que ser humilde para saber escuchar y ofrecer soluciones\u00bb y agreg\u00f3 que por ese motivo \u00abest\u00e1 muy bien lo que dice la Presidenta\u00bb.<\/p>\n<p>P\u00e9rez confirm\u00f3 la precandidatura presidencial del gobernador de Buenos Aires Daniel Scioli en las primarias abiertas, simult\u00e1neas y obligatorias (PASO) por el Frente para la Victoria, y dijo que todo lo que hagan ser\u00e1 para \u00abfortalecer el proyecto que queremos llevar adelante\u00bb.<\/p>\n<p>La Presidenta pidi\u00f3 ayer \u00abun ba\u00f1o de humildad\u00bb ante la proliferaci\u00f3n de candidatos presidenciales y a la gobernaci\u00f3n bonaerense en el oficialismo, durante un acto que presidi\u00f3 en Chaco, donde inaugur\u00f3 junto al gobernador Jorge Capitanich, un moderno hospital pedi\u00e1trico.<\/p>\n<p>Recalde convoc\u00f3 a los radicales. El candidato a Jefe de Gobierno por el FpV dijo que la f\u00f3rmula que integra con Leandro Santoro convoca a \u00abtodos los radicales y a todos los porte\u00f1os interesados en un fuerte rol del Estado que luche contra las mafias\u00bb enquistadas tanto en la explotaci\u00f3n de personas con fines de trata como en el control del espacio p\u00fablico.<\/p>\n<p>Recalde indic\u00f3 que \u00abexisten mafias contras las que hay que luchar\u00bb vinculadas a la log\u00edstica de funcionamiento de \u00ablos trapitos, los talleres clandestinos\u00bb al analizar que \u00abla pobre gente que sale a ganarse un peso para comer, no tiene nada que ver con esto\u00bb.<\/p>\n<p>\u00abCreo tambi\u00e9n que la gente que vot\u00f3 a Gabriela Michetti del PRO, busca un cambio y por eso, apuntamos a llegar a un balotaje para desde ah\u00ed, alcanzar ese cambio\u00bb, manifest\u00f3 Recalde.<\/p>\n<p>&nbsp;<\/p>\n<p>&nbsp;<\/p>\n<p>&nbsp;<\/p>\n<p>&nbsp;<\/p>\n<p>&nbsp;<\/p>\n<p>&nbsp;<\/p>\n<p>&nbsp;<\/p>\n<p>&nbsp;<\/p>\n<p>&nbsp;<\/p>\n<p>&nbsp;<\/p>\n<p>&nbsp;<\/p>\n<p>&nbsp;<\/p>\n<p>&nbsp;<\/p>\n","protected":false},"excerpt":{"rendered":"<p>El gobernador bonaerense lo afirm\u00f3 al llegar al Congreso Nacional del PJ. Tambi\u00e9n se pronunciaron all\u00ed el jefe de gabinete, An\u00edbal Fern\u00e1ndez, y el candidato a Jefe de Gobierno porte\u00f1o por el FpV Mariano Recalde.<\/p>\n","protected":false},"author":8,"featured_media":0,"comment_status":"open","ping_status":"open","sticky":false,"template":"","format":"standard","meta":{"_jetpack_newsletter_access":"","_jetpack_dont_email_post_to_subs":false,"_jetpack_newsletter_tier_id":0,"_jetpack_memberships_contains_paywalled_content":false,"_jetpack_memberships_contains_paid_content":false,"footnotes":""},"categories":[51],"tags":[],"class_list":["post-65591","post","type-post","status-publish","format-standard","hentry","category-politica"],"jetpack_shortlink":"https:\/\/wp.me\/p2JWE0-h3V","jetpack-related-posts":[{"id":103525,"url":"http:\/\/www.24baires.com\/?p=103525","url_meta":{"origin":65591,"position":0},"title":"Presentan proyecto para derogar el decreto de Macri de intervenci\u00f3n de las Fuerzas Armadas","author":"AF","date":"25\/07\/2018","format":false,"excerpt":"Los fundamentos de la iniciativa que encabeza el presidente del bloque FPV-PJ, Agust\u00edn Rossi, sostienen que el presidente \u201ca trav\u00e9s de un simple decreto reglamentario intenta cambiar las bases sobre las que est\u00e1 estructurado nuestro sistema de Defensa Nacional, construido desde la recuperaci\u00f3n democr\u00e1tica\u201d. Diputados y diputadas del bloque FPV-PJ\u2026","rel":"","context":"En \u00abLocales\u00bb","block_context":{"text":"Locales","link":"http:\/\/www.24baires.com\/?cat=38"},"img":{"alt_text":"","src":"https:\/\/i0.wp.com\/www.24baires.com\/wp-content\/uploads\/2018\/07\/macri-fuerzas.jpg?resize=350%2C200","width":350,"height":200,"srcset":"https:\/\/i0.wp.com\/www.24baires.com\/wp-content\/uploads\/2018\/07\/macri-fuerzas.jpg?resize=350%2C200 1x, https:\/\/i0.wp.com\/www.24baires.com\/wp-content\/uploads\/2018\/07\/macri-fuerzas.jpg?resize=525%2C300 1.5x"},"classes":[]},{"id":7436,"url":"http:\/\/www.24baires.com\/?p=7436","url_meta":{"origin":65591,"position":1},"title":"Olavarr\u00eda se prepara para realizar el Festival de Doma y Folklore","author":"AF","date":"01\/12\/2012","format":false,"excerpt":"En este 2012, a\u00f1o en el que se festejan las diez ediciones de esta Fiesta Nacional, la organizaci\u00f3n est\u00e1 trabajando para renovar las presentaciones de los artistas y la Gran Jineteada, a fin de seguir brindando calidad en sus espect\u00e1culos. La d\u00e9cima edici\u00f3n se llevar\u00e1 a cabo desde el 5\u2026","rel":"","context":"En \u00abLocales\u00bb","block_context":{"text":"Locales","link":"http:\/\/www.24baires.com\/?cat=38"},"img":{"alt_text":"","src":"https:\/\/i0.wp.com\/www.24baires.com\/wp-content\/uploads\/2012\/12\/la-sole-300x199.jpg?resize=350%2C200","width":350,"height":200},"classes":[]},{"id":66460,"url":"http:\/\/www.24baires.com\/?p=66460","url_meta":{"origin":65591,"position":2},"title":"Scioli inst\u00f3 a los j\u00f3venes a ser \u00ablos grandes protagonistas\u00bb de estas elecciones","author":"AF","date":"24\/05\/2015","format":false,"excerpt":"El gobernador bonaerense, Daniel Scioli, inst\u00f3 a los j\u00f3venes a que sean \"los grandes protagonistas\" de las pr\u00f3ximas elecciones y les dijo que a la hora de emitir el voto piensen en que no se debe \"siempre volver a empezar\". \"Yo les tengo mucha fe y confianza en que ustedes\u2026","rel":"","context":"En \u00abElecciones 2015\u00bb","block_context":{"text":"Elecciones 2015","link":"http:\/\/www.24baires.com\/?cat=74"},"img":{"alt_text":"scioli 1","src":"https:\/\/i0.wp.com\/www.24baires.com\/wp-content\/uploads\/2015\/01\/scioli-1.jpg?resize=350%2C200","width":350,"height":200,"srcset":"https:\/\/i0.wp.com\/www.24baires.com\/wp-content\/uploads\/2015\/01\/scioli-1.jpg?resize=350%2C200 1x, https:\/\/i0.wp.com\/www.24baires.com\/wp-content\/uploads\/2015\/01\/scioli-1.jpg?resize=525%2C300 1.5x"},"classes":[]},{"id":68646,"url":"http:\/\/www.24baires.com\/?p=68646","url_meta":{"origin":65591,"position":3},"title":"An\u00edbal asegur\u00f3 que el PRO es un partido \u00abde la Ciudad, sin proyecci\u00f3n en otro lugar\u00bb","author":"AF","date":"06\/07\/2015","format":false,"excerpt":"El jefe de Gabinete destac\u00f3 hoy el desarrollo de los comicios de ayer en distintos distritos del pa\u00eds e insisti\u00f3 en que los proyectos pol\u00edticos de Horacio Rodr\u00edguez Larreta y de Mart\u00edn Lousteau \"son exactamente lo mismo\". Sobre las elecciones de ayer, el funcionario destac\u00f3 que \"tenemos la mejor de\u2026","rel":"","context":"En \u00abElecciones 2015\u00bb","block_context":{"text":"Elecciones 2015","link":"http:\/\/www.24baires.com\/?cat=74"},"img":{"alt_text":"anibal conferencia","src":"https:\/\/i0.wp.com\/www.24baires.com\/wp-content\/uploads\/2015\/04\/anibal-conferencia.jpg?resize=350%2C200","width":350,"height":200,"srcset":"https:\/\/i0.wp.com\/www.24baires.com\/wp-content\/uploads\/2015\/04\/anibal-conferencia.jpg?resize=350%2C200 1x, https:\/\/i0.wp.com\/www.24baires.com\/wp-content\/uploads\/2015\/04\/anibal-conferencia.jpg?resize=525%2C300 1.5x"},"classes":[]},{"id":34283,"url":"http:\/\/www.24baires.com\/?p=34283","url_meta":{"origin":65591,"position":4},"title":"Resaltaron la consolidaci\u00f3n del FpV como fuerza nacional","author":"GB","date":"28\/10\/2013","format":false,"excerpt":"Gobernadores, candidatos electos y dirigentes oficialistas destacaron la performance del Frente Para la Victoria en los comicios de este domingo, que posicionaron nuevamente al oficialismo como primera fuerza nacional. En ese marco el jefe de Gabinete, Juan Manuel Abal Medina, resalt\u00f3 la elecci\u00f3n realizada a nivel nacional, con la cual\u2026","rel":"","context":"En \u00abELECCIONES 2013\u00bb","block_context":{"text":"ELECCIONES 2013","link":"http:\/\/www.24baires.com\/?cat=72"},"img":{"alt_text":"","src":"https:\/\/i0.wp.com\/www.24baires.com\/wp-content\/uploads\/2013\/10\/fpv.jpg?resize=350%2C200","width":350,"height":200},"classes":[]},{"id":111203,"url":"http:\/\/www.24baires.com\/?p=111203","url_meta":{"origin":65591,"position":5},"title":"Opositores y organismos de derechos humanos cuestionaron la colimba macrista","author":"AF","date":"16\/07\/2019","format":false,"excerpt":"Desde el Frente de Todos y el FIT repudiaron el intento de enviar a los j\u00f3venes a los cuarteles de Gendarmer\u00eda. Tambi\u00e9n protestaron Adolfo P\u00e9rez Esquivel y Mar\u00eda del Carmen Verd\u00fa. La colimba macrista no cay\u00f3 bien. Distintos sectores del arco pol\u00edtico rechazaron la implementaci\u00f3n por decreto del Servicio C\u00edvico\u2026","rel":"","context":"En \u00abLocales\u00bb","block_context":{"text":"Locales","link":"http:\/\/www.24baires.com\/?cat=38"},"img":{"alt_text":"Resultado de imagen para bullrich","src":"https:\/\/i0.wp.com\/infocielo.com\/uploads\/noticias\/imagenes\/a\/2019\/05\/20190524101935_bullrich-infobae.jpg?resize=350%2C200&ssl=1","width":350,"height":200,"srcset":"https:\/\/i0.wp.com\/infocielo.com\/uploads\/noticias\/imagenes\/a\/2019\/05\/20190524101935_bullrich-infobae.jpg?resize=350%2C200&ssl=1 1x, https:\/\/i0.wp.com\/infocielo.com\/uploads\/noticias\/imagenes\/a\/2019\/05\/20190524101935_bullrich-infobae.jpg?resize=525%2C300&ssl=1 1.5x"},"classes":[]}],"jetpack_sharing_enabled":true,"jetpack_likes_enabled":true,"jetpack_featured_media_url":"","_links":{"self":[{"href":"http:\/\/www.24baires.com\/index.php?rest_route=\/wp\/v2\/posts\/65591","targetHints":{"allow":["GET"]}}],"collection":[{"href":"http:\/\/www.24baires.com\/index.php?rest_route=\/wp\/v2\/posts"}],"about":[{"href":"http:\/\/www.24baires.com\/index.php?rest_route=\/wp\/v2\/types\/post"}],"author":[{"embeddable":true,"href":"http:\/\/www.24baires.com\/index.php?rest_route=\/wp\/v2\/users\/8"}],"replies":[{"embeddable":true,"href":"http:\/\/www.24baires.com\/index.php?rest_route=%2Fwp%2Fv2%2Fcomments&post=65591"}],"version-history":[{"count":1,"href":"http:\/\/www.24baires.com\/index.php?rest_route=\/wp\/v2\/posts\/65591\/revisions"}],"predecessor-version":[{"id":65592,"href":"http:\/\/www.24baires.com\/index.php?rest_route=\/wp\/v2\/posts\/65591\/revisions\/65592"}],"wp:attachment":[{"href":"http:\/\/www.24baires.com\/index.php?rest_route=%2Fwp%2Fv2%2Fmedia&parent=65591"}],"wp:term":[{"taxonomy":"category","embeddable":true,"href":"http:\/\/www.24baires.com\/index.php?rest_route=%2Fwp%2Fv2%2Fcategories&post=65591"},{"taxonomy":"post_tag","embeddable":true,"href":"http:\/\/www.24baires.com\/index.php?rest_route=%2Fwp%2Fv2%2Ftags&post=65591"}],"curies":[{"name":"wp","href":"https:\/\/api.w.org\/{rel}","templated":true}]}}