{"id":65583,"date":"2015-05-08T17:23:30","date_gmt":"2015-05-08T20:23:30","guid":{"rendered":"http:\/\/www.24baires.com\/?p=65583"},"modified":"2015-05-08T17:23:30","modified_gmt":"2015-05-08T20:23:30","slug":"rechazan-la-tenencia-de-drogas-para-consumo-personal-en-las-carceles","status":"publish","type":"post","link":"http:\/\/www.24baires.com\/?p=65583","title":{"rendered":"Rechazan la tenencia de drogas para consumo personal en las c\u00e1rceles"},"content":{"rendered":"<p><img data-recalc-dims=\"1\" loading=\"lazy\" decoding=\"async\" class=\"aligncenter size-full wp-image-65584\" src=\"https:\/\/i0.wp.com\/www.24baires.com\/wp-content\/uploads\/2015\/05\/carcel-drogas.jpg?resize=560%2C366\" alt=\"carcel drogas\" width=\"560\" height=\"366\" srcset=\"https:\/\/i0.wp.com\/www.24baires.com\/wp-content\/uploads\/2015\/05\/carcel-drogas.jpg?w=560 560w, https:\/\/i0.wp.com\/www.24baires.com\/wp-content\/uploads\/2015\/05\/carcel-drogas.jpg?resize=300%2C196 300w\" sizes=\"auto, (max-width: 560px) 100vw, 560px\" \/>La C\u00e1mara Federal de Casaci\u00f3n Penal revoc\u00f3 una resoluci\u00f3n que hab\u00eda confirmado el sobreseimiento de un interno de la ex c\u00e1rcel de Villa Devoto a quien se le secuestraron cuatro gramos de coca\u00edna.<!--more--><\/p>\n<p>En el fallo se afirma que ello pod\u00eda afectar a terceros y que no es aplicable en el caso la despenalizaci\u00f3n para la tenencia de drogas para consumo personal.<\/p>\n<p>La Sala Cuarta de Casaci\u00f3n, en voto dividido, dej\u00f3 sin efecto el fallo de la Sala I de la C\u00e1mara Federal que en junio de 2014, declar\u00f3 la inconstitucionalidad de art\u00edculo que reprime la tenencia para consumo personal y confirm\u00f3 el sobreseimiento de Dante Leopoldo Ju\u00e1rez.<\/p>\n<p>Los camaristas Mariano Borinsky y Gustavo Hornos, con la disidencia de Juan Carlos Gemignani, dijeron que el \u00abCaso Arriola\u00bb en el que la Corte despenaliz\u00f3 la tenencia para consumo personal cuando no afecta a terceros \u00abno es aplicable al delito de tenencia de estupefacientes para consumo personal en un establecimiento carcelario\u00bb.<\/p>\n<p>Enfatizaron los jueces en que \u00abla prohibici\u00f3n aparece como una restricci\u00f3n razonable al \u00e1mbito de intimidad, pues en esas condiciones no es posible descartar que esa conducta no apareje ning\u00fan riesgo\u00bb respecto de otros internos.<\/p>\n<p>En cambio, el juez Gemignani consider\u00f3 que \u00abal no haberse probado la trascendencia a terceros, resulta aplicable la doctrina de la Corte Suprema &#8216;Arriola'\u00bb. Es que esa eventual afectaci\u00f3n a otros internos del penal no estaba acreditada y la conducta permanec\u00eda en el \u00ab\u00e1mbito de intimidad\u00bb del interno.<\/p>\n<p>El camarista Hornos sostuvo que \u00ablas personas privadas de libertad conservan el derecho a la intimidad, pero el Estado puede imponer ciertas restricciones a ese \u00e1mbito de intimidad en aras de la seguridad del establecimiento carcelario\u00bb . Por ello la ley de ejecuci\u00f3n de las penas privativas de la libertad \u00abha previsto como infracci\u00f3n disciplinaria de car\u00e1cter grave, la tenencia de sustancias t\u00f3xicas\u00bb.<\/p>\n<p>Se trata de una causa a cargo del juez Sergio Torres quien secuestr\u00f3 en poder de Dante Leopoldo Juarez alojado en el Pabell\u00f3n Tres del M\u00f3dulo 1, del Complejo Penitenciario Federal de la Ciudad Aut\u00f3noma de Buenos Aires, una bolsa de nylon color blanca que conten\u00eda cuatro gramos de coca\u00edna.<\/p>\n<p>Torres declar\u00f3 la inconstitucionalidad del art\u00edculo 14, segundo p\u00e1rrafo, de la Ley 23.737 y sobresey\u00f3 a Dante Leopoldo Ju\u00e1rez en orden al delito de \u00abtenencia de estupefacientes para consumo personal\u00bb, lo que fue confirmado por la C\u00e1mara Federal. Ahora Casaci\u00f3n, la m\u00e1xima instancia penal del pa\u00eds, adopt\u00f3 otro criterio.<\/p>\n<p>&nbsp;<\/p>\n<p>&nbsp;<\/p>\n<p>&nbsp;<\/p>\n<p>&nbsp;<\/p>\n<p>&nbsp;<\/p>\n<p>&nbsp;<\/p>\n<p>&nbsp;<\/p>\n<p>&nbsp;<\/p>\n<p>&nbsp;<\/p>\n<p>&nbsp;<\/p>\n<p>&nbsp;<\/p>\n<p>&nbsp;<\/p>\n<p>&nbsp;<\/p>\n<p>&nbsp;<\/p>\n<p>&nbsp;<\/p>\n","protected":false},"excerpt":{"rendered":"<p>La C\u00e1mara Federal de Casaci\u00f3n Penal revoc\u00f3 una resoluci\u00f3n que hab\u00eda confirmado el sobreseimiento de un interno de la ex c\u00e1rcel de Villa Devoto a quien se le secuestraron cuatro gramos de coca\u00edna.<\/p>\n","protected":false},"author":8,"featured_media":0,"comment_status":"open","ping_status":"open","sticky":false,"template":"","format":"standard","meta":{"_jetpack_newsletter_access":"","_jetpack_dont_email_post_to_subs":false,"_jetpack_newsletter_tier_id":0,"_jetpack_memberships_contains_paywalled_content":false,"_jetpack_memberships_contains_paid_content":false,"footnotes":""},"categories":[51],"tags":[],"class_list":["post-65583","post","type-post","status-publish","format-standard","hentry","category-politica"],"jetpack_shortlink":"https:\/\/wp.me\/p2JWE0-h3N","jetpack-related-posts":[{"id":53936,"url":"http:\/\/www.24baires.com\/?p=53936","url_meta":{"origin":65583,"position":0},"title":"La Justicia dictamin\u00f3 que no es delito tener marihuana en la c\u00e1rcel para consumo","author":"GB","date":"19\/09\/2014","format":false,"excerpt":"Con un fallo dividido, la C\u00e1mara Federal de Casaci\u00f3n Penal consider\u00f3 que no debe penarse la tenencia de droga dentro de la prisi\u00f3n si es para consumo personal. La C\u00e1mara Federal de Casaci\u00f3n Penal consider\u00f3, en fallo dividido, que no debe penarse la tenencia de droga dentro de una c\u00e1rcel\u2026","rel":"","context":"En \u00abSociedad\u00bb","block_context":{"text":"Sociedad","link":"http:\/\/www.24baires.com\/?cat=1"},"img":{"alt_text":"","src":"https:\/\/i0.wp.com\/www.24baires.com\/wp-content\/uploads\/2014\/09\/faso.jpg?resize=350%2C200","width":350,"height":200,"srcset":"https:\/\/i0.wp.com\/www.24baires.com\/wp-content\/uploads\/2014\/09\/faso.jpg?resize=350%2C200 1x, https:\/\/i0.wp.com\/www.24baires.com\/wp-content\/uploads\/2014\/09\/faso.jpg?resize=525%2C300 1.5x"},"classes":[]},{"id":92201,"url":"http:\/\/www.24baires.com\/?p=92201","url_meta":{"origin":65583,"position":1},"title":"El Gobierno anticip\u00f3 que discutir\u00e1 la despenalizaci\u00f3n de drogas para consumo","author":"AF","date":"07\/02\/2017","format":false,"excerpt":"La ministra Patricia Bullrich habl\u00f3 tras la recomendaci\u00f3n de la ONU para que la Argentina adopte la ley al fallo \"Arriola\". \"Siempre estamos abiertos a la discusi\u00f3n\", dijo. Adem\u00e1s advirti\u00f3 que no debe hacerse \"solamente desde una perspectiva cool\". Tras la recomendaci\u00f3n de la Organizaci\u00f3n de las Naciones Unidas (ONU),\u2026","rel":"","context":"En \u00abSociedad\u00bb","block_context":{"text":"Sociedad","link":"http:\/\/www.24baires.com\/?cat=1"},"img":{"alt_text":"","src":"https:\/\/i0.wp.com\/www.24baires.com\/wp-content\/uploads\/2015\/12\/bullrich-conferencia.jpg?resize=350%2C200","width":350,"height":200,"srcset":"https:\/\/i0.wp.com\/www.24baires.com\/wp-content\/uploads\/2015\/12\/bullrich-conferencia.jpg?resize=350%2C200 1x, https:\/\/i0.wp.com\/www.24baires.com\/wp-content\/uploads\/2015\/12\/bullrich-conferencia.jpg?resize=525%2C300 1.5x"},"classes":[]},{"id":113138,"url":"http:\/\/www.24baires.com\/?p=113138","url_meta":{"origin":65583,"position":2},"title":"Piden a Casaci\u00f3n que revoque las absoluciones a femicidas de Luc\u00eda P\u00e9rez","author":"GB","date":"26\/11\/2019","format":false,"excerpt":"A un a\u00f1o de la sentencia, los tres acusados fueron condenados por tenencia de drogas, pero no por asesinar a la menor de edad. Luc\u00eda P\u00e9rez fue asesinada en octubre de 2016 y, el 26 de noviembre de 2018, los acusados Juan Pablo Offidani, Mat\u00edas Far\u00edas y Alejandro Maciel fueron\u2026","rel":"","context":"En \u00abJUDICIALES\u00bb","block_context":{"text":"JUDICIALES","link":"http:\/\/www.24baires.com\/?cat=68"},"img":{"alt_text":"","src":"https:\/\/i0.wp.com\/www.24baires.com\/wp-content\/uploads\/2019\/11\/justicia-lucia-perez.jpg?resize=350%2C200","width":350,"height":200,"srcset":"https:\/\/i0.wp.com\/www.24baires.com\/wp-content\/uploads\/2019\/11\/justicia-lucia-perez.jpg?resize=350%2C200 1x, https:\/\/i0.wp.com\/www.24baires.com\/wp-content\/uploads\/2019\/11\/justicia-lucia-perez.jpg?resize=525%2C300 1.5x"},"classes":[]},{"id":7187,"url":"http:\/\/www.24baires.com\/?p=7187","url_meta":{"origin":65583,"position":3},"title":"Declaran inconstitucional la norma que castiga cultivar marihuana para consumo personal","author":"AF","date":"29\/11\/2012","format":false,"excerpt":"Lo dispuso la C\u00e1mara Federal de La Plata. El tribunal orden\u00f3 el sobreseimiento de una pareja, a quienes se les incautaron nueve plantas en un vivero de su propiedad. Seg\u00fan la resoluci\u00f3n, la conducta se encuadra dentro del \u00e1mbito de las acciones privadas. La Sala II de la C\u00e1mara Federal\u2026","rel":"","context":"En \u00abSociedad\u00bb","block_context":{"text":"Sociedad","link":"http:\/\/www.24baires.com\/?cat=1"},"img":{"alt_text":"","src":"https:\/\/i0.wp.com\/www.24baires.com\/wp-content\/uploads\/2012\/11\/marihuana-personal-300x225.jpg?resize=350%2C200","width":350,"height":200},"classes":[]},{"id":117729,"url":"http:\/\/www.24baires.com\/?p=117729","url_meta":{"origin":65583,"position":4},"title":"La Justucia rechaz\u00f3 reabrir la causa D\u00f3lar Futuro","author":"AF","date":"09\/06\/2021","format":false,"excerpt":"La C\u00e1mara Federal de Casaci\u00f3n Penal declar\u00f3 inadmisible al recurso extraordinario interpuesto por el fiscal Ra\u00fal Ple\u00e9 para revertir los sobreseimientos de los acusados. La C\u00e1mara Federal de Casaci\u00f3n Penal declar\u00f3 inadmisible al recurso extraordinario interpuesto por el fiscal Ra\u00fal Ple\u00e9 para revertir los sobreseimientos de los acusados en la\u2026","rel":"","context":"En \u00abJUDICIALES\u00bb","block_context":{"text":"JUDICIALES","link":"http:\/\/www.24baires.com\/?cat=68"},"img":{"alt_text":"","src":"https:\/\/i0.wp.com\/www.24baires.com\/wp-content\/uploads\/2021\/06\/5f648a7c42718_1004x566.jpg?resize=350%2C200","width":350,"height":200,"srcset":"https:\/\/i0.wp.com\/www.24baires.com\/wp-content\/uploads\/2021\/06\/5f648a7c42718_1004x566.jpg?resize=350%2C200 1x, https:\/\/i0.wp.com\/www.24baires.com\/wp-content\/uploads\/2021\/06\/5f648a7c42718_1004x566.jpg?resize=525%2C300 1.5x"},"classes":[]},{"id":121890,"url":"http:\/\/www.24baires.com\/?p=121890","url_meta":{"origin":65583,"position":5},"title":"Kicillof, libre de culpa: la Justicia confirm\u00f3 que no hubo perjuicio en la causa D\u00f3lar Futuro","author":"GB","date":"06\/12\/2024","format":false,"excerpt":"La Corte Suprema cerr\u00f3 la causa \"D\u00f3lar Futuro\", confirmando el sobreseimiento de Axel Kicillof y Cristina Kirchner al no encontrar perjuicio al Estado. La Corte Suprema de Justicia puso punto final a la causa conocida como \u201cD\u00f3lar futuro\u201d, en la que estaban imputados el actual gobernador bonaerense Axel Kicillof, quien\u2026","rel":"","context":"En \u00abProvincia\u00bb","block_context":{"text":"Provincia","link":"http:\/\/www.24baires.com\/?cat=40"},"img":{"alt_text":"","src":"https:\/\/i0.wp.com\/www.24baires.com\/wp-content\/uploads\/2023\/09\/kicillof.webp?resize=350%2C200","width":350,"height":200,"srcset":"https:\/\/i0.wp.com\/www.24baires.com\/wp-content\/uploads\/2023\/09\/kicillof.webp?resize=350%2C200 1x, https:\/\/i0.wp.com\/www.24baires.com\/wp-content\/uploads\/2023\/09\/kicillof.webp?resize=525%2C300 1.5x, https:\/\/i0.wp.com\/www.24baires.com\/wp-content\/uploads\/2023\/09\/kicillof.webp?resize=700%2C400 2x"},"classes":[]}],"jetpack_sharing_enabled":true,"jetpack_likes_enabled":true,"jetpack_featured_media_url":"","_links":{"self":[{"href":"http:\/\/www.24baires.com\/index.php?rest_route=\/wp\/v2\/posts\/65583","targetHints":{"allow":["GET"]}}],"collection":[{"href":"http:\/\/www.24baires.com\/index.php?rest_route=\/wp\/v2\/posts"}],"about":[{"href":"http:\/\/www.24baires.com\/index.php?rest_route=\/wp\/v2\/types\/post"}],"author":[{"embeddable":true,"href":"http:\/\/www.24baires.com\/index.php?rest_route=\/wp\/v2\/users\/8"}],"replies":[{"embeddable":true,"href":"http:\/\/www.24baires.com\/index.php?rest_route=%2Fwp%2Fv2%2Fcomments&post=65583"}],"version-history":[{"count":1,"href":"http:\/\/www.24baires.com\/index.php?rest_route=\/wp\/v2\/posts\/65583\/revisions"}],"predecessor-version":[{"id":65585,"href":"http:\/\/www.24baires.com\/index.php?rest_route=\/wp\/v2\/posts\/65583\/revisions\/65585"}],"wp:attachment":[{"href":"http:\/\/www.24baires.com\/index.php?rest_route=%2Fwp%2Fv2%2Fmedia&parent=65583"}],"wp:term":[{"taxonomy":"category","embeddable":true,"href":"http:\/\/www.24baires.com\/index.php?rest_route=%2Fwp%2Fv2%2Fcategories&post=65583"},{"taxonomy":"post_tag","embeddable":true,"href":"http:\/\/www.24baires.com\/index.php?rest_route=%2Fwp%2Fv2%2Ftags&post=65583"}],"curies":[{"name":"wp","href":"https:\/\/api.w.org\/{rel}","templated":true}]}}