{"id":65552,"date":"2015-05-08T11:00:04","date_gmt":"2015-05-08T14:00:04","guid":{"rendered":"http:\/\/www.24baires.com\/?p=65552"},"modified":"2015-05-08T10:58:08","modified_gmt":"2015-05-08T13:58:08","slug":"el-pj-nacional-se-reune-en-parque-norte","status":"publish","type":"post","link":"http:\/\/www.24baires.com\/?p=65552","title":{"rendered":"El PJ Nacional se re\u00fane en Parque Norte"},"content":{"rendered":"<p><img data-recalc-dims=\"1\" loading=\"lazy\" decoding=\"async\" class=\"aligncenter size-full wp-image-55598\" src=\"https:\/\/i0.wp.com\/www.24baires.com\/wp-content\/uploads\/2014\/10\/peronismo-pj-d%C3%ADa-de-la-lealtad.jpg?resize=560%2C361\" alt=\"peronismo pj d\u00eda de la lealtad\" width=\"560\" height=\"361\" srcset=\"https:\/\/i0.wp.com\/www.24baires.com\/wp-content\/uploads\/2014\/10\/peronismo-pj-d%C3%ADa-de-la-lealtad.jpg?w=560 560w, https:\/\/i0.wp.com\/www.24baires.com\/wp-content\/uploads\/2014\/10\/peronismo-pj-d%C3%ADa-de-la-lealtad.jpg?resize=300%2C193 300w\" sizes=\"auto, (max-width: 560px) 100vw, 560px\" \/>Dirigentes peronistas de todo el pa\u00eds comenzaron a arribar esta ma\u00f1ana a Parque Norte para participar del encuentro partidario en el que el Partido Justicialista formalizar\u00e1 la alianza Frente para la Victoria (FpV) para competir en las PASO y en las elecciones generales de octubre.<!--more--><\/p>\n<p>Durante el encuentro, que fue convocado para las 9.00 aunque se espera que se inicie cerca del mediod\u00eda, la fuerza volver\u00e1 a autorizar\u00e1 la constituci\u00f3n del FpV, que tuvo su primera experiencia electoral en 2003, cuando compiti\u00f3 el expresidente N\u00e9stor Kirchner y logr\u00f3 acceder a la Presidencia.<\/p>\n<p>Ser\u00e1 una reuni\u00f3n formal en la que el peronismo encolumnado con el kirchnerismo volver\u00e1 a apostar por el FpV de cara a los comicios que elegir\u00e1n al sucesor de la presidenta Cristina Kirchner.<\/p>\n<p>&nbsp;<\/p>\n<p>&nbsp;<\/p>\n<p>&nbsp;<\/p>\n<p>&nbsp;<\/p>\n<p>&nbsp;<\/p>\n<p>&nbsp;<\/p>\n<p>&nbsp;<\/p>\n<p>&nbsp;<\/p>\n<p>&nbsp;<\/p>\n<p>&nbsp;<\/p>\n<p>&nbsp;<\/p>\n<p>&nbsp;<\/p>\n<p>&nbsp;<\/p>\n","protected":false},"excerpt":{"rendered":"<p>Dirigentes peronistas de todo el pa\u00eds comenzaron a arribar esta ma\u00f1ana a Parque Norte para participar del encuentro partidario en el que el Partido Justicialista formalizar\u00e1 la alianza Frente para la Victoria (FpV) para competir en las PASO y en las elecciones generales de octubre.<\/p>\n","protected":false},"author":4,"featured_media":0,"comment_status":"open","ping_status":"open","sticky":false,"template":"","format":"standard","meta":{"_jetpack_newsletter_access":"","_jetpack_dont_email_post_to_subs":false,"_jetpack_newsletter_tier_id":0,"_jetpack_memberships_contains_paywalled_content":false,"_jetpack_memberships_contains_paid_content":false,"footnotes":""},"categories":[51],"tags":[],"class_list":["post-65552","post","type-post","status-publish","format-standard","hentry","category-politica"],"jetpack_shortlink":"https:\/\/wp.me\/p2JWE0-h3i","jetpack-related-posts":[{"id":103525,"url":"http:\/\/www.24baires.com\/?p=103525","url_meta":{"origin":65552,"position":0},"title":"Presentan proyecto para derogar el decreto de Macri de intervenci\u00f3n de las Fuerzas Armadas","author":"AF","date":"25\/07\/2018","format":false,"excerpt":"Los fundamentos de la iniciativa que encabeza el presidente del bloque FPV-PJ, Agust\u00edn Rossi, sostienen que el presidente \u201ca trav\u00e9s de un simple decreto reglamentario intenta cambiar las bases sobre las que est\u00e1 estructurado nuestro sistema de Defensa Nacional, construido desde la recuperaci\u00f3n democr\u00e1tica\u201d. Diputados y diputadas del bloque FPV-PJ\u2026","rel":"","context":"En \u00abLocales\u00bb","block_context":{"text":"Locales","link":"http:\/\/www.24baires.com\/?cat=38"},"img":{"alt_text":"","src":"https:\/\/i0.wp.com\/www.24baires.com\/wp-content\/uploads\/2018\/07\/macri-fuerzas.jpg?resize=350%2C200","width":350,"height":200,"srcset":"https:\/\/i0.wp.com\/www.24baires.com\/wp-content\/uploads\/2018\/07\/macri-fuerzas.jpg?resize=350%2C200 1x, https:\/\/i0.wp.com\/www.24baires.com\/wp-content\/uploads\/2018\/07\/macri-fuerzas.jpg?resize=525%2C300 1.5x"},"classes":[]},{"id":69497,"url":"http:\/\/www.24baires.com\/?p=69497","url_meta":{"origin":65552,"position":1},"title":"Scioli y Zannini participan del encuentro del PJ en Parque Norte","author":"AF","date":"24\/07\/2015","format":false,"excerpt":"El gobernador bonaerense y candidato a presidente del FpV y su compa\u00f1ero de f\u00f3rmula dar\u00e1n el presente hoy en el cierre de una jornada organizada por Gestar, instituto impulsado por el ex presidente N\u00e9stor Kirchner. A poco m\u00e1s de dos semanas de las elecciones primarias (PASO) a nivel nacional, Gestar,\u2026","rel":"","context":"En \u00abPol\u00edtica\u00bb","block_context":{"text":"Pol\u00edtica","link":"http:\/\/www.24baires.com\/?cat=51"},"img":{"alt_text":"","src":"https:\/\/i0.wp.com\/www.24baires.com\/wp-content\/uploads\/2015\/07\/scioli-zannini1.jpg?resize=350%2C200","width":350,"height":200,"srcset":"https:\/\/i0.wp.com\/www.24baires.com\/wp-content\/uploads\/2015\/07\/scioli-zannini1.jpg?resize=350%2C200 1x, https:\/\/i0.wp.com\/www.24baires.com\/wp-content\/uploads\/2015\/07\/scioli-zannini1.jpg?resize=525%2C300 1.5x"},"classes":[]},{"id":103754,"url":"http:\/\/www.24baires.com\/?p=103754","url_meta":{"origin":65552,"position":2},"title":"El Subsecretario de Educaci\u00f3n brind\u00f3 informes por tragedia de Moreno","author":"GB","date":"08\/08\/2018","format":false,"excerpt":"El cuestionado director de Educaci\u00f3n, Gabriel S\u00e1nchez Zinny, esquiv\u00f3 la confrontaci\u00f3n y envi\u00f3 a su segundo. Pero s\u00f3lo logr\u00f3 caldear m\u00e1s los \u00e1nimos de la oposici\u00f3n. La comisi\u00f3n de Educaci\u00f3n de la C\u00e1mara de Diputados recibi\u00f3 hoy al subsecretario de Educaci\u00f3n de la Direcci\u00f3n General de Cultura y Educaci\u00f3n Sergio\u2026","rel":"","context":"En \u00abProvincia\u00bb","block_context":{"text":"Provincia","link":"http:\/\/www.24baires.com\/?cat=40"},"img":{"alt_text":"","src":"https:\/\/i0.wp.com\/www.24baires.com\/wp-content\/uploads\/2018\/08\/educacion.jpg?resize=350%2C200","width":350,"height":200,"srcset":"https:\/\/i0.wp.com\/www.24baires.com\/wp-content\/uploads\/2018\/08\/educacion.jpg?resize=350%2C200 1x, https:\/\/i0.wp.com\/www.24baires.com\/wp-content\/uploads\/2018\/08\/educacion.jpg?resize=525%2C300 1.5x"},"classes":[]},{"id":107069,"url":"http:\/\/www.24baires.com\/?p=107069","url_meta":{"origin":65552,"position":3},"title":"\u00abMacri volvi\u00f3 a faltarles el respeto a los 40 millones de argentinos\u00bb","author":"GB","date":"04\/03\/2019","format":false,"excerpt":"As\u00ed lo indic\u00f3 el diputado peronista Fernando Espinoza, luego del discurso del Presidente en la apertura de sesiones ordinarias. \"Decepcion\u00f3 a muchas personas que permanec\u00eda indecisas\", dijo El diputado nacional por la provincia de Buenos Aires Fernando Espinoza (FPV-PJ) se refiri\u00f3 al discurso pronunciado por el presidente de la Naci\u00f3n\u2026","rel":"","context":"En \u00abPol\u00edtica\u00bb","block_context":{"text":"Pol\u00edtica","link":"http:\/\/www.24baires.com\/?cat=51"},"img":{"alt_text":"","src":"https:\/\/i0.wp.com\/www.24baires.com\/wp-content\/uploads\/2019\/03\/espinoza.jpg?resize=350%2C200","width":350,"height":200,"srcset":"https:\/\/i0.wp.com\/www.24baires.com\/wp-content\/uploads\/2019\/03\/espinoza.jpg?resize=350%2C200 1x, https:\/\/i0.wp.com\/www.24baires.com\/wp-content\/uploads\/2019\/03\/espinoza.jpg?resize=525%2C300 1.5x"},"classes":[]},{"id":110799,"url":"http:\/\/www.24baires.com\/?p=110799","url_meta":{"origin":65552,"position":4},"title":"Denuncian a Macri por un negocio de USD 500 millones con el presidente del Real Madrid","author":"GB","date":"14\/06\/2019","format":false,"excerpt":"Diputados del FpV-PJ denunciaron penalmente a Macri, funcionarios de su gesti\u00f3n y AUSOL S.A, la concesionaria del Acceso Norte, por delitos en el proceso de renegociaci\u00f3n del contrato de concesi\u00f3n del peaje concluido en 2018. C\u00f3mo hicieron el Presidente y Florentino P\u00e9rez para armar el negociado desde antes del inicio\u2026","rel":"","context":"En \u00abPol\u00edtica\u00bb","block_context":{"text":"Pol\u00edtica","link":"http:\/\/www.24baires.com\/?cat=51"},"img":{"alt_text":"","src":"https:\/\/i0.wp.com\/www.24baires.com\/wp-content\/uploads\/2019\/03\/MACRI-CONGRESO.png?resize=350%2C200","width":350,"height":200,"srcset":"https:\/\/i0.wp.com\/www.24baires.com\/wp-content\/uploads\/2019\/03\/MACRI-CONGRESO.png?resize=350%2C200 1x, https:\/\/i0.wp.com\/www.24baires.com\/wp-content\/uploads\/2019\/03\/MACRI-CONGRESO.png?resize=525%2C300 1.5x"},"classes":[]},{"id":65591,"url":"http:\/\/www.24baires.com\/?p=65591","url_meta":{"origin":65552,"position":5},"title":"\u00abVeo un peronismo con una m\u00edstica de triunfo\u00bb","author":"GB","date":"08\/05\/2015","format":false,"excerpt":"El gobernador bonaerense lo afirm\u00f3 al llegar al Congreso Nacional del PJ. Tambi\u00e9n se pronunciaron all\u00ed el jefe de gabinete, An\u00edbal Fern\u00e1ndez, y el candidato a Jefe de Gobierno porte\u00f1o por el FpV Mariano Recalde. Scioli consider\u00f3 que en el FpV \u201chay muy buenos jinetes\u201d para darle continuidad, m\u00e1s all\u00e1\u2026","rel":"","context":"En \u00abPol\u00edtica\u00bb","block_context":{"text":"Pol\u00edtica","link":"http:\/\/www.24baires.com\/?cat=51"},"img":{"alt_text":"scioli congreso","src":"https:\/\/i0.wp.com\/www.24baires.com\/wp-content\/uploads\/2015\/03\/scioli-congreso.png?resize=350%2C200","width":350,"height":200,"srcset":"https:\/\/i0.wp.com\/www.24baires.com\/wp-content\/uploads\/2015\/03\/scioli-congreso.png?resize=350%2C200 1x, https:\/\/i0.wp.com\/www.24baires.com\/wp-content\/uploads\/2015\/03\/scioli-congreso.png?resize=525%2C300 1.5x"},"classes":[]}],"jetpack_sharing_enabled":true,"jetpack_likes_enabled":true,"jetpack_featured_media_url":"","_links":{"self":[{"href":"http:\/\/www.24baires.com\/index.php?rest_route=\/wp\/v2\/posts\/65552","targetHints":{"allow":["GET"]}}],"collection":[{"href":"http:\/\/www.24baires.com\/index.php?rest_route=\/wp\/v2\/posts"}],"about":[{"href":"http:\/\/www.24baires.com\/index.php?rest_route=\/wp\/v2\/types\/post"}],"author":[{"embeddable":true,"href":"http:\/\/www.24baires.com\/index.php?rest_route=\/wp\/v2\/users\/4"}],"replies":[{"embeddable":true,"href":"http:\/\/www.24baires.com\/index.php?rest_route=%2Fwp%2Fv2%2Fcomments&post=65552"}],"version-history":[{"count":1,"href":"http:\/\/www.24baires.com\/index.php?rest_route=\/wp\/v2\/posts\/65552\/revisions"}],"predecessor-version":[{"id":65554,"href":"http:\/\/www.24baires.com\/index.php?rest_route=\/wp\/v2\/posts\/65552\/revisions\/65554"}],"wp:attachment":[{"href":"http:\/\/www.24baires.com\/index.php?rest_route=%2Fwp%2Fv2%2Fmedia&parent=65552"}],"wp:term":[{"taxonomy":"category","embeddable":true,"href":"http:\/\/www.24baires.com\/index.php?rest_route=%2Fwp%2Fv2%2Fcategories&post=65552"},{"taxonomy":"post_tag","embeddable":true,"href":"http:\/\/www.24baires.com\/index.php?rest_route=%2Fwp%2Fv2%2Ftags&post=65552"}],"curies":[{"name":"wp","href":"https:\/\/api.w.org\/{rel}","templated":true}]}}