{"id":65544,"date":"2015-05-08T10:00:27","date_gmt":"2015-05-08T13:00:27","guid":{"rendered":"http:\/\/www.24baires.com\/?p=65544"},"modified":"2015-05-08T09:56:37","modified_gmt":"2015-05-08T12:56:37","slug":"anibal-fernandez-los-intendentes-mutan-de-espacios-politicos-por-su-dignidad","status":"publish","type":"post","link":"http:\/\/www.24baires.com\/?p=65544","title":{"rendered":"An\u00edbal Fern\u00e1ndez: \u00ablos intendentes mutan de espacios pol\u00edticos por su dignidad\u00bb"},"content":{"rendered":"<p><img data-recalc-dims=\"1\" loading=\"lazy\" decoding=\"async\" class=\"aligncenter size-full wp-image-60580\" src=\"https:\/\/i0.wp.com\/www.24baires.com\/wp-content\/uploads\/2015\/01\/anibal.jpg?resize=560%2C373\" alt=\"anibal\" width=\"560\" height=\"373\" srcset=\"https:\/\/i0.wp.com\/www.24baires.com\/wp-content\/uploads\/2015\/01\/anibal.jpg?w=560 560w, https:\/\/i0.wp.com\/www.24baires.com\/wp-content\/uploads\/2015\/01\/anibal.jpg?resize=300%2C200 300w\" sizes=\"auto, (max-width: 560px) 100vw, 560px\" \/>El jefe de Gabinete asegur\u00f3 que esa es la principal motivaci\u00f3n que mueve a los jefes comunales del conurbano. Afirm\u00f3 que cambian de luguar cuando \u00abcreen que les ofrecen una propuesta seria y despu\u00e9s se dan cuenta de que son maltratados\u00bb.<!--more--><\/p>\n<p>\u00abPor lo tanto, c\u00f3mo me va a enojar que cambien de decisi\u00f3n, yo no lo miro con malos ojos, yo reivindico que un radical se sume a nuestra propuesta pol\u00edtica, entonces c\u00f3mo me voy a enojar cuando un peronista quiere volver\u00bb?, se pregunt\u00f3 Fern\u00e1ndez en di\u00e1logo con la prensa antes de ingresar a Casa de Gobierno, al referirse al diputado del Frente Renovador y ex jefe comunal de Almirante Brown, Dar\u00edo Giustozzi.<\/p>\n","protected":false},"excerpt":{"rendered":"<p>El jefe de Gabinete asegur\u00f3 que esa es la principal motivaci\u00f3n que mueve a los jefes comunales del conurbano. Afirm\u00f3 que cambian de luguar cuando \u00abcreen que les ofrecen una propuesta seria y despu\u00e9s se dan cuenta de que son maltratados\u00bb.<\/p>\n","protected":false},"author":4,"featured_media":0,"comment_status":"open","ping_status":"open","sticky":false,"template":"","format":"standard","meta":{"_jetpack_newsletter_access":"","_jetpack_dont_email_post_to_subs":false,"_jetpack_newsletter_tier_id":0,"_jetpack_memberships_contains_paywalled_content":false,"_jetpack_memberships_contains_paid_content":false,"footnotes":""},"categories":[51],"tags":[],"class_list":["post-65544","post","type-post","status-publish","format-standard","hentry","category-politica"],"jetpack_shortlink":"https:\/\/wp.me\/p2JWE0-h3a","jetpack-related-posts":[{"id":115582,"url":"http:\/\/www.24baires.com\/?p=115582","url_meta":{"origin":65544,"position":0},"title":"Fern\u00e1ndez se reuni\u00f3 con intendentes del Conurbano de la oposici\u00f3n y el oficialismo","author":"AF","date":"08\/07\/2020","format":false,"excerpt":"Desde Casa Rosada eval\u00faan, junto a los jefes comunales, la primera semana del aislamiento m\u00e1s estricto en el AMBA. El presidente Alberto Fern\u00e1ndez recibi\u00f3 a los intendentes Jorge Macri, de Vicente L\u00f3pez, y N\u00e9stor Grindetti, de Lan\u00fas; ambos de Juntos por el Cambio. El encuentro tuvo lugar en la Quinta\u2026","rel":"","context":"En \u00abProvincia\u00bb","block_context":{"text":"Provincia","link":"http:\/\/www.24baires.com\/?cat=40"},"img":{"alt_text":"","src":"https:\/\/i0.wp.com\/www.24baires.com\/wp-content\/uploads\/2020\/07\/alberto-opo.jpg?resize=350%2C200","width":350,"height":200,"srcset":"https:\/\/i0.wp.com\/www.24baires.com\/wp-content\/uploads\/2020\/07\/alberto-opo.jpg?resize=350%2C200 1x, https:\/\/i0.wp.com\/www.24baires.com\/wp-content\/uploads\/2020\/07\/alberto-opo.jpg?resize=525%2C300 1.5x"},"classes":[]},{"id":108359,"url":"http:\/\/www.24baires.com\/?p=108359","url_meta":{"origin":65544,"position":1},"title":"Alberto Fern\u00e1ndez se re\u00fane con intendentes en San Antonio de Areco","author":"GB","date":"24\/05\/2019","format":false,"excerpt":"El anfitri\u00f3n ser\u00e1 Francisco \u201cPaco\u201d Dura\u00f1ona, quien mantiene su candidatura a Gobernador. Los jefes comunales le hablar\u00e1n de la importancia de fortalecer los municipios Alberto Fern\u00e1ndez sigue estrenando su traje de candidato presidencial de Cristina Kirchner. En ese marco, llegar\u00e1 este mediod\u00eda a San Antonio de Areco para mantener una\u2026","rel":"","context":"En \u00abPol\u00edtica\u00bb","block_context":{"text":"Pol\u00edtica","link":"http:\/\/www.24baires.com\/?cat=51"},"img":{"alt_text":"","src":"https:\/\/i0.wp.com\/www.24baires.com\/wp-content\/uploads\/2019\/05\/alberto-fernandez.jpg?resize=350%2C200","width":350,"height":200,"srcset":"https:\/\/i0.wp.com\/www.24baires.com\/wp-content\/uploads\/2019\/05\/alberto-fernandez.jpg?resize=350%2C200 1x, https:\/\/i0.wp.com\/www.24baires.com\/wp-content\/uploads\/2019\/05\/alberto-fernandez.jpg?resize=525%2C300 1.5x"},"classes":[]},{"id":112597,"url":"http:\/\/www.24baires.com\/?p=112597","url_meta":{"origin":65544,"position":2},"title":"\u00abVan a entender lo que pas\u00f3 en Argentina cuando cuenten los votos\u00bb","author":"AF","date":"22\/10\/2019","format":false,"excerpt":"El candidato a presidente del Frente de Todos estuvo con intendentes de la Primera Secci\u00f3n Electoral y habl\u00f3 del pa\u00eds que le dejar\u00e1 Macri. El candidato a presidente del Frente de Todos, Alberto Fern\u00e1ndez, encabez\u00f3 un acto de campa\u00f1a en el Estadio Direct TV Arena de Malvinas Argentinas. All\u00ed agradeci\u00f3\u2026","rel":"","context":"En \u00abPol\u00edtica\u00bb","block_context":{"text":"Pol\u00edtica","link":"http:\/\/www.24baires.com\/?cat=51"},"img":{"alt_text":"","src":"https:\/\/i0.wp.com\/www.24baires.com\/wp-content\/uploads\/2019\/10\/alberto-fernandez.jpg?resize=350%2C200","width":350,"height":200,"srcset":"https:\/\/i0.wp.com\/www.24baires.com\/wp-content\/uploads\/2019\/10\/alberto-fernandez.jpg?resize=350%2C200 1x, https:\/\/i0.wp.com\/www.24baires.com\/wp-content\/uploads\/2019\/10\/alberto-fernandez.jpg?resize=525%2C300 1.5x"},"classes":[]},{"id":116191,"url":"http:\/\/www.24baires.com\/?p=116191","url_meta":{"origin":65544,"position":3},"title":"Larreta llevar\u00e1 a la Justicia el reclamo por la quita de la coparticipaci\u00f3n","author":"AF","date":"10\/09\/2020","format":false,"excerpt":"\"Vamos a avanzar por los caminos institucionales que corresponden\", sostuvo el jefe de Gobierno de la Ciudad, Horacio Rodr\u00edguez Larreta. La decisi\u00f3n del Gobierno de quitarle un punto porcentual en el reparto de la coparticipaci\u00f3n de impuestos a la Ciudad de Buenos Aires para otorg\u00e1rselo a la Provincia volvi\u00f3 a\u2026","rel":"","context":"En \u00abPol\u00edtica\u00bb","block_context":{"text":"Pol\u00edtica","link":"http:\/\/www.24baires.com\/?cat=51"},"img":{"alt_text":"","src":"https:\/\/i0.wp.com\/www.24baires.com\/wp-content\/uploads\/2020\/09\/Larreta.jpg?resize=350%2C200","width":350,"height":200,"srcset":"https:\/\/i0.wp.com\/www.24baires.com\/wp-content\/uploads\/2020\/09\/Larreta.jpg?resize=350%2C200 1x, https:\/\/i0.wp.com\/www.24baires.com\/wp-content\/uploads\/2020\/09\/Larreta.jpg?resize=525%2C300 1.5x"},"classes":[]},{"id":102830,"url":"http:\/\/www.24baires.com\/?p=102830","url_meta":{"origin":65544,"position":4},"title":"Intendentes oficialistas de la Cuarta Secci\u00f3n se reunieron con Marcos Pe\u00f1a","author":"Grupo Sierra","date":"19\/06\/2018","format":false,"excerpt":"Intendentes de Cambiemos la Cuarta Secci\u00f3n Electoral ratificaron su apoyo a las medidas del Gobierno en una reuni\u00f3n con el jefe de Gabinete nacional, Marcos Pe\u00f1a, quien busc\u00f3 llevar tranquilidad al manifestar que los fondos para las obras p\u00fablicas comprometidas \"est\u00e1n garantizados\". \"Todos los intendentes manifestamos un total apoyo a\u2026","rel":"","context":"En \u00abPol\u00edtica\u00bb","block_context":{"text":"Pol\u00edtica","link":"http:\/\/www.24baires.com\/?cat=51"},"img":{"alt_text":"","src":"https:\/\/i0.wp.com\/www.dib.com.ar\/gestion\/images\/blogmanagement\/noticias\/thumb\/5b28f9ccc446f1529412044.jpg?resize=350%2C200","width":350,"height":200,"srcset":"https:\/\/i0.wp.com\/www.dib.com.ar\/gestion\/images\/blogmanagement\/noticias\/thumb\/5b28f9ccc446f1529412044.jpg?resize=350%2C200 1x, https:\/\/i0.wp.com\/www.dib.com.ar\/gestion\/images\/blogmanagement\/noticias\/thumb\/5b28f9ccc446f1529412044.jpg?resize=525%2C300 1.5x"},"classes":[]},{"id":108364,"url":"http:\/\/www.24baires.com\/?p=108364","url_meta":{"origin":65544,"position":5},"title":"Arroyo trat\u00f3 de \u201cidiotas\u201d a quienes \u201ctienen la soberbia de calificar\u00bb su gesti\u00f3n","author":"GB","date":"24\/05\/2019","format":false,"excerpt":"El intendente de Mar del Plata cosecha el rechazo pol\u00edtico de toda la oposici\u00f3n y tambi\u00e9n, cada vez m\u00e1s de su propia fuerza pol\u00edtica. Aislado por su pelea con la gobernadora Vidal, las declaraciones de Arroyo lo terminan por condicionar. Desde el Concejo Deliberante marplatense buscan emitir una resoluci\u00f3n de\u2026","rel":"","context":"En \u00abProvincia\u00bb","block_context":{"text":"Provincia","link":"http:\/\/www.24baires.com\/?cat=40"},"img":{"alt_text":"","src":"https:\/\/i0.wp.com\/www.24baires.com\/wp-content\/uploads\/2017\/09\/arroyo.jpg?resize=350%2C200","width":350,"height":200,"srcset":"https:\/\/i0.wp.com\/www.24baires.com\/wp-content\/uploads\/2017\/09\/arroyo.jpg?resize=350%2C200 1x, https:\/\/i0.wp.com\/www.24baires.com\/wp-content\/uploads\/2017\/09\/arroyo.jpg?resize=525%2C300 1.5x"},"classes":[]}],"jetpack_sharing_enabled":true,"jetpack_likes_enabled":true,"jetpack_featured_media_url":"","_links":{"self":[{"href":"http:\/\/www.24baires.com\/index.php?rest_route=\/wp\/v2\/posts\/65544","targetHints":{"allow":["GET"]}}],"collection":[{"href":"http:\/\/www.24baires.com\/index.php?rest_route=\/wp\/v2\/posts"}],"about":[{"href":"http:\/\/www.24baires.com\/index.php?rest_route=\/wp\/v2\/types\/post"}],"author":[{"embeddable":true,"href":"http:\/\/www.24baires.com\/index.php?rest_route=\/wp\/v2\/users\/4"}],"replies":[{"embeddable":true,"href":"http:\/\/www.24baires.com\/index.php?rest_route=%2Fwp%2Fv2%2Fcomments&post=65544"}],"version-history":[{"count":3,"href":"http:\/\/www.24baires.com\/index.php?rest_route=\/wp\/v2\/posts\/65544\/revisions"}],"predecessor-version":[{"id":65549,"href":"http:\/\/www.24baires.com\/index.php?rest_route=\/wp\/v2\/posts\/65544\/revisions\/65549"}],"wp:attachment":[{"href":"http:\/\/www.24baires.com\/index.php?rest_route=%2Fwp%2Fv2%2Fmedia&parent=65544"}],"wp:term":[{"taxonomy":"category","embeddable":true,"href":"http:\/\/www.24baires.com\/index.php?rest_route=%2Fwp%2Fv2%2Fcategories&post=65544"},{"taxonomy":"post_tag","embeddable":true,"href":"http:\/\/www.24baires.com\/index.php?rest_route=%2Fwp%2Fv2%2Ftags&post=65544"}],"curies":[{"name":"wp","href":"https:\/\/api.w.org\/{rel}","templated":true}]}}