{"id":65509,"date":"2015-05-07T16:25:21","date_gmt":"2015-05-07T19:25:21","guid":{"rendered":"http:\/\/www.24baires.com\/?p=65509"},"modified":"2015-05-08T09:56:51","modified_gmt":"2015-05-08T12:56:51","slug":"este-pais-no-es-para-blandos-ni-tibios-a-quienes-corren-con-tapas-de-diarios","status":"publish","type":"post","link":"http:\/\/www.24baires.com\/?p=65509","title":{"rendered":"\u00abEste pa\u00eds no es para blandos ni tibios a quienes corren con tapas de diarios\u00bb"},"content":{"rendered":"<p><img data-recalc-dims=\"1\" loading=\"lazy\" decoding=\"async\" class=\"aligncenter size-full wp-image-65510\" src=\"https:\/\/i0.wp.com\/www.24baires.com\/wp-content\/uploads\/2015\/05\/cristina-chaco.jpg?resize=560%2C373\" alt=\"cristina chaco\" width=\"560\" height=\"373\" srcset=\"https:\/\/i0.wp.com\/www.24baires.com\/wp-content\/uploads\/2015\/05\/cristina-chaco.jpg?w=560 560w, https:\/\/i0.wp.com\/www.24baires.com\/wp-content\/uploads\/2015\/05\/cristina-chaco.jpg?resize=300%2C200 300w\" sizes=\"auto, (max-width: 560px) 100vw, 560px\" \/>As\u00ed lo asegur\u00f3 la Presidenta durante un acto transmitido por cadena nacional desde Chaco. Adem\u00e1s, inaugur\u00f3 por videoconferencia el Pabell\u00f3n argentino en la Bienal de Venecia 2015.<!--more--><\/p>\n<p>\u00abHay dos formas de llegar: con la gente al lado acompa\u00f1\u00e1ndote o con las caricias del poder, pero cuando te acarician los del poder no lleg\u00e1s tan bien como cuando lleg\u00e1s con el pueblo\u00bb, grafic\u00f3.<\/p>\n<p>Cristina Fern\u00e1ndez de Kirchner afirm\u00f3 que \u00abes importante que este proyecto nacional, popular y democr\u00e1tico siga adelante con este proceso de inclusi\u00f3n\u00bb.<\/p>\n<p>As\u00ed lo se\u00f1al\u00f3 desde el Chaco al habilitar un nuevo edificio del hospital Pedi\u00e1trico Avelino Castel\u00e1n, y a trav\u00e9s de videoconferencias, inaugurar el stand argentino en la 56ta. Bienal de Arte de Venecia 2015, la llegada al puerto del Buenos Aires de los nuevos coches 0km para l\u00ednea Roca y con Puerto Tirol, y la instalaci\u00f3n del primer obrador troncal de Gasoducto del Noreste Argentino (GNEA).<\/p>\n<p>Cristina se encuentra acompa\u00f1ada por el gobernador del Chaco, Jorge Capitanich, y se comunicar\u00e1 en primer t\u00e9rmino con el canciller H\u00e9ctor Timerman, que se encuentra en Venecia; luego con el ministro de Interior y Transporte, Florencio Randazzo, que recibir\u00e1 los trenes en el Puerto de Buenos Aires, y finalmente con la secretaria de Energ\u00eda de la Naci\u00f3n, Mariana Matranga, que est\u00e1 en la localidad chaque\u00f1a de Puente Tirol.<\/p>\n<p>A trav\u00e9s de su cuenta de Facebook, Cristina public\u00f3 fotograf\u00edas del nuevo hospital, que tiene \u00abtodas las instalaciones necesarias para asistir y cuidar la salud de los ni\u00f1os de 3 meses a 14 a\u00f1os\u00bb, y \u00abcuenta con \u00e1rea de emergencias, servicio de internaci\u00f3n, de hospital de d\u00eda y terapia intensiva\u00bb.<\/p>\n<p>Asimismo, posee \u00abconsultorios externos, laboratorio de alta complejidad, sala de cirug\u00eda con 6 quir\u00f3fanos, y un sector de diagn\u00f3stico por im\u00e1genes con Tomograf\u00eda Axial Computada\u00bb, sostuvo la Presidenta.<\/p>\n<p>\u00abEl nuevo edificio tiene una superficie cubierta de m\u00e1s de 12.400 m2, ampl\u00eda y mejora la atenci\u00f3n pedi\u00e1trica en el Chaco. Tambi\u00e9n estar\u00e1 conectado a la red de CiberSalud mediante el nuevo tendido de fibra \u00f3ptica\u00bb, destac\u00f3.<\/p>\n<p>Finalmente, la Presidenta mencion\u00f3 que la inversi\u00f3n para la construcci\u00f3n del hospital situado en Resistencia fue de $220.000.000; de los cuales $180.000.000 los otorg\u00f3 la provincia de Chaco, destinados a la obra; y el Estado Nacional entreg\u00f3 $40.000.000 para equipamiento.<\/p>\n<p>&nbsp;<\/p>\n<p>&nbsp;<\/p>\n<p>&nbsp;<\/p>\n<p>&nbsp;<\/p>\n<p>&nbsp;<\/p>\n<p>&nbsp;<\/p>\n","protected":false},"excerpt":{"rendered":"<p>As\u00ed lo asegur\u00f3 la Presidenta durante un acto transmitido por cadena nacional desde Chaco. Adem\u00e1s, inaugur\u00f3 por videoconferencia el Pabell\u00f3n argentino en la Bienal de Venecia 2015.<\/p>\n","protected":false},"author":8,"featured_media":0,"comment_status":"open","ping_status":"open","sticky":false,"template":"","format":"standard","meta":{"_jetpack_newsletter_access":"","_jetpack_dont_email_post_to_subs":false,"_jetpack_newsletter_tier_id":0,"_jetpack_memberships_contains_paywalled_content":false,"_jetpack_memberships_contains_paid_content":false,"footnotes":""},"categories":[51],"tags":[],"class_list":["post-65509","post","type-post","status-publish","format-standard","hentry","category-politica"],"jetpack_shortlink":"https:\/\/wp.me\/p2JWE0-h2B","jetpack-related-posts":[{"id":65500,"url":"http:\/\/www.24baires.com\/?p=65500","url_meta":{"origin":65509,"position":0},"title":"Cristina inaugura un hospital pedi\u00e1trico en Chaco","author":"AF","date":"07\/05\/2015","format":false,"excerpt":"Cristina Fern\u00e1ndez de Kichner encabeza el acto de habilitaci\u00f3n del nuevo edificio del hospital Avelino Castel\u00e1n. Adem\u00e1s, inaugura por videoconferencia el Pabell\u00f3n argentino en la Bienal de Venecia 2015. La presidenta Cristina Fern\u00e1ndez encabeza desde las 13.25 en el Chaco el acto de habilitaci\u00f3n del nuevo edificio del hospital Pedi\u00e1trico\u2026","rel":"","context":"En \u00abSociedad\u00bb","block_context":{"text":"Sociedad","link":"http:\/\/www.24baires.com\/?cat=1"},"img":{"alt_text":"","src":"https:\/\/i0.wp.com\/www.24baires.com\/wp-content\/uploads\/2015\/05\/crist.jpg?resize=350%2C200","width":350,"height":200,"srcset":"https:\/\/i0.wp.com\/www.24baires.com\/wp-content\/uploads\/2015\/05\/crist.jpg?resize=350%2C200 1x, https:\/\/i0.wp.com\/www.24baires.com\/wp-content\/uploads\/2015\/05\/crist.jpg?resize=525%2C300 1.5x"},"classes":[]},{"id":47085,"url":"http:\/\/www.24baires.com\/?p=47085","url_meta":{"origin":65509,"position":1},"title":"\u00abEstamos llegando con obras a todo el pa\u00eds\u00bb, asegur\u00f3 Cristina","author":"GB","date":"31\/05\/2014","format":false,"excerpt":"La presidenta lo manifest\u00f3 al hablar desde R\u00edo Gallegos, donde inaugur\u00f3 una serie de obras. Tambi\u00e9n resalt\u00f3 la nacionalizaci\u00f3n de YPF, cuya recuperaci\u00f3n \"es un orgullo para los patag\u00f3nicos y los argentino. La presidenta Cristina Fern\u00e1ndez de Kirchner, explic\u00f3 hoy que el Gobierno est\u00e1 trabajando \"para que todos los argentinos\u2026","rel":"","context":"En \u00abPol\u00edtica\u00bb","block_context":{"text":"Pol\u00edtica","link":"http:\/\/www.24baires.com\/?cat=51"},"img":{"alt_text":"cristina mugica","src":"https:\/\/i0.wp.com\/www.24baires.com\/wp-content\/uploads\/2014\/05\/cristin-mugica.jpg?resize=350%2C200","width":350,"height":200,"srcset":"https:\/\/i0.wp.com\/www.24baires.com\/wp-content\/uploads\/2014\/05\/cristin-mugica.jpg?resize=350%2C200 1x, https:\/\/i0.wp.com\/www.24baires.com\/wp-content\/uploads\/2014\/05\/cristin-mugica.jpg?resize=525%2C300 1.5x"},"classes":[]},{"id":5601,"url":"http:\/\/www.24baires.com\/?p=5601","url_meta":{"origin":65509,"position":2},"title":"Abren la convocatoria para la Bienal Nacional de Arte de Bah\u00eda Blanca 2013","author":"Grupo Sierra","date":"15\/11\/2012","format":false,"excerpt":"La gesti\u00f3n del MBA-MAC (Museo de Bellas Artes - Museo de Arte Contempor\u00e1neo de Bah\u00eda Blanca contin\u00faa dando el ejemplo, tanto a nivel provincial como nacional, con la apertura de la convocatoria para una nueva edici\u00f3n de la Bienal Nacional de Arte. Estos dos museos, nacido en 1931 el primero,\u2026","rel":"","context":"En \u00abArte &amp; Cultura\u00bb","block_context":{"text":"Arte &amp; Cultura","link":"http:\/\/www.24baires.com\/?cat=53"},"img":{"alt_text":"","src":"https:\/\/i0.wp.com\/www.24baires.com\/wp-content\/uploads\/2012\/11\/bienal-bb.jpg?resize=350%2C200","width":350,"height":200,"srcset":"https:\/\/i0.wp.com\/www.24baires.com\/wp-content\/uploads\/2012\/11\/bienal-bb.jpg?resize=350%2C200 1x, https:\/\/i0.wp.com\/www.24baires.com\/wp-content\/uploads\/2012\/11\/bienal-bb.jpg?resize=525%2C300 1.5x"},"classes":[]},{"id":116123,"url":"http:\/\/www.24baires.com\/?p=116123","url_meta":{"origin":65509,"position":3},"title":"\u00abLa Argentina central que tiene periferias no se puede tolerar m\u00e1s\u00bb","author":"AF","date":"01\/09\/2020","format":false,"excerpt":"El Presidente encabez\u00f3 la firma de convenios con el gobernador de Chaco, Jorge Capitanich. En ese marco, defendi\u00f3 el acceso a la conectividad y al conocimiento en todo el pa\u00eds. El presidente Alberto Fern\u00e1ndez reafirm\u00f3 que \"la Argentina central, que tiene dos periferias, al norte y a sur del pa\u00eds,\u2026","rel":"","context":"En \u00abPol\u00edtica\u00bb","block_context":{"text":"Pol\u00edtica","link":"http:\/\/www.24baires.com\/?cat=51"},"img":{"alt_text":"","src":"https:\/\/i0.wp.com\/www.24baires.com\/wp-content\/uploads\/2020\/09\/fern%C3%A1ndez-capitanich.jpg?resize=350%2C200","width":350,"height":200,"srcset":"https:\/\/i0.wp.com\/www.24baires.com\/wp-content\/uploads\/2020\/09\/fern%C3%A1ndez-capitanich.jpg?resize=350%2C200 1x, https:\/\/i0.wp.com\/www.24baires.com\/wp-content\/uploads\/2020\/09\/fern%C3%A1ndez-capitanich.jpg?resize=525%2C300 1.5x"},"classes":[]},{"id":27033,"url":"http:\/\/www.24baires.com\/?p=27033","url_meta":{"origin":65509,"position":4},"title":"Cristina se puso la campa\u00f1a al hombro y se mostr\u00f3 con varios de sus candidatos","author":"Grupo Sierra","date":"27\/06\/2013","format":false,"excerpt":"\"No saben lo que es gestionar un pa\u00eds como la Argentina, 365 d\u00edas del a\u00f1o con las antenas paradas\", sostuvo la Presidenta y agreg\u00f3 que \"hay que seguir poniendo trabajo, esfuerzo, coherencia y mucha honestidad intelectual para seguir trabajando por la Argentina\".\u00a0 Tambi\u00e9n mantuvo otra videoconferencia con La Plata, en\u2026","rel":"","context":"En \u00abPol\u00edtica\u00bb","block_context":{"text":"Pol\u00edtica","link":"http:\/\/www.24baires.com\/?cat=51"},"img":{"alt_text":"","src":"https:\/\/i0.wp.com\/www.24baires.com\/wp-content\/uploads\/2013\/06\/cristina-churruca.jpg?resize=350%2C200","width":350,"height":200,"srcset":"https:\/\/i0.wp.com\/www.24baires.com\/wp-content\/uploads\/2013\/06\/cristina-churruca.jpg?resize=350%2C200 1x, https:\/\/i0.wp.com\/www.24baires.com\/wp-content\/uploads\/2013\/06\/cristina-churruca.jpg?resize=525%2C300 1.5x"},"classes":[]},{"id":50544,"url":"http:\/\/www.24baires.com\/?p=50544","url_meta":{"origin":65509,"position":5},"title":"Cristina: \u00abLos fondos buitre son la contracara de diez a\u00f1os de crecimiento\u00bb","author":"Grupo Sierra","date":"25\/07\/2014","format":false,"excerpt":"La Presidenta realiz\u00f3 estas declaraciones a trav\u00e9s de una videoconferencia con el jefe de Gabinete, Jorge Capitanich, quien se encontraba en el Chaco para inaugurar la empresa metal\u00fargica L\u00edder en el parque industrial Puerto Tirol. La Presidenta afirm\u00f3 en su discurso que los \u201cfondos buitre\u201d son \u201cla contracara\u201d de todo\u2026","rel":"","context":"En \u00abGeneral\u00bb","block_context":{"text":"General","link":"http:\/\/www.24baires.com\/?cat=67"},"img":{"alt_text":"Cristina rosada","src":"https:\/\/i0.wp.com\/www.24baires.com\/wp-content\/uploads\/2014\/01\/Cristina-rosada.jpg?resize=350%2C200","width":350,"height":200,"srcset":"https:\/\/i0.wp.com\/www.24baires.com\/wp-content\/uploads\/2014\/01\/Cristina-rosada.jpg?resize=350%2C200 1x, https:\/\/i0.wp.com\/www.24baires.com\/wp-content\/uploads\/2014\/01\/Cristina-rosada.jpg?resize=525%2C300 1.5x"},"classes":[]}],"jetpack_sharing_enabled":true,"jetpack_likes_enabled":true,"jetpack_featured_media_url":"","_links":{"self":[{"href":"http:\/\/www.24baires.com\/index.php?rest_route=\/wp\/v2\/posts\/65509","targetHints":{"allow":["GET"]}}],"collection":[{"href":"http:\/\/www.24baires.com\/index.php?rest_route=\/wp\/v2\/posts"}],"about":[{"href":"http:\/\/www.24baires.com\/index.php?rest_route=\/wp\/v2\/types\/post"}],"author":[{"embeddable":true,"href":"http:\/\/www.24baires.com\/index.php?rest_route=\/wp\/v2\/users\/8"}],"replies":[{"embeddable":true,"href":"http:\/\/www.24baires.com\/index.php?rest_route=%2Fwp%2Fv2%2Fcomments&post=65509"}],"version-history":[{"count":1,"href":"http:\/\/www.24baires.com\/index.php?rest_route=\/wp\/v2\/posts\/65509\/revisions"}],"predecessor-version":[{"id":65511,"href":"http:\/\/www.24baires.com\/index.php?rest_route=\/wp\/v2\/posts\/65509\/revisions\/65511"}],"wp:attachment":[{"href":"http:\/\/www.24baires.com\/index.php?rest_route=%2Fwp%2Fv2%2Fmedia&parent=65509"}],"wp:term":[{"taxonomy":"category","embeddable":true,"href":"http:\/\/www.24baires.com\/index.php?rest_route=%2Fwp%2Fv2%2Fcategories&post=65509"},{"taxonomy":"post_tag","embeddable":true,"href":"http:\/\/www.24baires.com\/index.php?rest_route=%2Fwp%2Fv2%2Ftags&post=65509"}],"curies":[{"name":"wp","href":"https:\/\/api.w.org\/{rel}","templated":true}]}}