{"id":65398,"date":"2015-05-06T10:12:53","date_gmt":"2015-05-06T13:12:53","guid":{"rendered":"http:\/\/www.24baires.com\/?p=65398"},"modified":"2015-05-06T19:24:44","modified_gmt":"2015-05-06T22:24:44","slug":"para-anibal-la-firma-de-fayt-es-una-falsedad-ideologica","status":"publish","type":"post","link":"http:\/\/www.24baires.com\/?p=65398","title":{"rendered":"Para An\u00edbal, la firma de Fayt es una \u00abfalsedad ideol\u00f3gica\u00bb"},"content":{"rendered":"<p>El jefe de Gabinete, An\u00edbal Fern\u00e1ndez, explic\u00f3 que eso se produjo debido a que no habr\u00eda sido firmada por el magistrado en la Sala de Acuerdos del Alto Tribunal, sino en su casa, hasta donde se la alcanz\u00f3 uno de los colaboradores directos.<!--more--><\/p>\n<p>Se trata de la acordada de la Corte por la que se aprob\u00f3 la reelecci\u00f3n del titular del cuerpo, Ricardo Lorenzetti, para la cual cont\u00f3 tambi\u00e9n con el respaldo de los otros miembros Helena Highton y Juan Carlos Maqueda.<\/p>\n<p>Fern\u00e1ndez hizo declaraciones antes de ingresar a la Casa de Gobierno, donde propuso que Fayt se presente en la puerta de su casa, brinde un conferencia de prensa y despeje las dudas sobre su salud, que se presume que es el motivo por el cual no concurri\u00f3 a la Sala de Acuerdos para rubricar el acta en cuesti\u00f3n.<\/p>\n<p>&nbsp;<\/p>\n<p>&nbsp;<\/p>\n<p>&nbsp;<\/p>\n<p>&nbsp;<\/p>\n<p>&nbsp;<\/p>\n<p>&nbsp;<\/p>\n<p>&nbsp;<\/p>\n<p>&nbsp;<\/p>\n<p>&nbsp;<\/p>\n<p>&nbsp;<\/p>\n<p>&nbsp;<\/p>\n","protected":false},"excerpt":{"rendered":"<p>El jefe de Gabinete, An\u00edbal Fern\u00e1ndez, explic\u00f3 que eso se produjo debido a que no habr\u00eda sido firmada por el magistrado en la Sala de Acuerdos del Alto Tribunal, sino en su casa, hasta donde se la alcanz\u00f3 uno de los colaboradores directos.<\/p>\n","protected":false},"author":8,"featured_media":0,"comment_status":"open","ping_status":"open","sticky":false,"template":"","format":"standard","meta":{"_jetpack_newsletter_access":"","_jetpack_dont_email_post_to_subs":false,"_jetpack_newsletter_tier_id":0,"_jetpack_memberships_contains_paywalled_content":false,"_jetpack_memberships_contains_paid_content":false,"footnotes":""},"categories":[51],"tags":[],"class_list":["post-65398","post","type-post","status-publish","format-standard","hentry","category-politica"],"jetpack_shortlink":"https:\/\/wp.me\/p2JWE0-h0O","jetpack-related-posts":[{"id":65676,"url":"http:\/\/www.24baires.com\/?p=65676","url_meta":{"origin":65398,"position":0},"title":"\u00abA Fayt lo est\u00e1n obligando a hacer cosas que no hubiera hecho en otro momento\u201d","author":"AF","date":"11\/05\/2015","format":false,"excerpt":"An\u00edbal Fern\u00e1ndez dijo que \"deber\u00edan dejar de torturar\" al juez de la Corte Suprema Carlos Fayt, al ser consultado por la situaci\u00f3n por la que atraviesa el alto Tribunal y el magistrado 97 a\u00f1os. \"Lo est\u00e1n obligando a hacer cosas que en otro momento, no har\u00eda. La acordada 11 (de\u2026","rel":"","context":"En \u00abJUDICIALES\u00bb","block_context":{"text":"JUDICIALES","link":"http:\/\/www.24baires.com\/?cat=68"},"img":{"alt_text":"","src":"","width":0,"height":0},"classes":[]},{"id":65330,"url":"http:\/\/www.24baires.com\/?p=65330","url_meta":{"origin":65398,"position":1},"title":"Acusan de \u00abfalsedad inserta\u00bb a la Acordada de la Corte Suprema que reeligi\u00f3 a Lorenzetti","author":"AF","date":"05\/05\/2015","format":false,"excerpt":"El jefe de Gabinete, An\u00edbal Fern\u00e1ndez, acuso hoy de \u201cfalsedad inserta\u201d a la Acordada del m\u00e1ximo tribunal sobre la reelecci\u00f3n de su titular, Ricardo Lorenzetti, firmada por sus ministros, en la Sala de Acuerdos, con excepci\u00f3n de Carlos Fayt, que lo hizo en su domicilio particular. \"En las actas con\u2026","rel":"","context":"En \u00abDestacados\u00bb","block_context":{"text":"Destacados","link":"http:\/\/www.24baires.com\/?cat=39"},"img":{"alt_text":"fern\u00e1ndez an\u00edbal2","src":"https:\/\/i0.wp.com\/www.24baires.com\/wp-content\/uploads\/2012\/11\/fern%C3%A1ndez-an%C3%ADbal2.jpg?resize=350%2C200","width":350,"height":200,"srcset":"https:\/\/i0.wp.com\/www.24baires.com\/wp-content\/uploads\/2012\/11\/fern%C3%A1ndez-an%C3%ADbal2.jpg?resize=350%2C200 1x, https:\/\/i0.wp.com\/www.24baires.com\/wp-content\/uploads\/2012\/11\/fern%C3%A1ndez-an%C3%ADbal2.jpg?resize=525%2C300 1.5x"},"classes":[]},{"id":66050,"url":"http:\/\/www.24baires.com\/?p=66050","url_meta":{"origin":65398,"position":2},"title":"An\u00edbal, seguro, reafirm\u00f3 que el FpV gana \u00aben primera o segunda vuelta\u00bb","author":"GB","date":"17\/05\/2015","format":false,"excerpt":"El jefe de Gabinete de Ministros An\u00edbal Fern\u00e1ndez, se mostr\u00f3 confiado en el triunfo del Frente para la Victoria en las elecciones de octubre, \u201cgana en primera o segunda vuelta\u201d indic\u00f3, al mismo tiempo que augur\u00f3 que la elecci\u00f3n \u201cse va a polarizar mucho con la derecha\u201d. \u201cLa elecci\u00f3n presidencial\u2026","rel":"","context":"En \u00abPol\u00edtica\u00bb","block_context":{"text":"Pol\u00edtica","link":"http:\/\/www.24baires.com\/?cat=51"},"img":{"alt_text":"anibal conferencia","src":"https:\/\/i0.wp.com\/www.24baires.com\/wp-content\/uploads\/2015\/04\/anibal-conferencia.jpg?resize=350%2C200","width":350,"height":200,"srcset":"https:\/\/i0.wp.com\/www.24baires.com\/wp-content\/uploads\/2015\/04\/anibal-conferencia.jpg?resize=350%2C200 1x, https:\/\/i0.wp.com\/www.24baires.com\/wp-content\/uploads\/2015\/04\/anibal-conferencia.jpg?resize=525%2C300 1.5x"},"classes":[]},{"id":65816,"url":"http:\/\/www.24baires.com\/?p=65816","url_meta":{"origin":65398,"position":3},"title":"\u00abEs el Congreso el que eval\u00faa el estado de salud de Fayt\u00bb","author":"GB","date":"13\/05\/2015","format":false,"excerpt":"El jefe de Gabinete sostuvo hoy que \"no es el Gobierno el que est\u00e1 pidiendo nada, sino que el Congreso es el que eval\u00faa una nota presentada por un legislador\", referida a la posibilidad de realizar un juicio pol\u00edtico al magistrado. El funcionario formul\u00f3 las declaraciones al ingresar a la\u2026","rel":"","context":"En \u00abPol\u00edtica\u00bb","block_context":{"text":"Pol\u00edtica","link":"http:\/\/www.24baires.com\/?cat=51"},"img":{"alt_text":"anibal conferencia","src":"https:\/\/i0.wp.com\/www.24baires.com\/wp-content\/uploads\/2015\/04\/anibal-conferencia.jpg?resize=350%2C200","width":350,"height":200,"srcset":"https:\/\/i0.wp.com\/www.24baires.com\/wp-content\/uploads\/2015\/04\/anibal-conferencia.jpg?resize=350%2C200 1x, https:\/\/i0.wp.com\/www.24baires.com\/wp-content\/uploads\/2015\/04\/anibal-conferencia.jpg?resize=525%2C300 1.5x"},"classes":[]},{"id":60989,"url":"http:\/\/www.24baires.com\/?p=60989","url_meta":{"origin":65398,"position":4},"title":"\u00abNadie sabe si Fayt conserva la idoneidad\u00bb para seguir en la Corte, dijo An\u00edbal Fern\u00e1ndez","author":"GB","date":"30\/01\/2015","format":false,"excerpt":"El secretario general de la Presidencia, An\u00edbal Fern\u00e1ndez, se mostr\u00f3 hoy partidario de efectuar una pericia al ministro decano del tribunal supremo, de 97 a\u00f1os, para evaluar si puede seguir con sus funciones. El secretario General de la Presidencia, An\u00edbal Fern\u00e1ndez, calific\u00f3 hoy de \u201cestupidez\u201d la denuncia de algunos miembros\u2026","rel":"","context":"En \u00abPol\u00edtica\u00bb","block_context":{"text":"Pol\u00edtica","link":"http:\/\/www.24baires.com\/?cat=51"},"img":{"alt_text":"fern\u00e1ndez an\u00edbal","src":"https:\/\/i0.wp.com\/www.24baires.com\/wp-content\/uploads\/2012\/12\/fern%C3%A1ndez-an%C3%ADbal.jpg?resize=350%2C200","width":350,"height":200,"srcset":"https:\/\/i0.wp.com\/www.24baires.com\/wp-content\/uploads\/2012\/12\/fern%C3%A1ndez-an%C3%ADbal.jpg?resize=350%2C200 1x, https:\/\/i0.wp.com\/www.24baires.com\/wp-content\/uploads\/2012\/12\/fern%C3%A1ndez-an%C3%ADbal.jpg?resize=525%2C300 1.5x"},"classes":[]},{"id":64185,"url":"http:\/\/www.24baires.com\/?p=64185","url_meta":{"origin":65398,"position":5},"title":"An\u00edbal descart\u00f3 nuevamente la posibilidad de ampliar la Corte","author":"Grupo Sierra","date":"13\/04\/2015","format":false,"excerpt":"El jefe de Gabinete asegur\u00f3 que desde el Poder Ejecutivo \"no hay ning\u00fan proyecto\", al ser consultado por la prensa sobre las versiones sobre una iniciativa para ampliar a nueve el n\u00famero de miembros del m\u00e1ximo tribunal. El jefe de Gabinete, An\u00edbal Fern\u00e1ndez, dijo hoy que \"no hay ning\u00fan proyecto\"\u2026","rel":"","context":"En \u00abPol\u00edtica\u00bb","block_context":{"text":"Pol\u00edtica","link":"http:\/\/www.24baires.com\/?cat=51"},"img":{"alt_text":"anibal conferencia","src":"https:\/\/i0.wp.com\/www.24baires.com\/wp-content\/uploads\/2015\/04\/anibal-conferencia.jpg?resize=350%2C200","width":350,"height":200,"srcset":"https:\/\/i0.wp.com\/www.24baires.com\/wp-content\/uploads\/2015\/04\/anibal-conferencia.jpg?resize=350%2C200 1x, https:\/\/i0.wp.com\/www.24baires.com\/wp-content\/uploads\/2015\/04\/anibal-conferencia.jpg?resize=525%2C300 1.5x"},"classes":[]}],"jetpack_sharing_enabled":true,"jetpack_likes_enabled":true,"jetpack_featured_media_url":"","_links":{"self":[{"href":"http:\/\/www.24baires.com\/index.php?rest_route=\/wp\/v2\/posts\/65398","targetHints":{"allow":["GET"]}}],"collection":[{"href":"http:\/\/www.24baires.com\/index.php?rest_route=\/wp\/v2\/posts"}],"about":[{"href":"http:\/\/www.24baires.com\/index.php?rest_route=\/wp\/v2\/types\/post"}],"author":[{"embeddable":true,"href":"http:\/\/www.24baires.com\/index.php?rest_route=\/wp\/v2\/users\/8"}],"replies":[{"embeddable":true,"href":"http:\/\/www.24baires.com\/index.php?rest_route=%2Fwp%2Fv2%2Fcomments&post=65398"}],"version-history":[{"count":2,"href":"http:\/\/www.24baires.com\/index.php?rest_route=\/wp\/v2\/posts\/65398\/revisions"}],"predecessor-version":[{"id":65451,"href":"http:\/\/www.24baires.com\/index.php?rest_route=\/wp\/v2\/posts\/65398\/revisions\/65451"}],"wp:attachment":[{"href":"http:\/\/www.24baires.com\/index.php?rest_route=%2Fwp%2Fv2%2Fmedia&parent=65398"}],"wp:term":[{"taxonomy":"category","embeddable":true,"href":"http:\/\/www.24baires.com\/index.php?rest_route=%2Fwp%2Fv2%2Fcategories&post=65398"},{"taxonomy":"post_tag","embeddable":true,"href":"http:\/\/www.24baires.com\/index.php?rest_route=%2Fwp%2Fv2%2Ftags&post=65398"}],"curies":[{"name":"wp","href":"https:\/\/api.w.org\/{rel}","templated":true}]}}