{"id":65390,"date":"2015-05-05T21:07:42","date_gmt":"2015-05-06T00:07:42","guid":{"rendered":"http:\/\/www.24baires.com\/?p=65390"},"modified":"2015-05-05T21:08:50","modified_gmt":"2015-05-06T00:08:50","slug":"a-pesar-a-los-cambios-en-ganancias-gremios-insisten-con-las-protestas","status":"publish","type":"post","link":"http:\/\/www.24baires.com\/?p=65390","title":{"rendered":"A pesar de los cambios en Ganancias, gremios insisten con las protestas"},"content":{"rendered":"<p><img data-recalc-dims=\"1\" loading=\"lazy\" decoding=\"async\" class=\"aligncenter size-full wp-image-65391\" src=\"https:\/\/i0.wp.com\/www.24baires.com\/wp-content\/uploads\/2015\/05\/gremios-contra-ganancias.jpg?resize=560%2C373\" alt=\"gremios contra ganancias\" width=\"560\" height=\"373\" srcset=\"https:\/\/i0.wp.com\/www.24baires.com\/wp-content\/uploads\/2015\/05\/gremios-contra-ganancias.jpg?w=560 560w, https:\/\/i0.wp.com\/www.24baires.com\/wp-content\/uploads\/2015\/05\/gremios-contra-ganancias.jpg?resize=300%2C200 300w\" sizes=\"auto, (max-width: 560px) 100vw, 560px\" \/>Los empleados bancarios se sumaron este martes a los gremios que est\u00e1n en conflicto, ante la falta de respuestas a pedidos de aumentos salariales y frente al intento del gobierno, por poner un techo a las negociaciones paritarias.<!--more--><\/p>\n<p>El secretario general de La Bancaria, Sergio Palazzo, ratific\u00f3 la jornada de protesta con asamblea y retenci\u00f3n de tareas que realizar\u00e1 ma\u00f1ana, ese gremio, al tiempo que confirm\u00f3 el paro de 24 horas para el martes pr\u00f3ximo, tras falta de acuerdo en las negociaciones paritarias.<br \/>\nEl sindicalista advirti\u00f3 que en el caso de que el Ministerio de Trabajo dicte conciliaci\u00f3n obligatoria, \u00abseguramente no lo acataremos\u00bb y responsabiliz\u00f3 al gobierno de \u00abpresionar para que se firmen paritarias a la baja\u00bb.<\/p>\n<p>El paro iniciado por la Federaci\u00f3n de Obreros Aceiteros, por tiempo indeterminado, afecta a cuatro terminales portuarias de la zona sur del Gran Rosario, donde se encuentran sin operar cinco buques de gran porte, informaron este martes fuentes gremiales.<\/p>\n<p>La huelga de los aceiteros fue dispuesta despu\u00e9s de una audiencia en el Ministerio de Trabajo de la Naci\u00f3n, en una conciliaci\u00f3n obligatoria que venci\u00f3 el lunes, en el marco de un conflicto por las paritarias, donde el gremio exige un 42 por ciento de aumento para las categor\u00edas m\u00e1s bajas y hasta el 48 por ciento para las m\u00e1s altas.<\/p>\n<p>El sector empresario alert\u00f3 que la medida de fuerza afectar\u00e1 el abastecimiento de aceites a la cadena comercial dom\u00e9stica y paralizar\u00e1 los embarques de exportaciones y el ingreso de divisas, en pleno apogeo de la cosecha de soja y ma\u00edz.<br \/>\nEn un intento por contrarrestar la ola de conflictos, el Ministerio de Trabajo dict\u00f3 la conciliaci\u00f3n obligatoria en la negociaci\u00f3n salarial de los metal\u00fargicos, que hab\u00edan anunciado un paro de 36 horas a partir de la cero hora de ma\u00f1ana.<\/p>\n<p>Fuentes de la cartera laboral informaron a DyN que la Uni\u00f3n Obrera Metal\u00fargica (UOM), que conduce el jefe de la CGT af\u00edn al Gobierno, Antonio Cal\u00f3, ya fue notificada de la medida, lo que desactivar\u00eda la huelga, y a\u00f1adieron que el jueves a las 15 habr\u00e1 una reuni\u00f3n entre las partes en el ministerio conducido por Carlos Tomada.<\/p>\n<p>En ese marco, el ministro de Econom\u00eda, Axel Kicillof, neg\u00f3 que el Gobierno quiera implementar un \u00abtecho\u00bb a las negociaciones paritarias, pero advirti\u00f3 que no avalar\u00e1 que empresarios acuerden aumentos salariales \u00abpensando en subir los precios\u00bb.<\/p>\n<p>\u00abEn el marco de la discusi\u00f3n salarial, que es entre cada sindicato y la patronal, la paritaria es totalmente libre. Lo que el Gobierno no va a avalar es que un empresario diga &#8216;bueno, yo aumento los sueldos, total lo llevo a precios despu\u00e9s&#8217;. Y eso lo escuch\u00e9 yo de algunos empresarios\u00bb, se\u00f1al\u00f3.<\/p>\n<p>A pesar de esto, los sindicalistas afirman que el gobierno presiona para imponer techos a la negociaci\u00f3n salarial.<\/p>\n<p>El secretario adjunto del Sindicato de Camioneros, Pablo Moyano, advirti\u00f3 que existe \u00abuna presi\u00f3n total del Gobierno\u00bb a sindicatos y empresarios para establecer un tope \u00abdel 25 o 26 por ciento\u00bb a la negociaci\u00f3n salarial.<\/p>\n<p>Tambi\u00e9n se sum\u00f3, el secretario general de La Fraternidad, Omar Maturano, quien se\u00f1al\u00f3 que \u00abnuestros salarios se van licuando d\u00eda a d\u00eda, y hoy encima ponen un cepo al aumento salarial\u00bb.<\/p>\n<p>\u00abHablan de paritarias libres, pero dicen que \u00fanicamente podemos firmar por el 25 por ciento\u00bb, puntualiz\u00f3 Maturano.<\/p>\n<p>Otros gremios como el mercantil, est\u00e1n a la espera de la aprobaci\u00f3n del acuerdo alcanzado con los empresarios donde se hab\u00eda logrado un incremento de 30 por ciento m\u00e1s dos sumas fijas por \u00fanica vez pero que la cartera laboral se neg\u00f3 a homologar, seg\u00fan consignaron voceros sindicales.<br \/>\nPor su parte, profesores universitarios agrupados en la Conadu Hist\u00f3rica iniciar\u00e1n ma\u00f1ana una jornada nacional de protesta de 48 horas, y desde el jueves se sumar\u00e1n los de la Universidad Tecnol\u00f3gica Nacional, en apoyo a sus demandas salariales.<\/p>\n<p>La protesta de la Conadu, que afectar\u00e1 las universidades nacionales incluir\u00e1 radios abiertas, movilizaciones y clases p\u00fablicas, en reclamo de un aumento salarial de 40%.<\/p>\n<p>El paro de la Asociaci\u00f3n Gremial de Docentes de la Universidad Tecnol\u00f3gica Nacional (FAGDUT) se realizar\u00e1 el jueves sin asistencia a clases, en apoyo del reclamo de un incremento salarial del 35%.<\/p>\n<p>Ambos gremios rechazaron el ofrecimiento salarial del 22% que propuso el gobierno y dispusieron las medidas de fuerza pese a que el pr\u00f3ximo martes se reanuda la ronda de la paritaria nacional en el ministerio de Educaci\u00f3n.<\/p>\n<p>Al paro de la Conadu Hist\u00f3rica adhirieron docentes universitarios y preuniversitarios, adem\u00e1s de las universidades de R\u00edo Cuarto y Rosario, que pertenecen a otra federaci\u00f3n, junto a organizaciones de base de la casas de altos estudios de Patagonia Austral, Litoral, San Luis, Cuyo, Jujuy, Luj\u00e1n y San Juan.<\/p>\n<p>El secretario general de la FAGDUT, Ram\u00f3n Marostica, dijo que el ofrecimiento salarial del gobierno \u00abcosech\u00f3 el rechazo de todos los sindicatos por ser insuficiente e irritativa, porque no contempla el notable aumento de precios al consumidor de los productos alimenticios\u00bb.<\/p>\n<p>El paro abarcar\u00e1 a las 29 Facultades Regionales de la UTN, el Instituto Nacional Superior del Profesorado T\u00e9cnico, el Colegio Siemens y el Centro de Estudios Mar del Plata. El gobierno hab\u00eda ofrecido 22% de aumento, pagadero en dos cuotas de 12% en junio y la restante de 10% en el segundo semestre que fue rechazado por ambos gremios.<br \/>\nCon todo esto no parece haber surtido efecto la \u00faltima decisi\u00f3n oficial. El lunes, el ministro de Econom\u00eda, Axel Kicillof, anunci\u00f3 una \u00abreducci\u00f3n\u00bb en el Impuesto a las Ganancias para los trabajadores que tienen un salario bruto de entre $15 mil y $25 mil por mes. La rebaja se instrumentar\u00e1 a trav\u00e9s de una modificaci\u00f3n en las escalas que tiene el r\u00e9gimen impositivo.<br \/>\nSeg\u00fan las cifras que entreg\u00f3 el funcionario, la medida representar\u00e1 un aumento promedio de 6% en los salarios de bolsillo de los trabajadores casados que ganan menos de $25 mil por mes. En el caso de los solteros, el salto ser\u00e1 de casi 5 por ciento.<br \/>\nKicillof hab\u00eda sido terminante al informar que el m\u00ednimo no imponible, es decir el piso a partir del cual los trabajadores ingresan a Ganancias, no ser\u00e1 modificado y continuar\u00e1 en 15 mil pesos. El anuncio no aquiet\u00f3 las aguas de las protestas gremiales.<\/p>\n<p>&nbsp;<\/p>\n<p>&nbsp;<\/p>\n<p>&nbsp;<\/p>\n<p>&nbsp;<\/p>\n<p>&nbsp;<\/p>\n<p>&nbsp;<\/p>\n<p>&nbsp;<\/p>\n<p>&nbsp;<\/p>\n<p>&nbsp;<\/p>\n<p>&nbsp;<\/p>\n<p>&nbsp;<\/p>\n<p>&nbsp;<\/p>\n<p>&nbsp;<\/p>\n","protected":false},"excerpt":{"rendered":"<p>Los empleados bancarios se sumaron este martes a los gremios que est\u00e1n en conflicto, ante la falta de respuestas a pedidos de aumentos salariales y frente al intento del gobierno, por poner un techo a las negociaciones paritarias.<\/p>\n","protected":false},"author":8,"featured_media":0,"comment_status":"open","ping_status":"open","sticky":false,"template":"","format":"standard","meta":{"_jetpack_newsletter_access":"","_jetpack_dont_email_post_to_subs":false,"_jetpack_newsletter_tier_id":0,"_jetpack_memberships_contains_paywalled_content":false,"_jetpack_memberships_contains_paid_content":false,"footnotes":""},"categories":[51],"tags":[],"class_list":["post-65390","post","type-post","status-publish","format-standard","hentry","category-politica"],"jetpack_shortlink":"https:\/\/wp.me\/p2JWE0-h0G","jetpack-related-posts":[{"id":101545,"url":"http:\/\/www.24baires.com\/?p=101545","url_meta":{"origin":65390,"position":0},"title":"Bancarios lanzan nuevo paro por 48 horas","author":"GB","date":"11\/04\/2018","format":false,"excerpt":"La medida de fuerza fue convocada para martes y mi\u00e9rcoles de la semana pr\u00f3xima, ante la falta de acuerdo en la paritaria salarial La Asociaci\u00f3n Bancaria convoc\u00f3 a un paro nacional de 48 horas para el pr\u00f3ximo martes y mi\u00e9rcoles, en un nuevo cap\u00edtulo del conflicto que sostienen por la\u2026","rel":"","context":"En \u00abSociedad\u00bb","block_context":{"text":"Sociedad","link":"http:\/\/www.24baires.com\/?cat=1"},"img":{"alt_text":"","src":"https:\/\/i0.wp.com\/www.24baires.com\/wp-content\/uploads\/2014\/06\/paro-bancario.jpg?resize=350%2C200","width":350,"height":200,"srcset":"https:\/\/i0.wp.com\/www.24baires.com\/wp-content\/uploads\/2014\/06\/paro-bancario.jpg?resize=350%2C200 1x, https:\/\/i0.wp.com\/www.24baires.com\/wp-content\/uploads\/2014\/06\/paro-bancario.jpg?resize=525%2C300 1.5x"},"classes":[]},{"id":102511,"url":"http:\/\/www.24baires.com\/?p=102511","url_meta":{"origin":65390,"position":1},"title":"M\u00e9dicos y profesionales de la salud bonaerenses van al paro para exigir paritarias","author":"GB","date":"04\/06\/2018","format":false,"excerpt":"Desde Cicop dieron a conocer que este jueves llevar\u00e1n a cabo una huelga por 24 horas mientras que la semana pr\u00f3xima har\u00e1n una de 48. Le reclaman al gobierno que convoque a negociaciones salariales. Los m\u00e9dicos y profesionales de la salud bonaerenses anunciaron que realizar\u00e1n un paro de 24 horas\u2026","rel":"","context":"En \u00abProvincia\u00bb","block_context":{"text":"Provincia","link":"http:\/\/www.24baires.com\/?cat=40"},"img":{"alt_text":"","src":"https:\/\/i0.wp.com\/www.24baires.com\/wp-content\/uploads\/2016\/12\/cicop.jpg?resize=350%2C200","width":350,"height":200,"srcset":"https:\/\/i0.wp.com\/www.24baires.com\/wp-content\/uploads\/2016\/12\/cicop.jpg?resize=350%2C200 1x, https:\/\/i0.wp.com\/www.24baires.com\/wp-content\/uploads\/2016\/12\/cicop.jpg?resize=525%2C300 1.5x"},"classes":[]},{"id":100352,"url":"http:\/\/www.24baires.com\/?p=100352","url_meta":{"origin":65390,"position":2},"title":"Palazzo sobre la movilizaci\u00f3n del 22: \u00abEs una medida contra el ajuste\u00bb","author":"AF","date":"04\/02\/2018","format":false,"excerpt":"El titular de La Bancaria aclar\u00f3 que la marcha no es para proteger a Moyano sino en defensa de todos los trabajadores. Tambi\u00e9n se\u00f1al\u00f3 que \"la paritaria bancaria est\u00e1 absolutamente trabada\" y que \"se busca deslegitimar la acci\u00f3n sindical, porque para el Gobierno el mundo perfecto ser\u00eda sin sindicatos\". A\u2026","rel":"","context":"En \u00abSociedad\u00bb","block_context":{"text":"Sociedad","link":"http:\/\/www.24baires.com\/?cat=1"},"img":{"alt_text":"","src":"https:\/\/i0.wp.com\/www.24baires.com\/wp-content\/uploads\/2015\/05\/bancaria.jpg?resize=350%2C200","width":350,"height":200,"srcset":"https:\/\/i0.wp.com\/www.24baires.com\/wp-content\/uploads\/2015\/05\/bancaria.jpg?resize=350%2C200 1x, https:\/\/i0.wp.com\/www.24baires.com\/wp-content\/uploads\/2015\/05\/bancaria.jpg?resize=525%2C300 1.5x"},"classes":[]},{"id":105449,"url":"http:\/\/www.24baires.com\/?p=105449","url_meta":{"origin":65390,"position":3},"title":"Docentes paran el martes en reclamo de una nueva convocatoria paritaria","author":"GB","date":"15\/11\/2018","format":false,"excerpt":"Los docentes bonaerenses realizar\u00e1n un paro de 24 horas el pr\u00f3ximo martes para reclamarle al Gobierno bonaerense una nueva convocatoria a negociaciones paritarias. Los gremios que integran el Frente Gremial Docente bonaerense (Suteba, FEB, Udocba, Sadop y Amet) resolvieron hace minutos una nueva medida de fuerza, luego de una extensa\u2026","rel":"","context":"En \u00abProvincia\u00bb","block_context":{"text":"Provincia","link":"http:\/\/www.24baires.com\/?cat=40"},"img":{"alt_text":"","src":"https:\/\/i0.wp.com\/www.24baires.com\/wp-content\/uploads\/2018\/02\/docentes.jpg?resize=350%2C200","width":350,"height":200,"srcset":"https:\/\/i0.wp.com\/www.24baires.com\/wp-content\/uploads\/2018\/02\/docentes.jpg?resize=350%2C200 1x, https:\/\/i0.wp.com\/www.24baires.com\/wp-content\/uploads\/2018\/02\/docentes.jpg?resize=525%2C300 1.5x"},"classes":[]},{"id":123173,"url":"http:\/\/www.24baires.com\/?p=123173","url_meta":{"origin":65390,"position":4},"title":"Docentes bonaerenses hacen un nuevo paro en medio de una paritaria empantanada","author":"GB","date":"30\/06\/2026","format":false,"excerpt":"Un nuevo paro de docentes deja a millones de chicos de todos los niveles sin clases este martes. Los principales sindicatos de docentes en la provincia de Buenos Aires hacen hoy un paro de actividades. La protesta afecta a las escuelas p\u00fablicas de todos los niveles y va a dejar\u2026","rel":"","context":"En \u00abProvincia\u00bb","block_context":{"text":"Provincia","link":"http:\/\/www.24baires.com\/?cat=40"},"img":{"alt_text":"","src":"https:\/\/i0.wp.com\/www.24baires.com\/wp-content\/uploads\/2026\/06\/escuela-vacia.webp?resize=350%2C200","width":350,"height":200,"srcset":"https:\/\/i0.wp.com\/www.24baires.com\/wp-content\/uploads\/2026\/06\/escuela-vacia.webp?resize=350%2C200 1x, https:\/\/i0.wp.com\/www.24baires.com\/wp-content\/uploads\/2026\/06\/escuela-vacia.webp?resize=525%2C300 1.5x, https:\/\/i0.wp.com\/www.24baires.com\/wp-content\/uploads\/2026\/06\/escuela-vacia.webp?resize=700%2C400 2x, https:\/\/i0.wp.com\/www.24baires.com\/wp-content\/uploads\/2026\/06\/escuela-vacia.webp?resize=1050%2C600 3x"},"classes":[]},{"id":100446,"url":"http:\/\/www.24baires.com\/?p=100446","url_meta":{"origin":65390,"position":5},"title":"Bancarios aseguran que \u201cno hay vocaci\u00f3n de negociaci\u00f3n\u201d y preparan el paro de 48 horas","author":"AF","date":"09\/02\/2018","format":false,"excerpt":"As\u00ed lo apunt\u00f3 Sergio Palazzo, titular del gremio, denunci\u00f3 una campa\u00f1a de \u201cdesinformaci\u00f3n y demonizaci\u00f3n hacia los dirigentes\u201d al tiempo que rechaz\u00f3 que haya faltante de dinero para retirar. El titular de La Bancaria, Sergio Palazzo, defendi\u00f3 el paro vigente por la intransigencia de los empresarios en las paritarias, rechaz\u00f3\u2026","rel":"","context":"En \u00abLocales\u00bb","block_context":{"text":"Locales","link":"http:\/\/www.24baires.com\/?cat=38"},"img":{"alt_text":"","src":"https:\/\/i0.wp.com\/www.24baires.com\/wp-content\/uploads\/2018\/01\/palazzo-bancaria.jpg?resize=350%2C200","width":350,"height":200,"srcset":"https:\/\/i0.wp.com\/www.24baires.com\/wp-content\/uploads\/2018\/01\/palazzo-bancaria.jpg?resize=350%2C200 1x, https:\/\/i0.wp.com\/www.24baires.com\/wp-content\/uploads\/2018\/01\/palazzo-bancaria.jpg?resize=525%2C300 1.5x"},"classes":[]}],"jetpack_sharing_enabled":true,"jetpack_likes_enabled":true,"jetpack_featured_media_url":"","_links":{"self":[{"href":"http:\/\/www.24baires.com\/index.php?rest_route=\/wp\/v2\/posts\/65390","targetHints":{"allow":["GET"]}}],"collection":[{"href":"http:\/\/www.24baires.com\/index.php?rest_route=\/wp\/v2\/posts"}],"about":[{"href":"http:\/\/www.24baires.com\/index.php?rest_route=\/wp\/v2\/types\/post"}],"author":[{"embeddable":true,"href":"http:\/\/www.24baires.com\/index.php?rest_route=\/wp\/v2\/users\/8"}],"replies":[{"embeddable":true,"href":"http:\/\/www.24baires.com\/index.php?rest_route=%2Fwp%2Fv2%2Fcomments&post=65390"}],"version-history":[{"count":2,"href":"http:\/\/www.24baires.com\/index.php?rest_route=\/wp\/v2\/posts\/65390\/revisions"}],"predecessor-version":[{"id":65394,"href":"http:\/\/www.24baires.com\/index.php?rest_route=\/wp\/v2\/posts\/65390\/revisions\/65394"}],"wp:attachment":[{"href":"http:\/\/www.24baires.com\/index.php?rest_route=%2Fwp%2Fv2%2Fmedia&parent=65390"}],"wp:term":[{"taxonomy":"category","embeddable":true,"href":"http:\/\/www.24baires.com\/index.php?rest_route=%2Fwp%2Fv2%2Fcategories&post=65390"},{"taxonomy":"post_tag","embeddable":true,"href":"http:\/\/www.24baires.com\/index.php?rest_route=%2Fwp%2Fv2%2Ftags&post=65390"}],"curies":[{"name":"wp","href":"https:\/\/api.w.org\/{rel}","templated":true}]}}