{"id":65363,"date":"2015-05-05T16:30:29","date_gmt":"2015-05-05T19:30:29","guid":{"rendered":"http:\/\/www.24baires.com\/?p=65363"},"modified":"2015-05-06T10:23:21","modified_gmt":"2015-05-06T13:23:21","slug":"la-corte-ratifico-a-lorenzetti-como-presidente","status":"publish","type":"post","link":"http:\/\/www.24baires.com\/?p=65363","title":{"rendered":"La Corte ratific\u00f3 a Lorenzetti como presidente"},"content":{"rendered":"<p><img data-recalc-dims=\"1\" loading=\"lazy\" decoding=\"async\" class=\"aligncenter size-full wp-image-62607\" src=\"https:\/\/i0.wp.com\/www.24baires.com\/wp-content\/uploads\/2015\/03\/lorenzetti2.jpg?resize=560%2C307\" alt=\"lorenzetti2\" width=\"560\" height=\"307\" srcset=\"https:\/\/i0.wp.com\/www.24baires.com\/wp-content\/uploads\/2015\/03\/lorenzetti2.jpg?w=560 560w, https:\/\/i0.wp.com\/www.24baires.com\/wp-content\/uploads\/2015\/03\/lorenzetti2.jpg?resize=300%2C164 300w\" sizes=\"auto, (max-width: 560px) 100vw, 560px\" \/>La Corte Suprema de Justicia ratific\u00f3 \u00abtotal y absolutamente\u00bb la acordada que reeligi\u00f3 a su presidente Ricardo Lorenzetti y a la vicepresidenta Elena Highton de Nolasco para ocupar nuevamente los cargos a partir del 1 de enero de 2016.<!--more--><\/p>\n<p>Mediante un comunicado de tres l\u00edneas publicado esta ma\u00f1ana en el Centro de Informaci\u00f3n Judicial (CIJ), que depende del m\u00e1ximo Tribunal, sali\u00f3 hoy al cruce de lo que calific\u00f3 como \u00abversiones period\u00edsticas\u00bb.<\/p>\n<p>All\u00ed se se\u00f1al\u00f3 que \u00abla Corte Suprema de Justicia de la Naci\u00f3n comunica que, ante versiones publicadas en el d\u00eda de la fecha, ratifica total y absolutamente las autoridades designadas mediante acordada 11 del 21 de abril de 2015\u00bb.<\/p>\n<p>En la acordada de referencia hab\u00edan sido reelectas -con ocho meses de anticipaci\u00f3n- las autoridades para seguir ocupando los m\u00e1ximos estrados del tribunal con asiento en el cuarto piso del Palacio de Justicia.<\/p>\n<p>El brev\u00edsimo comunicado alude a una supuesta \u00abratificaci\u00f3n total y absoluta\u00bb, aunque sin aclarar quienes son las personas que confirman la decisi\u00f3n, ya que Lorenzetti se encuentra de viaje y Carlos Fayt en su domicilio, y para que la Corte tome una determinaci\u00f3n son necesarias tres firmas.<\/p>\n<p>\u00abRaro y curioso\u00bb, fueron los t\u00e9rminos que m\u00e1s se escucharon en los habitualmente solemnes pasillos del Palacio de Justicia luego que el CIJ subiera el texto donde quedaban abiertos m\u00e1s interrogantes.<\/p>\n<p>Ante el silencio de las habituales fuentes de la Corte Suprema, las tres l\u00edneas del informe aparecer\u00edan como una suerte de respuesta a una nota publicada hoy en \u00abP\u00e1gina12\u00bb, donde se alude a una carta que Lorenzetti le habr\u00eda mandado al periodista Horacio Verbitsky.<\/p>\n<p>\u00abEn la carta que le envi\u00f3 a Verbitsky, en la que le dec\u00eda que le daba el &#8216;inmerecido privilegio&#8217; de tener la primicia de la informaci\u00f3n, aseguraba que dejar\u00eda el cargo ahora, que quedar\u00edan Highton como presidenta y Maqueda como vice hasta fin de a\u00f1o, y que estimaba que para ese entonces la Corte tendr\u00eda otra composici\u00f3n y ser\u00edan elegidas otras autoridades\u00bb, indica la informaci\u00f3n.<\/p>\n<p>All\u00ed se se\u00f1ala, adem\u00e1s, que el juez supremo \u00abanunci\u00f3 su decisi\u00f3n de renunciar a la presidencia de la Corte pese a haberse garantizado hace dos semanas la re-re-reelecci\u00f3n anticipada entre sus pares para el per\u00edodo 2016-2019, cuando todav\u00eda le faltaba cumplir un tercio de su mandato\u00bb.<\/p>\n<p>\u00abLo hizo en una carta enviada al periodista de P\u00e1gina\/12 Horacio Verbitsky, quien hab\u00eda revelado irregularidades en su reelecci\u00f3n al cargo. Antes hab\u00eda hecho trascender su intenci\u00f3n de dejar la presidencia del tribunal. As\u00ed se lo hizo saber a dos de sus colegas, Elena Highton de Nolasco y Juan Carlos Maqueda, en una reuni\u00f3n informal\u00bb, se se\u00f1ala.<\/p>\n<p>El argumento difundido por los voceros allegados al abogado rafaelino era que sent\u00eda \u00abcansancio moral\u00bb despu\u00e9s de haber recibido cr\u00edticas de diversos sectores entre ellas la de su ex colega de reuniones en el cuarto piso, Ra\u00fal Zaffaroni, quien no ve\u00eda correcta la reelecci\u00f3n.<\/p>\n<p>Entre las observaciones que hab\u00eda planteado Verbitsky se consignaba que la mentada acordada 11 del 21 de abril (la que establece la nueva reelecci\u00f3n) aparece firmada en \u00abla sala de acuerdos del tribunal\u00bb, en presencia de todos los jueces, pese a que Fayt estaba en su domicilio adonde le llevaron a suscribir el texto.<\/p>\n","protected":false},"excerpt":{"rendered":"<p>La Corte Suprema de Justicia ratific\u00f3 \u00abtotal y absolutamente\u00bb la acordada que reeligi\u00f3 a su presidente Ricardo Lorenzetti y a la vicepresidenta Elena Highton de Nolasco para ocupar nuevamente los cargos a partir del 1 de enero de 2016.<\/p>\n","protected":false},"author":8,"featured_media":0,"comment_status":"open","ping_status":"open","sticky":false,"template":"","format":"standard","meta":{"_jetpack_newsletter_access":"","_jetpack_dont_email_post_to_subs":false,"_jetpack_newsletter_tier_id":0,"_jetpack_memberships_contains_paywalled_content":false,"_jetpack_memberships_contains_paid_content":false,"footnotes":""},"categories":[51],"tags":[],"class_list":["post-65363","post","type-post","status-publish","format-standard","hentry","category-politica"],"jetpack_shortlink":"https:\/\/wp.me\/p2JWE0-h0f","jetpack-related-posts":[{"id":65862,"url":"http:\/\/www.24baires.com\/?p=65862","url_meta":{"origin":65363,"position":0},"title":"Con Fayt inclu\u00eddo, la Corte ratific\u00f3 la reelecci\u00f3n de Lorenzetti","author":"AF","date":"13\/05\/2015","format":false,"excerpt":"El m\u00e1ximo tribunal celebr\u00f3 un \u201cacuerdo extraordinario\u201d donde ratific\u00f3 la acordada 11 del 21 de abril \u00faltimo, que hab\u00eda aprobado la reelecci\u00f3n anticipada del presidente Ricardo Lorenzetti hasta el 2019 y que cont\u00f3 adem\u00e1s con la presencia del magistrado m\u00e1s veterano del cuerpo, el juez Carlos Fayt, quien hac\u00eda tiempo\u2026","rel":"","context":"En \u00abJUDICIALES\u00bb","block_context":{"text":"JUDICIALES","link":"http:\/\/www.24baires.com\/?cat=68"},"img":{"alt_text":"lorenzetti2","src":"https:\/\/i0.wp.com\/www.24baires.com\/wp-content\/uploads\/2015\/03\/lorenzetti2.jpg?resize=350%2C200","width":350,"height":200,"srcset":"https:\/\/i0.wp.com\/www.24baires.com\/wp-content\/uploads\/2015\/03\/lorenzetti2.jpg?resize=350%2C200 1x, https:\/\/i0.wp.com\/www.24baires.com\/wp-content\/uploads\/2015\/03\/lorenzetti2.jpg?resize=525%2C300 1.5x"},"classes":[]},{"id":65314,"url":"http:\/\/www.24baires.com\/?p=65314","url_meta":{"origin":65363,"position":1},"title":"Lorenzetti puso en duda asumir un nuevo mandato en la Corte","author":"GB","date":"04\/05\/2015","format":false,"excerpt":"En una reuni\u00f3n mantenida en las \u00faltimas horas, Lorenzetti le comunic\u00f3 a sus colegas, Juan Carlos Maqueda y Elena Highton de Nolasco, su decisi\u00f3n de no continuar a cargo de la presidencia del alto tribunal a partir del 2016. El presidente de la Corte Suprema de Justicia Ricardo Lorenzetti tom\u00f3\u2026","rel":"","context":"En \u00abLocales\u00bb","block_context":{"text":"Locales","link":"http:\/\/www.24baires.com\/?cat=38"},"img":{"alt_text":"lorenzetti-corte-suprema","src":"https:\/\/i0.wp.com\/www.24baires.com\/wp-content\/uploads\/2012\/10\/lorenzetti-corte-suprema.jpg?resize=350%2C200","width":350,"height":200,"srcset":"https:\/\/i0.wp.com\/www.24baires.com\/wp-content\/uploads\/2012\/10\/lorenzetti-corte-suprema.jpg?resize=350%2C200 1x, https:\/\/i0.wp.com\/www.24baires.com\/wp-content\/uploads\/2012\/10\/lorenzetti-corte-suprema.jpg?resize=525%2C300 1.5x"},"classes":[]},{"id":104400,"url":"http:\/\/www.24baires.com\/?p=104400","url_meta":{"origin":65363,"position":2},"title":"Lorenzetti dejar\u00e1 la presidencia de la Corte Suprema y lo reemplazar\u00e1 Rosenkrantz","author":"AF","date":"11\/09\/2018","format":false,"excerpt":"El juez ocupaba ese cargo desde enero de 2007. Lo reemplazar\u00eda Carlos Rosenkrantz. El cambio se har\u00e1 efectivo a partir del 1\u00b0 de octubre pr\u00f3ximo. Luego de 11 a\u00f1os Ricardo Lorenzetti dejar\u00e1 de ser el presidente de la Corte Suprema de Justicia. Su alejamiento del cargo se har\u00e1 efectivo el\u2026","rel":"","context":"En \u00abJUDICIALES\u00bb","block_context":{"text":"JUDICIALES","link":"http:\/\/www.24baires.com\/?cat=68"},"img":{"alt_text":"","src":"https:\/\/i0.wp.com\/www.24baires.com\/wp-content\/uploads\/2012\/10\/lorenzetti-corte-suprema.jpg?resize=350%2C200","width":350,"height":200,"srcset":"https:\/\/i0.wp.com\/www.24baires.com\/wp-content\/uploads\/2012\/10\/lorenzetti-corte-suprema.jpg?resize=350%2C200 1x, https:\/\/i0.wp.com\/www.24baires.com\/wp-content\/uploads\/2012\/10\/lorenzetti-corte-suprema.jpg?resize=525%2C300 1.5x"},"classes":[]},{"id":112972,"url":"http:\/\/www.24baires.com\/?p=112972","url_meta":{"origin":65363,"position":3},"title":"Etchecolatz cumplir\u00e1 su condena en la prisi\u00f3n","author":"AF","date":"12\/11\/2019","format":false,"excerpt":"La Corte Suprema de Justicia de la Naci\u00f3n defini\u00f3 que el genocida Miguel Osvaldo Etchecolatz cumplir\u00e1 su condena en la prisi\u00f3n y no en su casa como pretend\u00eda. En una acordada de hoy publicada en el sitio del Centro de Informaciones Judiciales se dio a conocer que desestim\u00f3 el recurso\u2026","rel":"","context":"En \u00abJUDICIALES\u00bb","block_context":{"text":"JUDICIALES","link":"http:\/\/www.24baires.com\/?cat=68"},"img":{"alt_text":"","src":"https:\/\/i0.wp.com\/www.24baires.com\/wp-content\/uploads\/2016\/08\/etchecolaz.jpg?resize=350%2C200","width":350,"height":200,"srcset":"https:\/\/i0.wp.com\/www.24baires.com\/wp-content\/uploads\/2016\/08\/etchecolaz.jpg?resize=350%2C200 1x, https:\/\/i0.wp.com\/www.24baires.com\/wp-content\/uploads\/2016\/08\/etchecolaz.jpg?resize=525%2C300 1.5x"},"classes":[]},{"id":34363,"url":"http:\/\/www.24baires.com\/?p=34363","url_meta":{"origin":65363,"position":4},"title":"Lorenzetti asegura que la Ley de Medios no afecta la libertad de expresi\u00f3n","author":"AF","date":"30\/10\/2013","format":false,"excerpt":"El presidente de la Corte Suprema defendi\u00f3 la declaraci\u00f3n de consitucionalidad de la ley de Servicios de Comunicaci\u00f3n Audiovisual y afirm\u00f3 que \"no est\u00e1 probado que haya una afectaci\u00f3n de la libertad de expresi\u00f3n\". \"Tenemos una responsabilidad institucional de explicar el contexto del fallo y llevar tranquilidad a la poblaci\u00f3n\u2026","rel":"","context":"En \u00abMedios\u00bb","block_context":{"text":"Medios","link":"http:\/\/www.24baires.com\/?cat=54"},"img":{"alt_text":"lorenzetti-corte-suprema","src":"https:\/\/i0.wp.com\/www.24baires.com\/wp-content\/uploads\/2012\/10\/lorenzetti-corte-suprema.jpg?resize=350%2C200","width":350,"height":200,"srcset":"https:\/\/i0.wp.com\/www.24baires.com\/wp-content\/uploads\/2012\/10\/lorenzetti-corte-suprema.jpg?resize=350%2C200 1x, https:\/\/i0.wp.com\/www.24baires.com\/wp-content\/uploads\/2012\/10\/lorenzetti-corte-suprema.jpg?resize=525%2C300 1.5x"},"classes":[]},{"id":65944,"url":"http:\/\/www.24baires.com\/?p=65944","url_meta":{"origin":65363,"position":5},"title":"Fayt ratific\u00f3 que seguir\u00e1 como juez de la Corte","author":"GB","date":"14\/05\/2015","format":false,"excerpt":"A trav\u00e9s de un comunicado, asegur\u00f3 su continuidad a pesar de los cuestionamientos por parte del oficialismo. \"Ciudadanos quiero expresarles mi sincero reconocimiento por haber llevado a cargo esta hermosa reuni\u00f3n. Es una manifestaci\u00f3n ciudadana que valoro como tal. S\u00e9 que quieren una justicia independiente que defienda sus derechos\", dijo\u2026","rel":"","context":"En \u00abPol\u00edtica\u00bb","block_context":{"text":"Pol\u00edtica","link":"http:\/\/www.24baires.com\/?cat=51"},"img":{"alt_text":"fayt2","src":"https:\/\/i0.wp.com\/www.24baires.com\/wp-content\/uploads\/2014\/10\/fayt2.jpg?resize=350%2C200","width":350,"height":200,"srcset":"https:\/\/i0.wp.com\/www.24baires.com\/wp-content\/uploads\/2014\/10\/fayt2.jpg?resize=350%2C200 1x, https:\/\/i0.wp.com\/www.24baires.com\/wp-content\/uploads\/2014\/10\/fayt2.jpg?resize=525%2C300 1.5x"},"classes":[]}],"jetpack_sharing_enabled":true,"jetpack_likes_enabled":true,"jetpack_featured_media_url":"","_links":{"self":[{"href":"http:\/\/www.24baires.com\/index.php?rest_route=\/wp\/v2\/posts\/65363","targetHints":{"allow":["GET"]}}],"collection":[{"href":"http:\/\/www.24baires.com\/index.php?rest_route=\/wp\/v2\/posts"}],"about":[{"href":"http:\/\/www.24baires.com\/index.php?rest_route=\/wp\/v2\/types\/post"}],"author":[{"embeddable":true,"href":"http:\/\/www.24baires.com\/index.php?rest_route=\/wp\/v2\/users\/8"}],"replies":[{"embeddable":true,"href":"http:\/\/www.24baires.com\/index.php?rest_route=%2Fwp%2Fv2%2Fcomments&post=65363"}],"version-history":[{"count":1,"href":"http:\/\/www.24baires.com\/index.php?rest_route=\/wp\/v2\/posts\/65363\/revisions"}],"predecessor-version":[{"id":65364,"href":"http:\/\/www.24baires.com\/index.php?rest_route=\/wp\/v2\/posts\/65363\/revisions\/65364"}],"wp:attachment":[{"href":"http:\/\/www.24baires.com\/index.php?rest_route=%2Fwp%2Fv2%2Fmedia&parent=65363"}],"wp:term":[{"taxonomy":"category","embeddable":true,"href":"http:\/\/www.24baires.com\/index.php?rest_route=%2Fwp%2Fv2%2Fcategories&post=65363"},{"taxonomy":"post_tag","embeddable":true,"href":"http:\/\/www.24baires.com\/index.php?rest_route=%2Fwp%2Fv2%2Ftags&post=65363"}],"curies":[{"name":"wp","href":"https:\/\/api.w.org\/{rel}","templated":true}]}}