{"id":65353,"date":"2015-05-05T15:00:03","date_gmt":"2015-05-05T18:00:03","guid":{"rendered":"http:\/\/www.24baires.com\/?p=65353"},"modified":"2015-05-05T13:04:09","modified_gmt":"2015-05-05T16:04:09","slug":"el-pj-se-reune-el-viernes-para-formalizar-el-frente-electoral","status":"publish","type":"post","link":"http:\/\/www.24baires.com\/?p=65353","title":{"rendered":"El PJ se re\u00fane el viernes para formalizar el frente electoral"},"content":{"rendered":"<p>El partido autorizar\u00e1 la constituci\u00f3n del Frente para la Victoria (FpV), con el que competir\u00e1 en las Primarias Abiertas, Simult\u00e1neas y Obligatorias (PASO) del 9 de agosto y en las elecciones generales el 25 de octubre.<!--more--><\/p>\n<p>\u00abEl objetivo del Congreso es dar autorizaci\u00f3n al Partido Justicialista para la constituci\u00f3n de un frente electoral para las PASO de agosto y para las elecciones presidenciales de octubre, para que pueda participar en las dos categor\u00edas nacionales, la de presidente y vice, y la de legisladores del Mercosur\u201d, explic\u00f3 a T\u00e9lam el apoderado del PJ, el diputado nacional Jorge Landau.<\/p>\n<p>El encuentro estar\u00e1 presidido por el gobernador de Formosa, Gildo Insfr\u00e1n, y contar\u00e1 con la presencia de 942 congresales con mandato de los 24 distritos electorales (23 provincias m\u00e1s la Ciudad Aut\u00f3noma de Buenos Aires), que han sido avalados por los juzgados federales con competencia electoral de todo el pa\u00eds.<\/p>\n<p>Los congresales est\u00e1n citados en Parque Norte a las 9, aunque hay un segundo llamado a las 11, luego de lo que se comenzar\u00e1 a trabajar cuando se re\u00fana el quorum que lo habilite.<\/p>\n<p>Los congresales de Parque Norte han sido elegidos por votaci\u00f3n directa de los afiliados del PJ de cada provincia o indirecta de los congresales, pero en ambos casos fue legitimada su representaci\u00f3n por los juzgados electorales de cada provincia, seg\u00fan inform\u00f3 Landau.<\/p>\n<p>El Frente para la Victoria fue fundado en 2003 para acompa\u00f1ar la candidatura presidencial de N\u00e9stor Kirchner, quien finalmente result\u00f3 electo presidente de la Naci\u00f3n para el per\u00edodo 2003-2007.<\/p>\n<p>Desde esa primera vez, compiti\u00f3 dos veces m\u00e1s, la primera en 2007 cuando fue electa presidenta Cristina Fern\u00e1ndez de Kirchner, y en 2011, cuando Cristina obtuvo la reelecci\u00f3n por el 54,11 por ciento, por lo que esta vez ser\u00e1 la cuarta elecci\u00f3n en la que participa el Frente para la Victoria.<\/p>\n<p>Durante el encuentro en Parque Norte, se debatir\u00e1n tambi\u00e9n algunos lineamientos generales del partido de cara a las PASO de agosto y a las elecciones presidenciales de octubre, aunque \u201clas cuestiones espec\u00edficas no se van a definir\u201d en ese \u00e1mbito, seg\u00fan dej\u00f3 en claro Landau.<\/p>\n<p>\u201cDel encuentro surgir\u00e1 la constituci\u00f3n definitiva del Frente que representar\u00e1 al Partido Justicialista en las PASO y las elecciones de octubre, pero tambi\u00e9n sus autoridades y las juntas\u201d, precis\u00f3 el apoderado .<\/p>\n<p>El 10 de junio quedar\u00e1n constituidas las alianzas ante la justicia electoral, en tanto que cinco d\u00edas m\u00e1s tarde, deber\u00e1n presentar sus respectivas Juntas Electorales y definir el color de las boletas.<\/p>\n<p>El s\u00e1bado 20 de junio vence el plazo para la presentaci\u00f3n ante la junta partidaria de los precandidatos nacionales, es decir, los postulantes a la Presidencia y vice, a diputados y senadores (estos \u00faltimos en 8 provincias) y para legisladores del Parlasur.<\/p>\n<p>El 26 de junio quedar\u00e1n definidas las boletas y el 30 de junio, los partidos deber\u00e1n presentar y designar sus responsables econ\u00f3micos financieros.<\/p>\n<p>En cuanto a las elecciones de parlamentarios del Mercosur, de los 43 que se eligen, 24 ser\u00e1n en forma directa por distrito regional (un parlamentario por cada una de las 23 provincias y un parlamentario por la Ciudad de Buenos Aires), y el resto en forma directa considerando a todo el pa\u00eds como distrito \u00fanico.<\/p>\n<p>Los candidatos del Parlamento del Mercosur (Parlasur) surgir\u00e1n de las PASO, al igual que los dem\u00e1s, y las boletas deber\u00e1n presentarse en dos secciones: una para el distrito nacional y otra para los distritos regionales provinciales.<\/p>\n","protected":false},"excerpt":{"rendered":"<p>El partido autorizar\u00e1 la constituci\u00f3n del Frente para la Victoria (FpV), con el que competir\u00e1 en las Primarias Abiertas, Simult\u00e1neas y Obligatorias (PASO) del 9 de agosto y en las elecciones generales el 25 de octubre.<\/p>\n","protected":false},"author":4,"featured_media":0,"comment_status":"open","ping_status":"open","sticky":false,"template":"","format":"standard","meta":{"_jetpack_newsletter_access":"","_jetpack_dont_email_post_to_subs":false,"_jetpack_newsletter_tier_id":0,"_jetpack_memberships_contains_paywalled_content":false,"_jetpack_memberships_contains_paid_content":false,"footnotes":""},"categories":[51],"tags":[],"class_list":["post-65353","post","type-post","status-publish","format-standard","hentry","category-politica"],"jetpack_shortlink":"https:\/\/wp.me\/p2JWE0-h05","jetpack-related-posts":[{"id":120181,"url":"http:\/\/www.24baires.com\/?p=120181","url_meta":{"origin":65353,"position":0},"title":"El Frente de Todos pasa a llamarse \u00abUni\u00f3n por la Patria\u00bb","author":"AF","date":"14\/06\/2023","format":false,"excerpt":"Los distintos sectores que componen el frente oficialista mantienen reuniones para definir, entre otras cosas, la constituci\u00f3n de su junta partidaria y el reglamento electoral que fijar\u00e1 pisos y porcentajes para la integraci\u00f3n de listas. El Frente de Todos (FdT) se llamar\u00e1 Uni\u00f3n por la Patria (UxP) en las pr\u00f3ximas\u2026","rel":"","context":"En \u00abPol\u00edtica\u00bb","block_context":{"text":"Pol\u00edtica","link":"http:\/\/www.24baires.com\/?cat=51"},"img":{"alt_text":"","src":"https:\/\/i0.wp.com\/www.24baires.com\/wp-content\/uploads\/2023\/06\/cfk-25-5.png?resize=350%2C200","width":350,"height":200,"srcset":"https:\/\/i0.wp.com\/www.24baires.com\/wp-content\/uploads\/2023\/06\/cfk-25-5.png?resize=350%2C200 1x, https:\/\/i0.wp.com\/www.24baires.com\/wp-content\/uploads\/2023\/06\/cfk-25-5.png?resize=525%2C300 1.5x, https:\/\/i0.wp.com\/www.24baires.com\/wp-content\/uploads\/2023\/06\/cfk-25-5.png?resize=700%2C400 2x, https:\/\/i0.wp.com\/www.24baires.com\/wp-content\/uploads\/2023\/06\/cfk-25-5.png?resize=1050%2C600 3x"},"classes":[]},{"id":95174,"url":"http:\/\/www.24baires.com\/?p=95174","url_meta":{"origin":65353,"position":1},"title":"El kirchnerismo no competir\u00e1 con Randazzo en las PASO","author":"GB","date":"13\/06\/2017","format":false,"excerpt":"El FpV armar\u00e1 un nuevo frente electoral y le anunci\u00f3 al ex ministro que le permitir\u00e1 competir con el sello del PJ en la provincia de Buenos Aires. La Justicia electoral extendi\u00f3 al jueves hasta las 9.30 el plazo para la inscripci\u00f3n de alianzas bonaerenses, de cara a las legislativas\u2026","rel":"","context":"En \u00abPol\u00edtica\u00bb","block_context":{"text":"Pol\u00edtica","link":"http:\/\/www.24baires.com\/?cat=51"},"img":{"alt_text":"","src":"https:\/\/i0.wp.com\/www.24baires.com\/wp-content\/uploads\/2017\/06\/cristina-randazzo.jpg?resize=350%2C200","width":350,"height":200,"srcset":"https:\/\/i0.wp.com\/www.24baires.com\/wp-content\/uploads\/2017\/06\/cristina-randazzo.jpg?resize=350%2C200 1x, https:\/\/i0.wp.com\/www.24baires.com\/wp-content\/uploads\/2017\/06\/cristina-randazzo.jpg?resize=525%2C300 1.5x"},"classes":[]},{"id":108349,"url":"http:\/\/www.24baires.com\/?p=108349","url_meta":{"origin":65353,"position":2},"title":"Camino a la unidad: el PJ recibe quince agrupaciones opositoras","author":"AF","date":"23\/05\/2019","format":false,"excerpt":"El presidente del PJ, Jos\u00e9 Luis Gioja, recibe a dirigentes y referentes de unas quince fuerzas pol\u00edticas que se sumar\u00e1n a la coalici\u00f3n, con el objetivo de apoyar la candidatura de Alberto Fern\u00e1ndez y Cristina Kirchner. Gioja intenta llegar a fin de mes con el frente electoral opositor ya delineado.\u2026","rel":"","context":"En \u00abPol\u00edtica\u00bb","block_context":{"text":"Pol\u00edtica","link":"http:\/\/www.24baires.com\/?cat=51"},"img":{"alt_text":"","src":"https:\/\/i0.wp.com\/www.24baires.com\/wp-content\/uploads\/2019\/05\/cumbre-pj.jpeg?resize=350%2C200","width":350,"height":200,"srcset":"https:\/\/i0.wp.com\/www.24baires.com\/wp-content\/uploads\/2019\/05\/cumbre-pj.jpeg?resize=350%2C200 1x, https:\/\/i0.wp.com\/www.24baires.com\/wp-content\/uploads\/2019\/05\/cumbre-pj.jpeg?resize=525%2C300 1.5x"},"classes":[]},{"id":65552,"url":"http:\/\/www.24baires.com\/?p=65552","url_meta":{"origin":65353,"position":3},"title":"El PJ Nacional se re\u00fane en Parque Norte","author":"AF","date":"08\/05\/2015","format":false,"excerpt":"Dirigentes peronistas de todo el pa\u00eds comenzaron a arribar esta ma\u00f1ana a Parque Norte para participar del encuentro partidario en el que el Partido Justicialista formalizar\u00e1 la alianza Frente para la Victoria (FpV) para competir en las PASO y en las elecciones generales de octubre. Durante el encuentro, que fue\u2026","rel":"","context":"En \u00abPol\u00edtica\u00bb","block_context":{"text":"Pol\u00edtica","link":"http:\/\/www.24baires.com\/?cat=51"},"img":{"alt_text":"peronismo pj d\u00eda de la lealtad","src":"https:\/\/i0.wp.com\/www.24baires.com\/wp-content\/uploads\/2014\/10\/peronismo-pj-d%C3%ADa-de-la-lealtad.jpg?resize=350%2C200","width":350,"height":200,"srcset":"https:\/\/i0.wp.com\/www.24baires.com\/wp-content\/uploads\/2014\/10\/peronismo-pj-d%C3%ADa-de-la-lealtad.jpg?resize=350%2C200 1x, https:\/\/i0.wp.com\/www.24baires.com\/wp-content\/uploads\/2014\/10\/peronismo-pj-d%C3%ADa-de-la-lealtad.jpg?resize=525%2C300 1.5x"},"classes":[]},{"id":108530,"url":"http:\/\/www.24baires.com\/?p=108530","url_meta":{"origin":65353,"position":4},"title":"Gioja: la unidad del peronismo, la relaci\u00f3n con Massa y la elecci\u00f3n en San Juan","author":"AF","date":"01\/06\/2019","format":false,"excerpt":"El diputado y presidente del PJ destac\u00f3 el renovado v\u00ednculo entre el partido Justicialista y Unidad Ciudadana, respald\u00f3 la f\u00f3rmula Kicillof-Magario y advirti\u00f3 que quienes dividan a la oposici\u00f3n son funcionales al macrismo. Desde San Juan El tres veces gobernador de San Juan, diputado nacional por esa provincia y presidente\u2026","rel":"","context":"En \u00abPol\u00edtica\u00bb","block_context":{"text":"Pol\u00edtica","link":"http:\/\/www.24baires.com\/?cat=51"},"img":{"alt_text":"","src":"https:\/\/i0.wp.com\/www.24baires.com\/wp-content\/uploads\/2013\/10\/gioja.jpg?resize=350%2C200","width":350,"height":200,"srcset":"https:\/\/i0.wp.com\/www.24baires.com\/wp-content\/uploads\/2013\/10\/gioja.jpg?resize=350%2C200 1x, https:\/\/i0.wp.com\/www.24baires.com\/wp-content\/uploads\/2013\/10\/gioja.jpg?resize=525%2C300 1.5x"},"classes":[]},{"id":95069,"url":"http:\/\/www.24baires.com\/?p=95069","url_meta":{"origin":65353,"position":5},"title":"\u00abCristina ser\u00e1 candidata por un frente nuevo y el PJ se declarar\u00e1 prescindente\u00bb","author":"AF","date":"08\/06\/2017","format":false,"excerpt":"El intendente de Avellaneda asegur\u00f3 que la ex Presidenta competir\u00e1 como \"senadora nacional\" con una lista \u00fanica. De este modo, Florencio Randazzo \"tendr\u00e1 v\u00eda libre\" para presentarse. El intendente de Avellaneda, Jorge Ferraresi, anunci\u00f3 que la ex presidenta Cristina Fern\u00e1ndez de Kirchner \"ser\u00e1 candidata a senadora nacional por un frente\u2026","rel":"","context":"En \u00abPol\u00edtica\u00bb","block_context":{"text":"Pol\u00edtica","link":"http:\/\/www.24baires.com\/?cat=51"},"img":{"alt_text":"","src":"https:\/\/i0.wp.com\/www.24baires.com\/wp-content\/uploads\/2016\/08\/Cristina...jpg?resize=350%2C200","width":350,"height":200,"srcset":"https:\/\/i0.wp.com\/www.24baires.com\/wp-content\/uploads\/2016\/08\/Cristina...jpg?resize=350%2C200 1x, https:\/\/i0.wp.com\/www.24baires.com\/wp-content\/uploads\/2016\/08\/Cristina...jpg?resize=525%2C300 1.5x"},"classes":[]}],"jetpack_sharing_enabled":true,"jetpack_likes_enabled":true,"jetpack_featured_media_url":"","_links":{"self":[{"href":"http:\/\/www.24baires.com\/index.php?rest_route=\/wp\/v2\/posts\/65353","targetHints":{"allow":["GET"]}}],"collection":[{"href":"http:\/\/www.24baires.com\/index.php?rest_route=\/wp\/v2\/posts"}],"about":[{"href":"http:\/\/www.24baires.com\/index.php?rest_route=\/wp\/v2\/types\/post"}],"author":[{"embeddable":true,"href":"http:\/\/www.24baires.com\/index.php?rest_route=\/wp\/v2\/users\/4"}],"replies":[{"embeddable":true,"href":"http:\/\/www.24baires.com\/index.php?rest_route=%2Fwp%2Fv2%2Fcomments&post=65353"}],"version-history":[{"count":2,"href":"http:\/\/www.24baires.com\/index.php?rest_route=\/wp\/v2\/posts\/65353\/revisions"}],"predecessor-version":[{"id":65356,"href":"http:\/\/www.24baires.com\/index.php?rest_route=\/wp\/v2\/posts\/65353\/revisions\/65356"}],"wp:attachment":[{"href":"http:\/\/www.24baires.com\/index.php?rest_route=%2Fwp%2Fv2%2Fmedia&parent=65353"}],"wp:term":[{"taxonomy":"category","embeddable":true,"href":"http:\/\/www.24baires.com\/index.php?rest_route=%2Fwp%2Fv2%2Fcategories&post=65353"},{"taxonomy":"post_tag","embeddable":true,"href":"http:\/\/www.24baires.com\/index.php?rest_route=%2Fwp%2Fv2%2Ftags&post=65353"}],"curies":[{"name":"wp","href":"https:\/\/api.w.org\/{rel}","templated":true}]}}