{"id":65327,"date":"2015-05-04T21:54:25","date_gmt":"2015-05-05T00:54:25","guid":{"rendered":"http:\/\/www.24baires.com\/?p=65327"},"modified":"2015-05-04T21:54:25","modified_gmt":"2015-05-05T00:54:25","slug":"gils-carbo-implementara-el-codigo-procesal-penal","status":"publish","type":"post","link":"http:\/\/www.24baires.com\/?p=65327","title":{"rendered":"Gils Carb\u00f3 implementar\u00e1 el C\u00f3digo Procesal Penal"},"content":{"rendered":"<p><img data-recalc-dims=\"1\" loading=\"lazy\" decoding=\"async\" class=\"aligncenter size-full wp-image-14297\" src=\"https:\/\/i0.wp.com\/www.24baires.com\/wp-content\/uploads\/2013\/02\/gils-cabr%C3%B3.jpg?resize=560%2C420\" alt=\"gils cabr\u00f3\" width=\"560\" height=\"420\" srcset=\"https:\/\/i0.wp.com\/www.24baires.com\/wp-content\/uploads\/2013\/02\/gils-cabr%C3%B3.jpg?w=560 560w, https:\/\/i0.wp.com\/www.24baires.com\/wp-content\/uploads\/2013\/02\/gils-cabr%C3%B3.jpg?resize=300%2C225 300w\" sizes=\"auto, (max-width: 560px) 100vw, 560px\" \/>La Procuradora General de la Naci\u00f3n encabezar\u00e1 ma\u00f1ana en el Congreso la audiencia con los integrantes de la Comisi\u00f3n Bicameral de Monitoreo e Implementaci\u00f3n del nuevo C\u00f3digo.<!--more--><\/p>\n<p>La presencia de Gils Carb\u00f3 tendr\u00e1 lugar a partir de las 16 en el Sal\u00f3n Azul de la C\u00e1mara de Senadores. Tambi\u00e9n se aguarda la presencia de la titular del Ministerio P\u00fablico de la Defensa, Stella Maris Mart\u00ednez.<\/p>\n<p>Gils Carb\u00f3 y Mart\u00ednez fueron convocadas por la Bicameral que tiene en estudio cinco proyectos de Ley que servir\u00e1n para poner en marcha de manera definitiva el nuevo C\u00f3digo Procesal Penal de la Naci\u00f3n, sancionado por el Congreso el a\u00f1o pasado.<\/p>\n<p>Las iniciativas fueron formuladas por un grupo de senadores del Frente para la Victoria y consensuadas con el Ministerio de Justicia de la Naci\u00f3n, seg\u00fan adelant\u00f3 el presidente de la Bicamera, el salte\u00f1o Rodolfo Urtubey.<\/p>\n<p>Las leyes a considerar son las de Implementaci\u00f3n del C\u00f3digo Procesal Penal; la Ley Org\u00e1nica del Ministerio P\u00fablico Fiscal; la Ley Org\u00e1nica del Ministerio P\u00fablico de la Defensa; y modificaciones al C\u00f3digo Penal de la Naci\u00f3n sobre ejercicio de la acci\u00f3n penal p\u00fablica y suspensi\u00f3n del juicio.<\/p>\n<p>&nbsp;<\/p>\n<p>&nbsp;<\/p>\n<p>&nbsp;<\/p>\n<p>&nbsp;<\/p>\n<p>&nbsp;<\/p>\n<p>&nbsp;<\/p>\n<p>&nbsp;<\/p>\n<p>&nbsp;<\/p>\n<p>&nbsp;<\/p>\n<p>&nbsp;<\/p>\n<p>&nbsp;<\/p>\n<p>&nbsp;<\/p>\n<p>&nbsp;<\/p>\n<p>&nbsp;<\/p>\n","protected":false},"excerpt":{"rendered":"<p>La Procuradora General de la Naci\u00f3n encabezar\u00e1 ma\u00f1ana en el Congreso la audiencia con los integrantes de la Comisi\u00f3n Bicameral de Monitoreo e Implementaci\u00f3n del nuevo C\u00f3digo.<\/p>\n","protected":false},"author":8,"featured_media":0,"comment_status":"open","ping_status":"open","sticky":false,"template":"","format":"standard","meta":{"_jetpack_newsletter_access":"","_jetpack_dont_email_post_to_subs":false,"_jetpack_newsletter_tier_id":0,"_jetpack_memberships_contains_paywalled_content":false,"_jetpack_memberships_contains_paid_content":false,"footnotes":""},"categories":[51],"tags":[],"class_list":["post-65327","post","type-post","status-publish","format-standard","hentry","category-politica"],"jetpack_shortlink":"https:\/\/wp.me\/p2JWE0-gZF","jetpack-related-posts":[{"id":58970,"url":"http:\/\/www.24baires.com\/?p=58970","url_meta":{"origin":65327,"position":0},"title":"Gils Carb\u00f3: \u00abLos grupos de poder disciplinan para que no se investigue\u00bb","author":"AF","date":"21\/12\/2014","format":false,"excerpt":"La procuradora General de la Naci\u00f3n lo dijo al referirse a la causa por prevaricato que se le sigue al fiscal Carlos Gonella, de la Procuradur\u00eda sobre Lavado, a la que tach\u00f3 de \"armada\". Adem\u00e1s dijo que \u201cse produce justo cuando se reforma el C\u00f3digo Procesal hacia un sistema acusatorio\u201d.\u2026","rel":"","context":"En \u00abPol\u00edtica\u00bb","block_context":{"text":"Pol\u00edtica","link":"http:\/\/www.24baires.com\/?cat=51"},"img":{"alt_text":"gils cabr\u00f3","src":"https:\/\/i0.wp.com\/www.24baires.com\/wp-content\/uploads\/2013\/02\/gils-cabr%C3%B3.jpg?resize=350%2C200","width":350,"height":200,"srcset":"https:\/\/i0.wp.com\/www.24baires.com\/wp-content\/uploads\/2013\/02\/gils-cabr%C3%B3.jpg?resize=350%2C200 1x, https:\/\/i0.wp.com\/www.24baires.com\/wp-content\/uploads\/2013\/02\/gils-cabr%C3%B3.jpg?resize=525%2C300 1.5x"},"classes":[]},{"id":43333,"url":"http:\/\/www.24baires.com\/?p=43333","url_meta":{"origin":65327,"position":1},"title":"Gils Carb\u00f3: \u00abNo hay que debatir sobre el C\u00f3digo Penal, sino sobre la sociedad\u00bb","author":"Grupo Sierra","date":"05\/04\/2014","format":false,"excerpt":"La procuradora general de la Naci\u00f3n, Alejandra Gils Carb\u00f3, afirm\u00f3 que \u201choy nos ocupa un debate sobre qu\u00e9 clase de sociedad queremos tener\u201d en la disertaci\u00f3n de cierre del segundo encuentro de Justicia Leg\u00edtima que se desarroll\u00f3 en la Biblioteca Nacional. La funcionaria, que comparti\u00f3 ayer la mesa con el\u2026","rel":"","context":"En \u00abGeneral\u00bb","block_context":{"text":"General","link":"http:\/\/www.24baires.com\/?cat=67"},"img":{"alt_text":"gils_carbo_senado_070812_12_ef_47659","src":"https:\/\/i0.wp.com\/www.24baires.com\/wp-content\/uploads\/2012\/11\/gils_carbo_senado_070812_12_ef_47659-300x193.jpg?resize=350%2C200","width":350,"height":200},"classes":[]},{"id":76544,"url":"http:\/\/www.24baires.com\/?p=76544","url_meta":{"origin":65327,"position":2},"title":"El ministro de Justicia descart\u00f3 echar a Gils Carb\u00f3 por decreto","author":"GB","date":"17\/12\/2015","format":false,"excerpt":"Germ\u00e1n Garavano neg\u00f3 que haya barajado esa posibilidad para removar a la Procuradora General de la Naci\u00f3n. Anunci\u00f3 que este jueves mantendr\u00e1 una reuni\u00f3n con la funcionaria kirchnerista. El ministro de Justicia, Germ\u00e1n Garavano, neg\u00f3 la posibilidad de remover a la Procuradora General de la Naci\u00f3n, Alejandra Gils Carb\u00f3, de\u2026","rel":"","context":"En \u00abPol\u00edtica\u00bb","block_context":{"text":"Pol\u00edtica","link":"http:\/\/www.24baires.com\/?cat=51"},"img":{"alt_text":"","src":"","width":0,"height":0},"classes":[]},{"id":59943,"url":"http:\/\/www.24baires.com\/?p=59943","url_meta":{"origin":65327,"position":3},"title":"Un grupo de fiscales denuncia una campa\u00f1a contra Gils Garb\u00f3","author":"AF","date":"12\/01\/2015","format":false,"excerpt":"La nota, dicen, busca salir al cruce de \u201clas versiones que circularon en los \u00faltimos d\u00edas y que cuestionan decisiones tomadas por la Procuraci\u00f3n General de la Naci\u00f3n en ejercicio de sus facultades constitucionales\u201d. Un grupo de fiscales denunci\u00f3 hoy a trav\u00e9s de una solicitada una \u201ccampa\u00f1a de criminalizaci\u00f3n\u201d contra\u2026","rel":"","context":"En \u00abJUDICIALES\u00bb","block_context":{"text":"JUDICIALES","link":"http:\/\/www.24baires.com\/?cat=68"},"img":{"alt_text":"gils cabr\u00f3","src":"https:\/\/i0.wp.com\/www.24baires.com\/wp-content\/uploads\/2013\/02\/gils-cabr%C3%B3.jpg?resize=350%2C200","width":350,"height":200,"srcset":"https:\/\/i0.wp.com\/www.24baires.com\/wp-content\/uploads\/2013\/02\/gils-cabr%C3%B3.jpg?resize=350%2C200 1x, https:\/\/i0.wp.com\/www.24baires.com\/wp-content\/uploads\/2013\/02\/gils-cabr%C3%B3.jpg?resize=525%2C300 1.5x"},"classes":[]},{"id":22582,"url":"http:\/\/www.24baires.com\/?p=22582","url_meta":{"origin":65327,"position":4},"title":"Gils Carb\u00f3 critic\u00f3 duramente al sistema judicial por violencia institucional","author":"Grupo Sierra","date":"03\/05\/2013","format":false,"excerpt":"Al participar del Encuentro sobre Violencia Institucional que se realiz\u00f3 esta tarde en carpas instaladas en la Plaza de los Dos Congresos, la Procuradora General de la Naci\u00f3n, Alejandra Gils Carb\u00f3, declar\u00f3 que el sistema judicial \"no puede llenarse la boca con la defensa de los derechos humanos, mientras se\u2026","rel":"","context":"En \u00abPol\u00edtica\u00bb","block_context":{"text":"Pol\u00edtica","link":"http:\/\/www.24baires.com\/?cat=51"},"img":{"alt_text":"gils_carbo_senado_070812_12_ef_47659","src":"https:\/\/i0.wp.com\/www.24baires.com\/wp-content\/uploads\/2012\/11\/gils_carbo_senado_070812_12_ef_47659.jpg?resize=350%2C200","width":350,"height":200,"srcset":"https:\/\/i0.wp.com\/www.24baires.com\/wp-content\/uploads\/2012\/11\/gils_carbo_senado_070812_12_ef_47659.jpg?resize=350%2C200 1x, https:\/\/i0.wp.com\/www.24baires.com\/wp-content\/uploads\/2012\/11\/gils_carbo_senado_070812_12_ef_47659.jpg?resize=525%2C300 1.5x"},"classes":[]},{"id":88753,"url":"http:\/\/www.24baires.com\/?p=88753","url_meta":{"origin":65327,"position":5},"title":"\u00abEl reclamo por la puerta giratoria es una realidad\u00bb","author":"AF","date":"16\/10\/2016","format":false,"excerpt":"El ministro de Justicia y Derechos Humanos se refiri\u00f3 as\u00ed a la delincuencia y remarc\u00f3 que ahora los delincuentes \"tienen inserci\u00f3n en alguna organizaci\u00f3n delictiva\" que hace necesario cortar. Asegur\u00f3 que la lucha contra el narcotr\u00e1fico es \"un desaf\u00edo porque las organizaciones tienen m\u00e1s poder para corromper\". \"Con la ley\u2026","rel":"","context":"En \u00abPol\u00edtica\u00bb","block_context":{"text":"Pol\u00edtica","link":"http:\/\/www.24baires.com\/?cat=51"},"img":{"alt_text":"garavano","src":"https:\/\/i0.wp.com\/www.24baires.com\/wp-content\/uploads\/2015\/12\/garavano.jpg?resize=350%2C200","width":350,"height":200,"srcset":"https:\/\/i0.wp.com\/www.24baires.com\/wp-content\/uploads\/2015\/12\/garavano.jpg?resize=350%2C200 1x, https:\/\/i0.wp.com\/www.24baires.com\/wp-content\/uploads\/2015\/12\/garavano.jpg?resize=525%2C300 1.5x"},"classes":[]}],"jetpack_sharing_enabled":true,"jetpack_likes_enabled":true,"jetpack_featured_media_url":"","_links":{"self":[{"href":"http:\/\/www.24baires.com\/index.php?rest_route=\/wp\/v2\/posts\/65327","targetHints":{"allow":["GET"]}}],"collection":[{"href":"http:\/\/www.24baires.com\/index.php?rest_route=\/wp\/v2\/posts"}],"about":[{"href":"http:\/\/www.24baires.com\/index.php?rest_route=\/wp\/v2\/types\/post"}],"author":[{"embeddable":true,"href":"http:\/\/www.24baires.com\/index.php?rest_route=\/wp\/v2\/users\/8"}],"replies":[{"embeddable":true,"href":"http:\/\/www.24baires.com\/index.php?rest_route=%2Fwp%2Fv2%2Fcomments&post=65327"}],"version-history":[{"count":1,"href":"http:\/\/www.24baires.com\/index.php?rest_route=\/wp\/v2\/posts\/65327\/revisions"}],"predecessor-version":[{"id":65328,"href":"http:\/\/www.24baires.com\/index.php?rest_route=\/wp\/v2\/posts\/65327\/revisions\/65328"}],"wp:attachment":[{"href":"http:\/\/www.24baires.com\/index.php?rest_route=%2Fwp%2Fv2%2Fmedia&parent=65327"}],"wp:term":[{"taxonomy":"category","embeddable":true,"href":"http:\/\/www.24baires.com\/index.php?rest_route=%2Fwp%2Fv2%2Fcategories&post=65327"},{"taxonomy":"post_tag","embeddable":true,"href":"http:\/\/www.24baires.com\/index.php?rest_route=%2Fwp%2Fv2%2Ftags&post=65327"}],"curies":[{"name":"wp","href":"https:\/\/api.w.org\/{rel}","templated":true}]}}