{"id":65324,"date":"2015-05-04T20:59:28","date_gmt":"2015-05-04T23:59:28","guid":{"rendered":"http:\/\/www.24baires.com\/?p=65324"},"modified":"2015-05-04T20:59:28","modified_gmt":"2015-05-04T23:59:28","slug":"miles-de-docentes-perderian-su-cargo-en-la-ciudad-por-el-sistema-online","status":"publish","type":"post","link":"http:\/\/www.24baires.com\/?p=65324","title":{"rendered":"Miles de docentes perder\u00edan su cargo en la Ciudad por el sistema online"},"content":{"rendered":"<p><img data-recalc-dims=\"1\" loading=\"lazy\" decoding=\"async\" class=\"aligncenter size-full wp-image-45183\" src=\"https:\/\/i0.wp.com\/www.24baires.com\/wp-content\/uploads\/2014\/05\/escuela03.jpg?resize=560%2C312\" alt=\"escuela03\" width=\"560\" height=\"312\" srcset=\"https:\/\/i0.wp.com\/www.24baires.com\/wp-content\/uploads\/2014\/05\/escuela03.jpg?w=560 560w, https:\/\/i0.wp.com\/www.24baires.com\/wp-content\/uploads\/2014\/05\/escuela03.jpg?resize=300%2C167 300w\" sizes=\"auto, (max-width: 560px) 100vw, 560px\" \/>Miles de maestros porte\u00f1os est\u00e1n en riesgo de quedarse sin cargos el a\u00f1o pr\u00f3ximo al no poder inscribirse con el nuevo sistema por internet que implement\u00f3 para ellos este a\u00f1o el gobierno de la Ciudad, ya que presenta falencias que les impiden acceder y rebaja sus puntajes.<!--more--><\/p>\n<p>Los docentes tienen plazo hasta el 18 de este mes para presentar su solicitudes y \u00abel 90% de ellos tuvo muchas dificultades ya que no logran acceder a la cuenta web para llenar los formularios o el mismo sistema les rebaja dos o tres puntos sus clasificaciones, lo que les implica bajar puestos en los listados\u00bb, dijo a T\u00e9am Alejandro Brescianoli de la junta directiva de UTE.<\/p>\n<p>El dirigente destac\u00f3 que hoy \u00abhubo una movilizaci\u00f3n de cerca de 300 maestros a la sede del Ministerio de Educaci\u00f3n porte\u00f1o para que nos den respuestas pero nos fuimos con muchas promesas y nada en concreto\u00bb.<\/p>\n<p>Indic\u00f3 que por propias fallas del sistema ideado para inscribirse por internet hay docentes que no se les permite crear su cuenta, otros ni siquiera pueden acceder y hay otro porcentaje que al inscribirse los puntajes hist\u00f3ricos que ten\u00edan se ven rebajados, lo que implica descender entre 200 o 300 puestos en las clasificaciones y cambiar as\u00ed sus condiciones de trabajo\u00bb.<\/p>\n<p>El dirigente destac\u00f3 que \u00abson much\u00edsimas las denuncias que recibimos, cuando se implement\u00f3 la inscripci\u00f3n on line en los alumnos quedaron unos cinco mil afuera del sistema y ahora se nos est\u00e1 cercenando el derecho del docente a trabajar\u00bb.<\/p>\n<p>Brescianoli asegur\u00f3 que este sistema \u00abfue impuesto este a\u00f1o, mientras que en el 2014 los docentes iban a la Junta de Clasificaci\u00f3n o a la oficina del supervisor escolar para inscribirse.\u00bb<\/p>\n<p>\u00abNo estamos en contra de la tecnolog\u00eda, en la provincia de Buenos Aires los docentes se inscriben por internet y no tienen ning\u00fan problema, pero aqu\u00ed existen falencias que ponen en peligro los cargos del a\u00f1o que viene\u00bb, sostuvo.<\/p>\n<p>El dirigente calific\u00f3 al hecho como \u00abmuy grave\u00bb y asegur\u00f3 que esperan ser citados antes del 18 de mayo para solucionar estos problemas que padecen miles de docentes en la Ciudad de Buenos Aires.<\/p>\n<p>&nbsp;<\/p>\n<p>&nbsp;<\/p>\n<p>&nbsp;<\/p>\n<p>&nbsp;<\/p>\n<p>&nbsp;<\/p>\n<p>&nbsp;<\/p>\n<p>&nbsp;<\/p>\n<p>&nbsp;<\/p>\n<p>&nbsp;<\/p>\n<p>&nbsp;<\/p>\n<p>&nbsp;<\/p>\n<p>&nbsp;<\/p>\n","protected":false},"excerpt":{"rendered":"<p>Miles de maestros porte\u00f1os est\u00e1n en riesgo de quedarse sin cargos el a\u00f1o pr\u00f3ximo al no poder inscribirse con el nuevo sistema por internet que implement\u00f3 para ellos este a\u00f1o el gobierno de la Ciudad, ya que presenta falencias que les impiden acceder y rebaja sus puntajes.<\/p>\n","protected":false},"author":8,"featured_media":0,"comment_status":"open","ping_status":"open","sticky":false,"template":"","format":"standard","meta":{"_jetpack_newsletter_access":"","_jetpack_dont_email_post_to_subs":false,"_jetpack_newsletter_tier_id":0,"_jetpack_memberships_contains_paywalled_content":false,"_jetpack_memberships_contains_paid_content":false,"footnotes":""},"categories":[51],"tags":[],"class_list":["post-65324","post","type-post","status-publish","format-standard","hentry","category-politica"],"jetpack_shortlink":"https:\/\/wp.me\/p2JWE0-gZC","jetpack-related-posts":[{"id":98865,"url":"http:\/\/www.24baires.com\/?p=98865","url_meta":{"origin":65324,"position":0},"title":"\u201cJubilarse ser\u00e1 equivalente a caer en la miseria\u201d","author":"AF","date":"21\/11\/2017","format":false,"excerpt":"La Uni\u00f3n de Trabajadores de la Educaci\u00f3n se declar\u00f3 en estado de alerta y movilizaci\u00f3n frente al \u201cataque a la jubilaci\u00f3n docente\u201d que implica la reforma previsional impulsada por el Gobierno. Afirmaron que se destruir\u00e1 la movilidad de los haberes al disociarlos de los aumentos salariales, lo que adem\u00e1s impactar\u00e1\u2026","rel":"","context":"En \u00abSociedad\u00bb","block_context":{"text":"Sociedad","link":"http:\/\/www.24baires.com\/?cat=1"},"img":{"alt_text":"","src":"https:\/\/i0.wp.com\/www.24baires.com\/wp-content\/uploads\/2017\/11\/docentes.jpg?resize=350%2C200","width":350,"height":200,"srcset":"https:\/\/i0.wp.com\/www.24baires.com\/wp-content\/uploads\/2017\/11\/docentes.jpg?resize=350%2C200 1x, https:\/\/i0.wp.com\/www.24baires.com\/wp-content\/uploads\/2017\/11\/docentes.jpg?resize=525%2C300 1.5x"},"classes":[]},{"id":96917,"url":"http:\/\/www.24baires.com\/?p=96917","url_meta":{"origin":65324,"position":1},"title":"Sin clases en la Ciudad: paran contra las pasant\u00edas en el Secundario","author":"GB","date":"24\/08\/2017","format":false,"excerpt":"La Uni\u00f3n de Trabajadores de la Educaci\u00f3n (UTE) y la Asociaci\u00f3n de Ense\u00f1anza Media y Superior (Ademys) realizan hoy un paro de 24 horas en la Ciudad de Buenos Aires en rechazo del aumento salarial ofrecido por el gobierno porte\u00f1o del 21,5 por ciento al que consideran \"insuficiente\" y en\u2026","rel":"","context":"En \u00abSociedad\u00bb","block_context":{"text":"Sociedad","link":"http:\/\/www.24baires.com\/?cat=1"},"img":{"alt_text":"","src":"https:\/\/i0.wp.com\/www.24baires.com\/wp-content\/uploads\/2014\/03\/aula-vac%C3%ADa.jpg?resize=350%2C200","width":350,"height":200,"srcset":"https:\/\/i0.wp.com\/www.24baires.com\/wp-content\/uploads\/2014\/03\/aula-vac%C3%ADa.jpg?resize=350%2C200 1x, https:\/\/i0.wp.com\/www.24baires.com\/wp-content\/uploads\/2014\/03\/aula-vac%C3%ADa.jpg?resize=525%2C300 1.5x"},"classes":[]},{"id":31969,"url":"http:\/\/www.24baires.com\/?p=31969","url_meta":{"origin":65324,"position":2},"title":"En los pr\u00f3ximos 15 d\u00edas el gobierno de Macri deber\u00e1 presentar una propuesta de pago a los docentes","author":"GB","date":"16\/09\/2013","format":false,"excerpt":"El juez Dar\u00edo Reynoso dio un plazo de 15 d\u00edas al gobierno porte\u00f1o para que presente una propuesta de pago a los docentes por los 200 pesos descontados de sus haberes de marzo de este a\u00f1o en concepto de material did\u00e1ctico. En la audiencia de conciliaci\u00f3n celebrada entre la Uni\u00f3n\u2026","rel":"","context":"En \u00abSociedad\u00bb","block_context":{"text":"Sociedad","link":"http:\/\/www.24baires.com\/?cat=1"},"img":{"alt_text":"","src":"","width":0,"height":0},"classes":[]},{"id":115921,"url":"http:\/\/www.24baires.com\/?p=115921","url_meta":{"origin":65324,"position":3},"title":"Docentes exigen la reapertura de concursos para acceder a nuevos cargos","author":"GB","date":"12\/08\/2020","format":false,"excerpt":"El sector Multicolor de SUTEBA, reiter\u00f3 el reclamo de mejoras salariales y rechaz\u00f3 la implementaci\u00f3n de un sistema de concursos virtuales que calific\u00f3 como un \"engendro\" Desde la lista Multicolor de SUTEBA, salieron con los tapones de punta contra el gobierno provincial a reclamar la reapertura de concursos para acceder\u2026","rel":"","context":"En \u00abProvincia\u00bb","block_context":{"text":"Provincia","link":"http:\/\/www.24baires.com\/?cat=40"},"img":{"alt_text":"","src":"https:\/\/i0.wp.com\/www.24baires.com\/wp-content\/uploads\/2020\/01\/kicillof-docentes.jpeg?resize=350%2C200","width":350,"height":200,"srcset":"https:\/\/i0.wp.com\/www.24baires.com\/wp-content\/uploads\/2020\/01\/kicillof-docentes.jpeg?resize=350%2C200 1x, https:\/\/i0.wp.com\/www.24baires.com\/wp-content\/uploads\/2020\/01\/kicillof-docentes.jpeg?resize=525%2C300 1.5x"},"classes":[]},{"id":28891,"url":"http:\/\/www.24baires.com\/?p=28891","url_meta":{"origin":65324,"position":4},"title":"Docentes de Necochea tomaron el Consejo Escolar reclamando pagos atrasados","author":"AF","date":"25\/07\/2013","format":false,"excerpt":"Alrededor de 500 trabajadores, que realizaron suplencias o recibieron altas nuevas durante este a\u00f1o, recurrieron a esta medida de fuerza en reclamo de sus haberes. Asimismo, apuntaron contra los funcionarios de la cartera educativa bonaerense, ya que ante el incumplimiento de la carga de informaci\u00f3n al sistema, temen que m\u00e1s\u2026","rel":"","context":"En \u00abLocales\u00bb","block_context":{"text":"Locales","link":"http:\/\/www.24baires.com\/?cat=38"},"img":{"alt_text":"","src":"","width":0,"height":0},"classes":[]},{"id":100081,"url":"http:\/\/www.24baires.com\/?p=100081","url_meta":{"origin":65324,"position":5},"title":"Seg\u00fan Baradel el 15% de aumento que ofrece el gobierno es \u201cuna rebaja de salario\u201d","author":"GB","date":"22\/01\/2018","format":false,"excerpt":"El secretario general de SUTEBA carg\u00f3 contra el Ministerio de Educaci\u00f3n por no convocar a los gremios para debatir en paritarias durante diciembre. El secretario general de SUTEBA, Roberto Baradel, habl\u00f3 sobre la cuesti\u00f3n salarial para el sector y adelant\u00f3 cr\u00edticas hacia el ofrecimiento del gobierno. Adem\u00e1s carg\u00f3 contra el\u2026","rel":"","context":"En \u00abProvincia\u00bb","block_context":{"text":"Provincia","link":"http:\/\/www.24baires.com\/?cat=40"},"img":{"alt_text":"","src":"https:\/\/i0.wp.com\/www.24baires.com\/wp-content\/uploads\/2017\/07\/baradel.jpg?resize=350%2C200","width":350,"height":200,"srcset":"https:\/\/i0.wp.com\/www.24baires.com\/wp-content\/uploads\/2017\/07\/baradel.jpg?resize=350%2C200 1x, https:\/\/i0.wp.com\/www.24baires.com\/wp-content\/uploads\/2017\/07\/baradel.jpg?resize=525%2C300 1.5x"},"classes":[]}],"jetpack_sharing_enabled":true,"jetpack_likes_enabled":true,"jetpack_featured_media_url":"","_links":{"self":[{"href":"http:\/\/www.24baires.com\/index.php?rest_route=\/wp\/v2\/posts\/65324","targetHints":{"allow":["GET"]}}],"collection":[{"href":"http:\/\/www.24baires.com\/index.php?rest_route=\/wp\/v2\/posts"}],"about":[{"href":"http:\/\/www.24baires.com\/index.php?rest_route=\/wp\/v2\/types\/post"}],"author":[{"embeddable":true,"href":"http:\/\/www.24baires.com\/index.php?rest_route=\/wp\/v2\/users\/8"}],"replies":[{"embeddable":true,"href":"http:\/\/www.24baires.com\/index.php?rest_route=%2Fwp%2Fv2%2Fcomments&post=65324"}],"version-history":[{"count":1,"href":"http:\/\/www.24baires.com\/index.php?rest_route=\/wp\/v2\/posts\/65324\/revisions"}],"predecessor-version":[{"id":65325,"href":"http:\/\/www.24baires.com\/index.php?rest_route=\/wp\/v2\/posts\/65324\/revisions\/65325"}],"wp:attachment":[{"href":"http:\/\/www.24baires.com\/index.php?rest_route=%2Fwp%2Fv2%2Fmedia&parent=65324"}],"wp:term":[{"taxonomy":"category","embeddable":true,"href":"http:\/\/www.24baires.com\/index.php?rest_route=%2Fwp%2Fv2%2Fcategories&post=65324"},{"taxonomy":"post_tag","embeddable":true,"href":"http:\/\/www.24baires.com\/index.php?rest_route=%2Fwp%2Fv2%2Ftags&post=65324"}],"curies":[{"name":"wp","href":"https:\/\/api.w.org\/{rel}","templated":true}]}}