{"id":65308,"date":"2015-05-04T18:35:45","date_gmt":"2015-05-04T21:35:45","guid":{"rendered":"http:\/\/www.24baires.com\/?p=65308"},"modified":"2015-05-05T11:29:02","modified_gmt":"2015-05-05T14:29:02","slug":"cristina-sobre-l-cambio-en-ganancias-implicara-un-aumento-en-el-salario-de-bolsillo","status":"publish","type":"post","link":"http:\/\/www.24baires.com\/?p=65308","title":{"rendered":"Cristina sobre el cambio en Ganancias: \u00abimplicar\u00e1 un aumento en el salario de bolsillo\u00bb"},"content":{"rendered":"<p><img data-recalc-dims=\"1\" loading=\"lazy\" decoding=\"async\" class=\"aligncenter size-full wp-image-63421\" src=\"https:\/\/i0.wp.com\/www.24baires.com\/wp-content\/uploads\/2015\/03\/cristina4.jpg?resize=560%2C373\" alt=\"cristina4\" width=\"560\" height=\"373\" srcset=\"https:\/\/i0.wp.com\/www.24baires.com\/wp-content\/uploads\/2015\/03\/cristina4.jpg?w=560 560w, https:\/\/i0.wp.com\/www.24baires.com\/wp-content\/uploads\/2015\/03\/cristina4.jpg?resize=300%2C200 300w\" sizes=\"auto, (max-width: 560px) 100vw, 560px\" \/>\u00abAnunciamos una reducci\u00f3n del Impuesto a las Ganancias a los trabajadores que ganan entre 15.000 y 25.000 pesos. Esto implicar\u00e1 un aumento en el salario de bolsillo del 6% para casados y del 5% para solteros\u00bb, escribi\u00f3 la mandataria en su cuenta de Facebook.<!--more--><\/p>\n<p>La Presidenta destac\u00f3 la \u00abreducci\u00f3n del Impuesto a las Ganancias a los trabajadores que ganan entre 15.000 y 25.000 pesos\u00bb anunciada este mediod\u00eda por el ministro de Econom\u00eda, Axel Kicillof, y subray\u00f3 que esta modificaci\u00f3n \u00abimplicar\u00e1 un aumento en el salario de bolsillo del 6 por ciento\u00bb para los trabajadores casados y \u00abdel 5% para solteros\u00bb.<\/p>\n<p>\u00abEsta medida afecta al 68% de los trabajadores que pagan el Impuesto a las Ganancias\u00bb, resalt\u00f3 Cristina, quien apunt\u00f3 que del total de los trabajadores en blanco \u00absolo el 11,3 por ciento se ve afectado por Ganancias\u00bb.<\/p>\n<p>\u00abEs un impuesto con el que sostenemos una bater\u00eda de pol\u00edticas del Estado Nacional como la Asignaci\u00f3n Universal por Hijo (AUH), el plan Progresar o Procrear\u00bb, agreg\u00f3 la presidenta, quien acompa\u00f1\u00f3 sus tuits posteando una presentaci\u00f3n de l\u00e1minas explicativas sobre los alcances de la medida difundida hoy por el gobierno nacional.<\/p>\n","protected":false},"excerpt":{"rendered":"<p>\u00abAnunciamos una reducci\u00f3n del Impuesto a las Ganancias a los trabajadores que ganan entre 15.000 y 25.000 pesos. Esto implicar\u00e1 un aumento en el salario de bolsillo del 6% para casados y del 5% para solteros\u00bb, escribi\u00f3 la mandataria en su cuenta de Facebook.<\/p>\n","protected":false},"author":8,"featured_media":0,"comment_status":"open","ping_status":"open","sticky":false,"template":"","format":"standard","meta":{"_jetpack_newsletter_access":"","_jetpack_dont_email_post_to_subs":false,"_jetpack_newsletter_tier_id":0,"_jetpack_memberships_contains_paywalled_content":false,"_jetpack_memberships_contains_paid_content":false,"footnotes":""},"categories":[51],"tags":[],"class_list":["post-65308","post","type-post","status-publish","format-standard","hentry","category-politica"],"jetpack_shortlink":"https:\/\/wp.me\/p2JWE0-gZm","jetpack-related-posts":[{"id":65395,"url":"http:\/\/www.24baires.com\/?p=65395","url_meta":{"origin":65308,"position":0},"title":"La reducci\u00f3n del Impuesto a las Ganancias ser\u00e1 retroactiva al primero de enero","author":"GB","date":"05\/05\/2015","format":false,"excerpt":"As\u00ed lo explic\u00f3 el ministro de Econom\u00eda, Axel Kicillof, por lo que las modificaciones en las escalas del impuesto para los salarios de entre 15.000 y $25.000 se abonar\u00e1n en junio. Ser\u00e1 aplicable a los trabajadores comprendidos dentro de estos montos en el a\u00f1o 2013. El ministro de Econom\u00eda, Axel\u2026","rel":"","context":"En \u00abEconom\u00eda\u00bb","block_context":{"text":"Econom\u00eda","link":"http:\/\/www.24baires.com\/?cat=45"},"img":{"alt_text":"kicillof","src":"https:\/\/i0.wp.com\/www.24baires.com\/wp-content\/uploads\/2014\/07\/kicillof.jpg?resize=350%2C200","width":350,"height":200,"srcset":"https:\/\/i0.wp.com\/www.24baires.com\/wp-content\/uploads\/2014\/07\/kicillof.jpg?resize=350%2C200 1x, https:\/\/i0.wp.com\/www.24baires.com\/wp-content\/uploads\/2014\/07\/kicillof.jpg?resize=525%2C300 1.5x"},"classes":[]},{"id":65293,"url":"http:\/\/www.24baires.com\/?p=65293","url_meta":{"origin":65308,"position":1},"title":"Kicillof anunci\u00f3 una reducci\u00f3n en Ganancias para la escala de 15 a 25 mil pesos","author":"AF","date":"04\/05\/2015","format":false,"excerpt":"\"Los que cobran menos sueldo van a tener menor reducci\u00f3n\", afirm\u00f3 el ministro, para precisar que en el caso de un soltero sin hijos que cobra 15.000 pesos en bruto, tendr\u00e1 una reducci\u00f3n del 32% en lo que paga hoy de impuesto a las Ganancias.\u00a0 El ministro de Econom\u00eda, Axel\u2026","rel":"","context":"En \u00abEconom\u00eda\u00bb","block_context":{"text":"Econom\u00eda","link":"http:\/\/www.24baires.com\/?cat=45"},"img":{"alt_text":"","src":"","width":0,"height":0},"classes":[]},{"id":65602,"url":"http:\/\/www.24baires.com\/?p=65602","url_meta":{"origin":65308,"position":2},"title":"Los cambios en Ganancias significar\u00e1n un 5% en los haberes","author":"GB","date":"08\/05\/2015","format":false,"excerpt":"El ministro de Econom\u00eda, Axel Kicillof, ratific\u00f3 que la rebaja en el impuesto a las Ganancias implicar\u00e1 una mejora de 5% en los haberes de las personas con salarios de entre 15.000 y 25.000 pesos y que la medida representar\u00e1 un costo fiscal de 6 mil millones de pesos. \u201cHubo\u2026","rel":"","context":"En \u00abEconom\u00eda\u00bb","block_context":{"text":"Econom\u00eda","link":"http:\/\/www.24baires.com\/?cat=45"},"img":{"alt_text":"kicillof onu","src":"https:\/\/i0.wp.com\/www.24baires.com\/wp-content\/uploads\/2015\/04\/kicillof-onu.jpg?resize=350%2C200","width":350,"height":200,"srcset":"https:\/\/i0.wp.com\/www.24baires.com\/wp-content\/uploads\/2015\/04\/kicillof-onu.jpg?resize=350%2C200 1x, https:\/\/i0.wp.com\/www.24baires.com\/wp-content\/uploads\/2015\/04\/kicillof-onu.jpg?resize=525%2C300 1.5x"},"classes":[]},{"id":65335,"url":"http:\/\/www.24baires.com\/?p=65335","url_meta":{"origin":65308,"position":3},"title":"Kicillof: \u00abSolamente el 10% que m\u00e1s gana paga Ganancias\u00bb","author":"AF","date":"05\/05\/2015","format":false,"excerpt":"El ministro de Econom\u00eda asegur\u00f3 que la modificaci\u00f3n que\u00a0se anunci\u00f3 ayer tiene un costo fiscal elevado\". La reforma implica una reducci\u00f3n en la escala del Impuesto a las Ganancias, lo que representar\u00e1 una mejora en el salario de bolsillo que rondar\u00e1 el 6 por ciento. El ministro de Econom\u00eda y\u2026","rel":"","context":"En \u00abEconom\u00eda\u00bb","block_context":{"text":"Econom\u00eda","link":"http:\/\/www.24baires.com\/?cat=45"},"img":{"alt_text":"","src":"","width":0,"height":0},"classes":[]},{"id":50338,"url":"http:\/\/www.24baires.com\/?p=50338","url_meta":{"origin":65308,"position":4},"title":"\u00abEl reclamo por el impuesto a las Ganancias es pol\u00edtico\u00bb","author":"AF","date":"22\/07\/2014","format":false,"excerpt":"El jefe de Gabinete consider\u00f3 hoy que los trabajadores y jubilados que no estaban alcanzados por este impuesto \"siguen sin estarlo, independientemente del incremento de su salario\" por las paritarias. \"El trabajador o jubilado que por el decreto 1242 que firm\u00f3 en el 2013 la presidenta Cristina Fern\u00e1ndez de Kirchner\u2026","rel":"","context":"En \u00abSociedad\u00bb","block_context":{"text":"Sociedad","link":"http:\/\/www.24baires.com\/?cat=1"},"img":{"alt_text":"Capitanich","src":"https:\/\/i0.wp.com\/www.24baires.com\/wp-content\/uploads\/2014\/01\/Capitanich.jpg?resize=350%2C200","width":350,"height":200,"srcset":"https:\/\/i0.wp.com\/www.24baires.com\/wp-content\/uploads\/2014\/01\/Capitanich.jpg?resize=350%2C200 1x, https:\/\/i0.wp.com\/www.24baires.com\/wp-content\/uploads\/2014\/01\/Capitanich.jpg?resize=525%2C300 1.5x"},"classes":[]},{"id":31515,"url":"http:\/\/www.24baires.com\/?p=31515","url_meta":{"origin":65308,"position":5},"title":"El Senado tratar\u00e1 de convertir en ley las modificaciones al Impuesto a las Ganancias","author":"Grupo Sierra","date":"08\/09\/2013","format":false,"excerpt":"El Senado se encamina a convertir en ley esta semana el proyecto que grava acciones que no cotizan en bolsa para compensar parte de la recaudaci\u00f3n que el Estado dejar\u00e1 de percibir al eximir del pago de Ganancias a m\u00e1s de 1.500.000 trabajadores y jubilados. La intenci\u00f3n del oficialismo es\u2026","rel":"","context":"En \u00abEconom\u00eda\u00bb","block_context":{"text":"Econom\u00eda","link":"http:\/\/www.24baires.com\/?cat=45"},"img":{"alt_text":"cautelares senado","src":"https:\/\/i0.wp.com\/www.24baires.com\/wp-content\/uploads\/2013\/04\/cautelares-senado-300x199.jpg?resize=350%2C200","width":350,"height":200},"classes":[]}],"jetpack_sharing_enabled":true,"jetpack_likes_enabled":true,"jetpack_featured_media_url":"","_links":{"self":[{"href":"http:\/\/www.24baires.com\/index.php?rest_route=\/wp\/v2\/posts\/65308","targetHints":{"allow":["GET"]}}],"collection":[{"href":"http:\/\/www.24baires.com\/index.php?rest_route=\/wp\/v2\/posts"}],"about":[{"href":"http:\/\/www.24baires.com\/index.php?rest_route=\/wp\/v2\/types\/post"}],"author":[{"embeddable":true,"href":"http:\/\/www.24baires.com\/index.php?rest_route=\/wp\/v2\/users\/8"}],"replies":[{"embeddable":true,"href":"http:\/\/www.24baires.com\/index.php?rest_route=%2Fwp%2Fv2%2Fcomments&post=65308"}],"version-history":[{"count":2,"href":"http:\/\/www.24baires.com\/index.php?rest_route=\/wp\/v2\/posts\/65308\/revisions"}],"predecessor-version":[{"id":65312,"href":"http:\/\/www.24baires.com\/index.php?rest_route=\/wp\/v2\/posts\/65308\/revisions\/65312"}],"wp:attachment":[{"href":"http:\/\/www.24baires.com\/index.php?rest_route=%2Fwp%2Fv2%2Fmedia&parent=65308"}],"wp:term":[{"taxonomy":"category","embeddable":true,"href":"http:\/\/www.24baires.com\/index.php?rest_route=%2Fwp%2Fv2%2Fcategories&post=65308"},{"taxonomy":"post_tag","embeddable":true,"href":"http:\/\/www.24baires.com\/index.php?rest_route=%2Fwp%2Fv2%2Ftags&post=65308"}],"curies":[{"name":"wp","href":"https:\/\/api.w.org\/{rel}","templated":true}]}}