{"id":65299,"date":"2015-05-04T16:33:45","date_gmt":"2015-05-04T19:33:45","guid":{"rendered":"http:\/\/www.24baires.com\/?p=65299"},"modified":"2015-05-04T16:33:45","modified_gmt":"2015-05-04T19:33:45","slug":"de-narvaez-apunto-a-macri-y-dijo-que-desde-el-pro-planean-reprivatizar-jubilaciones","status":"publish","type":"post","link":"http:\/\/www.24baires.com\/?p=65299","title":{"rendered":"De Narv\u00e1ez apunt\u00f3 a Macri y dijo que desde el PRO planean reprivatizar jubilaciones"},"content":{"rendered":"<p><img data-recalc-dims=\"1\" loading=\"lazy\" decoding=\"async\" class=\"alignleft size-full wp-image-22656\" src=\"https:\/\/i0.wp.com\/www.24baires.com\/wp-content\/uploads\/2013\/05\/de-narv%C3%A1ez.jpg?resize=259%2C194\" alt=\"de narv\u00e1ez\" width=\"259\" height=\"194\" \/>El precandidato a gobernador bonaerense por el Frente Renovador, Francisco de Narv\u00e1ez sali\u00f3 a pedir una interna que re\u00fana a todos los candidatos a Presidente opositores al Gobierno y dispar\u00f3 que la negativa de Mauricio Macri \u00abest\u00e1 basada en la soberbia\u00bb.<!--more--><\/p>\n<p>El legislador a\u00f1adi\u00f3 que \u00abaquellas posiciones tan categ\u00f3ricamente definidas como \u00b4no\u00b4 est\u00e1n abriendo paso a la intenci\u00f3n de \u00b4Cristina al poder y Scioli al Gobierno. Es lo que la mayor\u00eda de los argentinos no queremos. Nosotros planteamos por qu\u00e9 no hay un debate entre los candidatos a presidente y que la gente elija al mejor. Cu\u00e1l es el problema de dar el debate y una gran primaria\u00bb; expres\u00f3.<\/p>\n<p>En lo que tiene que ver con el acto del massismo en V\u00e9lez, afirm\u00f3 que \u00abel Frente Renovador es la fuerza que ya le gan\u00f3 y puede volver a ganarle al kirchnerismo\u00bb. En la Provincia de Buenos Aires \u00abMassa est\u00e1 primero\u00bb, dijo aunque reconoci\u00f3 que \u00abScioli se ha recuperado\u00bb, pero que \u00abal final del d\u00eda, las encuestas son opinables\u00bb.<\/p>\n<p>Tambi\u00e9n De Narv\u00e1ez sali\u00f3 con los tapones de punta contra el gobernador bonaerense, se\u00f1alando que si Scioli gana no va a poder gobernar: \u00abQue Scioli no va a gobernar sino La C\u00e1mpora y Cristina hay pocas personas que lo dudan\u00bb.<\/p>\n<p>En declaraciones radiales, De Narv\u00e1ez chicane\u00f3 al macrismo al se\u00f1alar que \u00aben la plataforma del PRO est\u00e1n hablando de reprivatizar el sistema previsional y que vuelvan las AFJP. Nosotros estamos diciendo que vamos a mantener el sistema previsional en manos del Estado\u00bb.<\/p>\n<p>&nbsp;<\/p>\n<p>&nbsp;<\/p>\n<p>&nbsp;<\/p>\n<p>&nbsp;<\/p>\n<p>&nbsp;<\/p>\n<p>&nbsp;<\/p>\n<p>&nbsp;<\/p>\n<p>&nbsp;<\/p>\n<p>&nbsp;<\/p>\n<p>&nbsp;<\/p>\n<p>&nbsp;<\/p>\n<p>&nbsp;<\/p>\n<p>&nbsp;<\/p>\n<p>&nbsp;<\/p>\n<p>&nbsp;<\/p>\n","protected":false},"excerpt":{"rendered":"<p>El precandidato a gobernador bonaerense por el Frente Renovador, Francisco de Narv\u00e1ez sali\u00f3 a pedir una interna que re\u00fana a todos los candidatos a Presidente opositores al Gobierno y dispar\u00f3 que la negativa de Mauricio Macri \u00abest\u00e1 basada en la soberbia\u00bb.<\/p>\n","protected":false},"author":8,"featured_media":0,"comment_status":"open","ping_status":"open","sticky":false,"template":"","format":"standard","meta":{"_jetpack_newsletter_access":"","_jetpack_dont_email_post_to_subs":false,"_jetpack_newsletter_tier_id":0,"_jetpack_memberships_contains_paywalled_content":false,"_jetpack_memberships_contains_paid_content":false,"footnotes":""},"categories":[51],"tags":[],"class_list":["post-65299","post","type-post","status-publish","format-standard","hentry","category-politica"],"jetpack_shortlink":"https:\/\/wp.me\/p2JWE0-gZd","jetpack-related-posts":[{"id":105261,"url":"http:\/\/www.24baires.com\/?p=105261","url_meta":{"origin":65299,"position":0},"title":"Monz\u00f3 anticip\u00f3 que no renovar\u00e1 su banca de Cambiemos","author":"AF","date":"02\/11\/2018","format":false,"excerpt":"Los colaboradores del titular de Diputados reconocieron que es una decisi\u00f3n que tom\u00f3 hace ya tiempo. En cuanto a su posible alejamiento de Cambiemos dijeron que se trata de especulaciones pol\u00edticas pero no la negaron. Esta vez no es un amague. En el entorno de Emilio Monz\u00f3 confirmaron la versi\u00f3n\u2026","rel":"","context":"En \u00abPol\u00edtica\u00bb","block_context":{"text":"Pol\u00edtica","link":"http:\/\/www.24baires.com\/?cat=51"},"img":{"alt_text":"","src":"https:\/\/i0.wp.com\/www.24baires.com\/wp-content\/uploads\/2018\/11\/monz%C3%B3.jpg?resize=350%2C200","width":350,"height":200,"srcset":"https:\/\/i0.wp.com\/www.24baires.com\/wp-content\/uploads\/2018\/11\/monz%C3%B3.jpg?resize=350%2C200 1x, https:\/\/i0.wp.com\/www.24baires.com\/wp-content\/uploads\/2018\/11\/monz%C3%B3.jpg?resize=525%2C300 1.5x"},"classes":[]},{"id":32996,"url":"http:\/\/www.24baires.com\/?p=32996","url_meta":{"origin":65299,"position":1},"title":"De Narv\u00e1ez: \u00abya hubo un candidato que dijo `s\u00edganme, no los voy a defraudar\u00b4\u00bb","author":"GB","date":"04\/10\/2013","format":false,"excerpt":"El candidato a diputado nacional por el Frente Unidos por la Libertad y el Trabajo sostuvo que \u201cya hubo un candidato que dijo `s\u00edganme, no los voy a defraudar\u00b4, pero nadie sab\u00eda d\u00f3nde\u201d. De esta forma, relacion\u00f3 al l\u00edder del Frente Renovador con el ex presidente Carlos Menem. \u201cMassa opt\u00f3\u2026","rel":"","context":"En \u00abELECCIONES 2013\u00bb","block_context":{"text":"ELECCIONES 2013","link":"http:\/\/www.24baires.com\/?cat=72"},"img":{"alt_text":"","src":"","width":0,"height":0},"classes":[]},{"id":59792,"url":"http:\/\/www.24baires.com\/?p=59792","url_meta":{"origin":65299,"position":2},"title":"De Narv\u00e1ez competir\u00e1 para Gobernador en las PASO del Frente Renovador","author":"Grupo Sierra","date":"08\/01\/2015","format":false,"excerpt":"Lo confirm\u00f3 el intendente de Olavarr\u00eda, Jos\u00e9 Eseverri, tras reunirse con Massa esta tarde en Tigre: \"El acuerdo se formalizar\u00e1 este s\u00e1bado en una visita a Tigre\", dijo. El precandidato presidencial del Frente Renovador, Sergio Massa, cerr\u00f3 un acuerdo con el diputado Francisco De Narv\u00e1ez, para que se sume a\u2026","rel":"","context":"En \u00abElecciones 2015\u00bb","block_context":{"text":"Elecciones 2015","link":"http:\/\/www.24baires.com\/?cat=74"},"img":{"alt_text":"denarvaez_la_plata2_17184","src":"https:\/\/i0.wp.com\/www.24baires.com\/wp-content\/uploads\/2013\/06\/denarvaez_la_plata2_17184.jpg?resize=350%2C200","width":350,"height":200,"srcset":"https:\/\/i0.wp.com\/www.24baires.com\/wp-content\/uploads\/2013\/06\/denarvaez_la_plata2_17184.jpg?resize=350%2C200 1x, https:\/\/i0.wp.com\/www.24baires.com\/wp-content\/uploads\/2013\/06\/denarvaez_la_plata2_17184.jpg?resize=525%2C300 1.5x"},"classes":[]},{"id":31801,"url":"http:\/\/www.24baires.com\/?p=31801","url_meta":{"origin":65299,"position":3},"title":"Para Aldo Rico, Massa \u201cEs un buen dirigente\u201d","author":"AF","date":"13\/09\/2013","format":false,"excerpt":"A Eduardo Duhalde (y se\u00f1ora), Luis Barrionuevo, Mauricio Macri, y alg\u00fan gui\u00f1o del Momo Venegas, se les suma en esta lista de adherentes al espacio que conduce Sergio Massa y lo lleva como primer postulante a Diputado Nacional, el ex carapintada Aldo Rico. As\u00ed, mientras se alistan los candidatos que\u2026","rel":"","context":"En \u00abOpini\u00f3n\u00bb","block_context":{"text":"Opini\u00f3n","link":"http:\/\/www.24baires.com\/?cat=64"},"img":{"alt_text":"","src":"https:\/\/i0.wp.com\/www.24baires.com\/wp-content\/uploads\/2013\/09\/aldo-rico.jpg?resize=350%2C200","width":350,"height":200,"srcset":"https:\/\/i0.wp.com\/www.24baires.com\/wp-content\/uploads\/2013\/09\/aldo-rico.jpg?resize=350%2C200 1x, https:\/\/i0.wp.com\/www.24baires.com\/wp-content\/uploads\/2013\/09\/aldo-rico.jpg?resize=525%2C300 1.5x"},"classes":[]},{"id":32521,"url":"http:\/\/www.24baires.com\/?p=32521","url_meta":{"origin":65299,"position":4},"title":"De Narv\u00e1ez: \u00abMe podr\u00eda hacer un picnic con Massa\u00bb","author":"GB","date":"26\/09\/2013","format":false,"excerpt":"El candidato a diputado nacional por Unidos por la Libertad y el Trabajo, Francisco De Narv\u00e1ez, visit\u00f3 el centro comercial de City Bell y en ese marco asegur\u00f3 que \"podr\u00eda hacerme un picnic en el debate si empiezo a hablar del pasado de Sergio Massa\". \"La gente puede cambiar de\u2026","rel":"","context":"En \u00abELECCIONES 2013\u00bb","block_context":{"text":"ELECCIONES 2013","link":"http:\/\/www.24baires.com\/?cat=72"},"img":{"alt_text":"","src":"","width":0,"height":0},"classes":[]},{"id":32003,"url":"http:\/\/www.24baires.com\/?p=32003","url_meta":{"origin":65299,"position":5},"title":"De Narv\u00e1ez denuncia que Castrilli le pidi\u00f3 plata para formar parte de su espacio pol\u00edtico","author":"AF","date":"17\/09\/2013","format":false,"excerpt":"El diputado Francisco De Narv\u00e1ez, candidato a renovar su banca por Unidos por la Libertad y el Trabajo asegur\u00f3 que Javier Castrilli le pidi\u00f3 \"plata para seguir en el espacio\", y que \u00e9l le dijo que se fuera \"adonde le paguen\". En tanto, el ex \u00e1rbitro Javier Castrilli, quien se\u2026","rel":"","context":"En \u00abPol\u00edtica\u00bb","block_context":{"text":"Pol\u00edtica","link":"http:\/\/www.24baires.com\/?cat=51"},"img":{"alt_text":"de narv\u00e1ez2","src":"https:\/\/i0.wp.com\/www.24baires.com\/wp-content\/uploads\/2013\/05\/de-narv%C3%A1ez2.jpg?resize=350%2C200","width":350,"height":200,"srcset":"https:\/\/i0.wp.com\/www.24baires.com\/wp-content\/uploads\/2013\/05\/de-narv%C3%A1ez2.jpg?resize=350%2C200 1x, https:\/\/i0.wp.com\/www.24baires.com\/wp-content\/uploads\/2013\/05\/de-narv%C3%A1ez2.jpg?resize=525%2C300 1.5x"},"classes":[]}],"jetpack_sharing_enabled":true,"jetpack_likes_enabled":true,"jetpack_featured_media_url":"","_links":{"self":[{"href":"http:\/\/www.24baires.com\/index.php?rest_route=\/wp\/v2\/posts\/65299","targetHints":{"allow":["GET"]}}],"collection":[{"href":"http:\/\/www.24baires.com\/index.php?rest_route=\/wp\/v2\/posts"}],"about":[{"href":"http:\/\/www.24baires.com\/index.php?rest_route=\/wp\/v2\/types\/post"}],"author":[{"embeddable":true,"href":"http:\/\/www.24baires.com\/index.php?rest_route=\/wp\/v2\/users\/8"}],"replies":[{"embeddable":true,"href":"http:\/\/www.24baires.com\/index.php?rest_route=%2Fwp%2Fv2%2Fcomments&post=65299"}],"version-history":[{"count":1,"href":"http:\/\/www.24baires.com\/index.php?rest_route=\/wp\/v2\/posts\/65299\/revisions"}],"predecessor-version":[{"id":65300,"href":"http:\/\/www.24baires.com\/index.php?rest_route=\/wp\/v2\/posts\/65299\/revisions\/65300"}],"wp:attachment":[{"href":"http:\/\/www.24baires.com\/index.php?rest_route=%2Fwp%2Fv2%2Fmedia&parent=65299"}],"wp:term":[{"taxonomy":"category","embeddable":true,"href":"http:\/\/www.24baires.com\/index.php?rest_route=%2Fwp%2Fv2%2Fcategories&post=65299"},{"taxonomy":"post_tag","embeddable":true,"href":"http:\/\/www.24baires.com\/index.php?rest_route=%2Fwp%2Fv2%2Ftags&post=65299"}],"curies":[{"name":"wp","href":"https:\/\/api.w.org\/{rel}","templated":true}]}}