{"id":65257,"date":"2015-05-03T22:00:51","date_gmt":"2015-05-04T01:00:51","guid":{"rendered":"http:\/\/www.24baires.com\/?p=65257"},"modified":"2015-05-03T22:30:09","modified_gmt":"2015-05-04T01:30:09","slug":"cristina-encabezara-un-homenaje-por-la-asuncion-denestor-kirchner-en-la-unasur","status":"publish","type":"post","link":"http:\/\/www.24baires.com\/?p=65257","title":{"rendered":"Cristina encabezar\u00e1 un homenaje por la asunci\u00f3n de N\u00e9stor Kirchner en la Unasur"},"content":{"rendered":"<p><img data-recalc-dims=\"1\" loading=\"lazy\" decoding=\"async\" class=\"aligncenter size-full wp-image-63950\" src=\"https:\/\/i0.wp.com\/www.24baires.com\/wp-content\/uploads\/2015\/04\/cristina.jpg?resize=560%2C268\" alt=\"cristina\" width=\"560\" height=\"268\" srcset=\"https:\/\/i0.wp.com\/www.24baires.com\/wp-content\/uploads\/2015\/04\/cristina.jpg?w=560 560w, https:\/\/i0.wp.com\/www.24baires.com\/wp-content\/uploads\/2015\/04\/cristina.jpg?resize=300%2C144 300w\" sizes=\"auto, (max-width: 560px) 100vw, 560px\" \/>La Presidenta Cristina Fern\u00e1ndez de Kirchner encabezar\u00e1 ma\u00f1ana, desde las 18, un acto en homenaje a N\u00e9stor Kirchner, al cumplirse 5 a\u00f1os de la elecci\u00f3n del ex mandatario como primer Secretario General de la Unasur.<!--more--><\/p>\n<p>El acto, que tendr\u00e1 lugar en el Sal\u00f3n de los Patriotas Latinoamericanos de la Casa Rosada, fue anunciado por el Secretario General de la Presidencia, Eduardo \u00abWado\u00bb de Pedro, a trav\u00e9s de su cuenta en la red social twitter.<\/p>\n<p>&nbsp;<\/p>\n<p>&nbsp;<\/p>\n<p>&nbsp;<\/p>\n<p>&nbsp;<\/p>\n<p>&nbsp;<\/p>\n<p>&nbsp;<\/p>\n<p>&nbsp;<\/p>\n<p>&nbsp;<\/p>\n<p>&nbsp;<\/p>\n<p>&nbsp;<\/p>\n<p>&nbsp;<\/p>\n<p>&nbsp;<\/p>\n<p>&nbsp;<\/p>\n","protected":false},"excerpt":{"rendered":"<p>La Presidenta Cristina Fern\u00e1ndez de Kirchner encabezar\u00e1 ma\u00f1ana, desde las 18, un acto en homenaje a N\u00e9stor Kirchner, al cumplirse 5 a\u00f1os de la elecci\u00f3n del ex mandatario como primer Secretario General de la Unasur.<\/p>\n","protected":false},"author":8,"featured_media":0,"comment_status":"open","ping_status":"open","sticky":false,"template":"","format":"standard","meta":{"_jetpack_newsletter_access":"","_jetpack_dont_email_post_to_subs":false,"_jetpack_newsletter_tier_id":0,"_jetpack_memberships_contains_paywalled_content":false,"_jetpack_memberships_contains_paid_content":false,"footnotes":""},"categories":[51],"tags":[],"class_list":["post-65257","post","type-post","status-publish","format-standard","hentry","category-politica"],"jetpack_shortlink":"https:\/\/wp.me\/p2JWE0-gYx","jetpack-related-posts":[{"id":65458,"url":"http:\/\/www.24baires.com\/?p=65458","url_meta":{"origin":65257,"position":0},"title":"Cristina comparti\u00f3 la carta que Lula escribi\u00f3 para homenajear a N\u00e9stor Kirchner","author":"AF","date":"06\/05\/2015","format":false,"excerpt":"La presidenta public\u00f3 en las redes sociales el mensaje que el ex presidente de Brasil envi\u00f3 en virtud del recuerdo que se hiciera por los cinco a\u00f1os de la jura de Kirchner como Secretario General de la Unasur. \"Durante su paso por la UNASUR, como primer secretario general de la\u2026","rel":"","context":"En \u00abInternacionales\u00bb","block_context":{"text":"Internacionales","link":"http:\/\/www.24baires.com\/?cat=73"},"img":{"alt_text":"","src":"https:\/\/i0.wp.com\/www.24baires.com\/wp-content\/uploads\/2015\/05\/n%C3%A9stor-lula.jpg?resize=350%2C200","width":350,"height":200,"srcset":"https:\/\/i0.wp.com\/www.24baires.com\/wp-content\/uploads\/2015\/05\/n%C3%A9stor-lula.jpg?resize=350%2C200 1x, https:\/\/i0.wp.com\/www.24baires.com\/wp-content\/uploads\/2015\/05\/n%C3%A9stor-lula.jpg?resize=525%2C300 1.5x"},"classes":[]},{"id":58195,"url":"http:\/\/www.24baires.com\/?p=58195","url_meta":{"origin":65257,"position":1},"title":"Cristina inaugur\u00f3 la sede de UNASUR en Quito","author":"Grupo Sierra","date":"05\/12\/2014","format":false,"excerpt":"En la ceremonia, que encabez\u00f3 el presidente de Ecuador Rafael Correa, particip\u00f3 la presidenta Cristina Fern\u00e1ndez de Kirchner junto a otros mandatarios del bloque regional. La sede de la Unasur \"N\u00e9stor Kirchner\" qued\u00f3 formalmente inaugurada esta tarde en Quito, con el tradicional corte de cinta a cargo de obreros, ni\u00f1os\u2026","rel":"","context":"En \u00abInternacionales\u00bb","block_context":{"text":"Internacionales","link":"http:\/\/www.24baires.com\/?cat=73"},"img":{"alt_text":"","src":"https:\/\/i0.wp.com\/www.24baires.com\/wp-content\/uploads\/2014\/12\/cris.jpg?resize=350%2C200","width":350,"height":200,"srcset":"https:\/\/i0.wp.com\/www.24baires.com\/wp-content\/uploads\/2014\/12\/cris.jpg?resize=350%2C200 1x, https:\/\/i0.wp.com\/www.24baires.com\/wp-content\/uploads\/2014\/12\/cris.jpg?resize=525%2C300 1.5x"},"classes":[]},{"id":58120,"url":"http:\/\/www.24baires.com\/?p=58120","url_meta":{"origin":65257,"position":2},"title":"La Presidenta viaja a Ecuador para participar de la Cumbre de la Unasur","author":"AF","date":"04\/12\/2014","format":false,"excerpt":"La presidenta Cristina Fern\u00e1ndez de Kirchner parti\u00f3 hacia Ecuador para participar de la VIII Cumbre de Jefas y Jefes de Estado y de Gobierno de la Uni\u00f3n de Naciones Suramericanas (Unasur) y de la inauguraci\u00f3n de la sede del organismo, que llevar\u00e1 el nombre \"N\u00e9stor Kirchner\", en homenaje al ex\u2026","rel":"","context":"En \u00abPol\u00edtica\u00bb","block_context":{"text":"Pol\u00edtica","link":"http:\/\/www.24baires.com\/?cat=51"},"img":{"alt_text":"","src":"https:\/\/i0.wp.com\/www.24baires.com\/wp-content\/uploads\/2014\/12\/crist-avi%C3%B3n.jpg?resize=350%2C200","width":350,"height":200,"srcset":"https:\/\/i0.wp.com\/www.24baires.com\/wp-content\/uploads\/2014\/12\/crist-avi%C3%B3n.jpg?resize=350%2C200 1x, https:\/\/i0.wp.com\/www.24baires.com\/wp-content\/uploads\/2014\/12\/crist-avi%C3%B3n.jpg?resize=525%2C300 1.5x"},"classes":[]},{"id":120266,"url":"http:\/\/www.24baires.com\/?p=120266","url_meta":{"origin":65257,"position":3},"title":"El Gasoducto N\u00e9stor Kirchner es la mayor obra energ\u00e9tica en 30 a\u00f1os","author":"GB","date":"10\/07\/2023","format":false,"excerpt":"Con la esperada foto de unidad, Cristina, Massa, Alberto y Rossi inauguraron la obra energ\u00e9tica m\u00e1s imponente e importante de las \u00faltimas d\u00e9cadas: el gasoducto presidente N\u00e9stor Kirchner. El presidente Alberto Fern\u00e1ndez, la vicepresidenta Cristina Fern\u00e1ndez de Kirchner y el ministro de Econom\u00eda y precandidato presidencial de Uni\u00f3n por la\u2026","rel":"","context":"En \u00abPol\u00edtica\u00bb","block_context":{"text":"Pol\u00edtica","link":"http:\/\/www.24baires.com\/?cat=51"},"img":{"alt_text":"","src":"https:\/\/i0.wp.com\/www.24baires.com\/wp-content\/uploads\/2023\/07\/gasoducto.jpeg?resize=350%2C200","width":350,"height":200,"srcset":"https:\/\/i0.wp.com\/www.24baires.com\/wp-content\/uploads\/2023\/07\/gasoducto.jpeg?resize=350%2C200 1x, https:\/\/i0.wp.com\/www.24baires.com\/wp-content\/uploads\/2023\/07\/gasoducto.jpeg?resize=525%2C300 1.5x, https:\/\/i0.wp.com\/www.24baires.com\/wp-content\/uploads\/2023\/07\/gasoducto.jpeg?resize=700%2C400 2x, https:\/\/i0.wp.com\/www.24baires.com\/wp-content\/uploads\/2023\/07\/gasoducto.jpeg?resize=1050%2C600 3x"},"classes":[]},{"id":118936,"url":"http:\/\/www.24baires.com\/?p=118936","url_meta":{"origin":65257,"position":4},"title":"Alberto y Cristina encabezar\u00e1n el acto por los 100 a\u00f1os de YPF","author":"AF","date":"02\/06\/2022","format":false,"excerpt":"El encuentro ser\u00e1 este viernes a las 17 en el predio de Tecn\u00f3polis. La petrolera celebrar\u00e1 tambi\u00e9n los 10 a\u00f1os de su expropiaci\u00f3n. El presidente Alberto Fern\u00e1ndez y la vicepresidenta Cristina Fern\u00e1ndez de Kirchner encabezar\u00e1n ma\u00f1ana el acto por el centenario de la empresa estatal de energ\u00eda Yacimientos Petrol\u00edferos Fiscales\u2026","rel":"","context":"En \u00abLocales\u00bb","block_context":{"text":"Locales","link":"http:\/\/www.24baires.com\/?cat=38"},"img":{"alt_text":"","src":"https:\/\/i0.wp.com\/www.24baires.com\/wp-content\/uploads\/2019\/10\/alberto-y-cristina.jpg?resize=350%2C200","width":350,"height":200,"srcset":"https:\/\/i0.wp.com\/www.24baires.com\/wp-content\/uploads\/2019\/10\/alberto-y-cristina.jpg?resize=350%2C200 1x, https:\/\/i0.wp.com\/www.24baires.com\/wp-content\/uploads\/2019\/10\/alberto-y-cristina.jpg?resize=525%2C300 1.5x, https:\/\/i0.wp.com\/www.24baires.com\/wp-content\/uploads\/2019\/10\/alberto-y-cristina.jpg?resize=700%2C400 2x"},"classes":[]},{"id":120136,"url":"http:\/\/www.24baires.com\/?p=120136","url_meta":{"origin":65257,"position":5},"title":"Alberto dijo que Sudam\u00e9rica debe enfrentar unida la nueva dimensi\u00f3n de la globalizaci\u00f3n","author":"AF","date":"30\/05\/2023","format":false,"excerpt":"En su participaci\u00f3n en el encuentro encabezado por su par brasile\u00f1o, el mandatario argentino cit\u00f3 a N\u00e9stor Kirchner en su apreciaci\u00f3n de que \"los viejos moldes se han roto\" y apoy\u00f3 la iniciativa \"para integrar la regi\u00f3n\". El presidente Alberto Fern\u00e1ndez convoc\u00f3 este martes a los pa\u00edses sudamericanos a la\u2026","rel":"","context":"En \u00abPol\u00edtica\u00bb","block_context":{"text":"Pol\u00edtica","link":"http:\/\/www.24baires.com\/?cat=51"},"img":{"alt_text":"","src":"https:\/\/i0.wp.com\/www.24baires.com\/wp-content\/uploads\/2022\/09\/alberto.jpg?resize=350%2C200","width":350,"height":200,"srcset":"https:\/\/i0.wp.com\/www.24baires.com\/wp-content\/uploads\/2022\/09\/alberto.jpg?resize=350%2C200 1x, https:\/\/i0.wp.com\/www.24baires.com\/wp-content\/uploads\/2022\/09\/alberto.jpg?resize=525%2C300 1.5x, https:\/\/i0.wp.com\/www.24baires.com\/wp-content\/uploads\/2022\/09\/alberto.jpg?resize=700%2C400 2x"},"classes":[]}],"jetpack_sharing_enabled":true,"jetpack_likes_enabled":true,"jetpack_featured_media_url":"","_links":{"self":[{"href":"http:\/\/www.24baires.com\/index.php?rest_route=\/wp\/v2\/posts\/65257","targetHints":{"allow":["GET"]}}],"collection":[{"href":"http:\/\/www.24baires.com\/index.php?rest_route=\/wp\/v2\/posts"}],"about":[{"href":"http:\/\/www.24baires.com\/index.php?rest_route=\/wp\/v2\/types\/post"}],"author":[{"embeddable":true,"href":"http:\/\/www.24baires.com\/index.php?rest_route=\/wp\/v2\/users\/8"}],"replies":[{"embeddable":true,"href":"http:\/\/www.24baires.com\/index.php?rest_route=%2Fwp%2Fv2%2Fcomments&post=65257"}],"version-history":[{"count":2,"href":"http:\/\/www.24baires.com\/index.php?rest_route=\/wp\/v2\/posts\/65257\/revisions"}],"predecessor-version":[{"id":65260,"href":"http:\/\/www.24baires.com\/index.php?rest_route=\/wp\/v2\/posts\/65257\/revisions\/65260"}],"wp:attachment":[{"href":"http:\/\/www.24baires.com\/index.php?rest_route=%2Fwp%2Fv2%2Fmedia&parent=65257"}],"wp:term":[{"taxonomy":"category","embeddable":true,"href":"http:\/\/www.24baires.com\/index.php?rest_route=%2Fwp%2Fv2%2Fcategories&post=65257"},{"taxonomy":"post_tag","embeddable":true,"href":"http:\/\/www.24baires.com\/index.php?rest_route=%2Fwp%2Fv2%2Ftags&post=65257"}],"curies":[{"name":"wp","href":"https:\/\/api.w.org\/{rel}","templated":true}]}}