{"id":65216,"date":"2015-05-02T14:36:25","date_gmt":"2015-05-02T17:36:25","guid":{"rendered":"http:\/\/www.24baires.com\/?p=65216"},"modified":"2015-05-02T14:36:25","modified_gmt":"2015-05-02T17:36:25","slug":"la-oposicion-adopto-como-latiguillo-la-idea-del-cambio-pero-no-explica-que-cambiara","status":"publish","type":"post","link":"http:\/\/www.24baires.com\/?p=65216","title":{"rendered":"\u00abLa oposici\u00f3n adopt\u00f3 como latiguillo la idea del cambio pero no explica qu\u00e9 cambiar\u00e1\u00bb"},"content":{"rendered":"<p><img data-recalc-dims=\"1\" loading=\"lazy\" decoding=\"async\" src=\"https:\/\/i0.wp.com\/www.24baires.com\/wp-content\/uploads\/2014\/02\/cuartango.jpg?resize=300%2C190\" alt=\"cuartango\" width=\"300\" height=\"190\" class=\"alignleft size-medium wp-image-40286\" srcset=\"https:\/\/i0.wp.com\/www.24baires.com\/wp-content\/uploads\/2014\/02\/cuartango.jpg?resize=300%2C190 300w, https:\/\/i0.wp.com\/www.24baires.com\/wp-content\/uploads\/2014\/02\/cuartango.jpg?w=315 315w\" sizes=\"auto, (max-width: 300px) 100vw, 300px\" \/>Lo dijo hoy el ministro de Trabajo de la provincia de Buenos Aires, Oscar Cuartango, tras insistir en que las ideas del \u00abajuste han fracasado\u00bb.<!--more--><\/p>\n<p>Oscar Cuartango se refiri\u00f3 as\u00ed al discurso que brind\u00f3 ayer el precandidato presidencial del Frente Renovador (FR), Sergio Massa, el que consider\u00f3 que \u00abfue para la tribuna porque no profundiz\u00f3 en ning\u00fan aspecto\u00bb.<\/p>\n<p>Tambi\u00e9n se refiri\u00f3 al referente del PRO, Mauricio Macri, tras los resultados de las PASO porte\u00f1as celebradas el domingo pasado.<\/p>\n<p>\u00abTanto Macri como Massa proponen recetas que ya han fracasado, como achicar el Estado y tomar como variable de ajuste al trabajador, al jubilado, a los que menos tienen. Dicen que son el cambio pero no dicen qu\u00e9 es lo que van a cambiar. \u00bfVan a eliminar la Asignaci\u00f3n Universal por Hijo? \u00bfVan a privatizar nuevamente YPF, Aerol\u00edneas? \u00bfVan a volver a las AFJP? \u00bfVan a sacar las paritarias?\u201d, se pregunt\u00f3 el funcionario bonaerense.<\/p>\n<p>\u201cPor eso, como dice (el gobernador ) Daniel Scioli, el verdadero cambio no es cambiar todo, sino dar continuidad a todo lo que se ha logrado en estos 12 a\u00f1os para avanzar en la agenda del desarrollo\u201d, concluy\u00f3 el ministro de Trabajo bonaerense.<\/p>\n","protected":false},"excerpt":{"rendered":"<p>Lo dijo hoy el ministro de Trabajo de la provincia de Buenos Aires, Oscar Cuartango, tras insistir en que las ideas del \u00abajuste han fracasado\u00bb.<\/p>\n","protected":false},"author":4,"featured_media":0,"comment_status":"open","ping_status":"open","sticky":false,"template":"","format":"standard","meta":{"_jetpack_newsletter_access":"","_jetpack_dont_email_post_to_subs":false,"_jetpack_newsletter_tier_id":0,"_jetpack_memberships_contains_paywalled_content":false,"_jetpack_memberships_contains_paid_content":false,"footnotes":""},"categories":[51],"tags":[],"class_list":["post-65216","post","type-post","status-publish","format-standard","hentry","category-politica"],"jetpack_shortlink":"https:\/\/wp.me\/p2JWE0-gXS","jetpack-related-posts":[{"id":44925,"url":"http:\/\/www.24baires.com\/?p=44925","url_meta":{"origin":65216,"position":0},"title":"No conoce Mar del Plata: Cuartango dijo que el trabajo registrado bonaerense es \u00abel mejor\u00bb","author":"Grupo Sierra","date":"28\/04\/2014","format":false,"excerpt":"El ministro de Trabajo de la Provincia de Buenos Aires, Oscar Cuartango, asegur\u00f3 hoy que \"los indicadores de trabajo registrado en la provincia son los mejores desde el retorno a la democracia\". En declaraciones radiales, Cuartango se refiri\u00f3 a las pol\u00edticas que se aplican desde el Gobierno para estimular la\u2026","rel":"","context":"En \u00abProvincia\u00bb","block_context":{"text":"Provincia","link":"http:\/\/www.24baires.com\/?cat=40"},"img":{"alt_text":"cuartagno-ministro","src":"https:\/\/i0.wp.com\/www.24baires.com\/wp-content\/uploads\/2012\/11\/cuartagno-ministro.jpg?resize=350%2C200","width":350,"height":200,"srcset":"https:\/\/i0.wp.com\/www.24baires.com\/wp-content\/uploads\/2012\/11\/cuartagno-ministro.jpg?resize=350%2C200 1x, https:\/\/i0.wp.com\/www.24baires.com\/wp-content\/uploads\/2012\/11\/cuartagno-ministro.jpg?resize=525%2C300 1.5x"},"classes":[]},{"id":45830,"url":"http:\/\/www.24baires.com\/?p=45830","url_meta":{"origin":65216,"position":1},"title":"Para Cuartango, a \u00abMassa le falta kilometraje para ser Presidente\u201d","author":"GB","date":"12\/05\/2014","format":false,"excerpt":"El ministro de Trabajo provincial, Oscar Cuartango, retom\u00f3 la disyuntiva entre el Gobernador bonaerense, Daniel Scioli, y el diputado nacional, Sergio Massa. \u201cDaniel Scioli tiene una visi\u00f3n sobre un pa\u00eds productivo y que la principal herramienta de inclusi\u00f3n social es el trabajo\u201d, acot\u00f3. \u201cA Sergio Massa le falta kilometraje para\u2026","rel":"","context":"En \u00abProvincia\u00bb","block_context":{"text":"Provincia","link":"http:\/\/www.24baires.com\/?cat=40"},"img":{"alt_text":"cuartango2","src":"https:\/\/i0.wp.com\/www.24baires.com\/wp-content\/uploads\/2013\/03\/cuartango2.jpg?resize=350%2C200","width":350,"height":200},"classes":[]},{"id":75210,"url":"http:\/\/www.24baires.com\/?p=75210","url_meta":{"origin":65216,"position":2},"title":"Cuartango asegur\u00f3 que el 82% a las jubilaciones se aplicar\u00e1 \u201ctan pronto\u201d asuma Scioli","author":"AF","date":"18\/11\/2015","format":false,"excerpt":"El ministro de Trabajo de la provincia de Buenos Aires, Oscar Cuartango, se mostr\u00f3 \"sumamente optimista\" de cara al balotaje del pr\u00f3ximo domingo y afirm\u00f3 que las paritarias del a\u00f1o que viene \"no tendr\u00e1n techo\". El funcionario provincial se manifest\u00f3 \u201csumamente optimista\u201d de las posibilidades de Scioli de triunfar en\u2026","rel":"","context":"En \u00abSociedad\u00bb","block_context":{"text":"Sociedad","link":"http:\/\/www.24baires.com\/?cat=1"},"img":{"alt_text":"","src":"https:\/\/i0.wp.com\/www.24baires.com\/wp-content\/uploads\/2015\/11\/Cuartango.jpg?resize=350%2C200","width":350,"height":200,"srcset":"https:\/\/i0.wp.com\/www.24baires.com\/wp-content\/uploads\/2015\/11\/Cuartango.jpg?resize=350%2C200 1x, https:\/\/i0.wp.com\/www.24baires.com\/wp-content\/uploads\/2015\/11\/Cuartango.jpg?resize=525%2C300 1.5x"},"classes":[]},{"id":75148,"url":"http:\/\/www.24baires.com\/?p=75148","url_meta":{"origin":65216,"position":3},"title":"Zannini: \u00abEn este balotaje se juegan dos pa\u00edses posibles\u00bb","author":"AF","date":"17\/11\/2015","format":false,"excerpt":"El candidato a vicepresidente por el Frente para la Victoria, Carlos Zannini, sostuvo que en el balotaje de este domingo \"se juegan dos pa\u00edses posibles\" que son el que propone el kirchnerismo a trav\u00e9s de Daniel Scioli o \"cambiar de rumbo, ir para otro lado, rendirse ante los buitres y\u2026","rel":"","context":"En \u00abElecciones 2015\u00bb","block_context":{"text":"Elecciones 2015","link":"http:\/\/www.24baires.com\/?cat=74"},"img":{"alt_text":"zannini senado","src":"https:\/\/i0.wp.com\/www.24baires.com\/wp-content\/uploads\/2015\/02\/zannini-senado.jpg?resize=350%2C200","width":350,"height":200,"srcset":"https:\/\/i0.wp.com\/www.24baires.com\/wp-content\/uploads\/2015\/02\/zannini-senado.jpg?resize=350%2C200 1x, https:\/\/i0.wp.com\/www.24baires.com\/wp-content\/uploads\/2015\/02\/zannini-senado.jpg?resize=525%2C300 1.5x"},"classes":[]},{"id":120599,"url":"http:\/\/www.24baires.com\/?p=120599","url_meta":{"origin":65216,"position":4},"title":"Kicillof: \u00abNecesitamos un gobierno con objetivos claros\u00bb","author":"GB","date":"28\/10\/2023","format":false,"excerpt":"El gobernador de la provincia de Buenos Aires asegur\u00f3 que los argentinos necesitan \u201cun gobierno con los objetivos claros y eso no se logra con Milei y Macri\" En una declaraci\u00f3n realizada hoy, el gobernador de la provincia de Buenos Aires, Axel Kicillof, puso de manifiesto la necesidad de un\u2026","rel":"","context":"En \u00abProvincia\u00bb","block_context":{"text":"Provincia","link":"http:\/\/www.24baires.com\/?cat=40"},"img":{"alt_text":"","src":"https:\/\/i0.wp.com\/www.24baires.com\/wp-content\/uploads\/2023\/09\/kicillof.webp?resize=350%2C200","width":350,"height":200,"srcset":"https:\/\/i0.wp.com\/www.24baires.com\/wp-content\/uploads\/2023\/09\/kicillof.webp?resize=350%2C200 1x, https:\/\/i0.wp.com\/www.24baires.com\/wp-content\/uploads\/2023\/09\/kicillof.webp?resize=525%2C300 1.5x, https:\/\/i0.wp.com\/www.24baires.com\/wp-content\/uploads\/2023\/09\/kicillof.webp?resize=700%2C400 2x"},"classes":[]},{"id":31032,"url":"http:\/\/www.24baires.com\/?p=31032","url_meta":{"origin":65216,"position":5},"title":"Cuartango: \u00abCalificar la medida de ganancias como electoralista es injusto y pendenciero\u00bb","author":"AF","date":"30\/08\/2013","format":false,"excerpt":"Oscar Cuartango, Ministro de Trabajo de la Provincia de Buenos Aires, expres\u00f3 que el anuncio de la baja del Impuesto a las Ganancias \u201ces una medida sumamente acertada que va a tener impacto en el bolsillo del trabajador y que va a potenciar el consumo en el mercado interno\u201d. En\u2026","rel":"","context":"En \u00abPol\u00edtica\u00bb","block_context":{"text":"Pol\u00edtica","link":"http:\/\/www.24baires.com\/?cat=51"},"img":{"alt_text":"","src":"","width":0,"height":0},"classes":[]}],"jetpack_sharing_enabled":true,"jetpack_likes_enabled":true,"jetpack_featured_media_url":"","_links":{"self":[{"href":"http:\/\/www.24baires.com\/index.php?rest_route=\/wp\/v2\/posts\/65216","targetHints":{"allow":["GET"]}}],"collection":[{"href":"http:\/\/www.24baires.com\/index.php?rest_route=\/wp\/v2\/posts"}],"about":[{"href":"http:\/\/www.24baires.com\/index.php?rest_route=\/wp\/v2\/types\/post"}],"author":[{"embeddable":true,"href":"http:\/\/www.24baires.com\/index.php?rest_route=\/wp\/v2\/users\/4"}],"replies":[{"embeddable":true,"href":"http:\/\/www.24baires.com\/index.php?rest_route=%2Fwp%2Fv2%2Fcomments&post=65216"}],"version-history":[{"count":1,"href":"http:\/\/www.24baires.com\/index.php?rest_route=\/wp\/v2\/posts\/65216\/revisions"}],"predecessor-version":[{"id":65217,"href":"http:\/\/www.24baires.com\/index.php?rest_route=\/wp\/v2\/posts\/65216\/revisions\/65217"}],"wp:attachment":[{"href":"http:\/\/www.24baires.com\/index.php?rest_route=%2Fwp%2Fv2%2Fmedia&parent=65216"}],"wp:term":[{"taxonomy":"category","embeddable":true,"href":"http:\/\/www.24baires.com\/index.php?rest_route=%2Fwp%2Fv2%2Fcategories&post=65216"},{"taxonomy":"post_tag","embeddable":true,"href":"http:\/\/www.24baires.com\/index.php?rest_route=%2Fwp%2Fv2%2Ftags&post=65216"}],"curies":[{"name":"wp","href":"https:\/\/api.w.org\/{rel}","templated":true}]}}