{"id":65200,"date":"2015-04-30T19:30:28","date_gmt":"2015-04-30T22:30:28","guid":{"rendered":"http:\/\/www.24baires.com\/?p=65200"},"modified":"2015-05-02T11:00:29","modified_gmt":"2015-05-02T14:00:29","slug":"cristina-tenemos-hombres-y-mujeres-que-van-a-seguir-con-estas-politicas","status":"publish","type":"post","link":"http:\/\/www.24baires.com\/?p=65200","title":{"rendered":"Cristina: \u00abTenemos hombres y mujeres que van a seguir con estas pol\u00edticas\u00bb"},"content":{"rendered":"<p><img data-recalc-dims=\"1\" loading=\"lazy\" decoding=\"async\" class=\"aligncenter size-full wp-image-63927\" src=\"https:\/\/i0.wp.com\/www.24baires.com\/wp-content\/uploads\/2015\/04\/cristina-selfie.jpg?resize=560%2C373\" alt=\"cristina selfie\" width=\"560\" height=\"373\" srcset=\"https:\/\/i0.wp.com\/www.24baires.com\/wp-content\/uploads\/2015\/04\/cristina-selfie.jpg?w=560 560w, https:\/\/i0.wp.com\/www.24baires.com\/wp-content\/uploads\/2015\/04\/cristina-selfie.jpg?resize=300%2C200 300w\" sizes=\"auto, (max-width: 560px) 100vw, 560px\" \/>Cristina public\u00f3 en su muro de la red social Facebook un fragmento de su \u00faltimo discurso. \u00abPara hacer funcionar un pa\u00eds no hace falta arrastrarse, hace falta mucho patriotismo, mucha dignidad y coraje\u00bb, destac\u00f3.<!--more--><\/p>\n<p>La presidenta de la Naci\u00f3n utiliz\u00f3 su muro en la red social Facebook para destacar en fragmento de su discurso en la inauguraci\u00f3n del Banco Nacional de Materiales Controlados del Renar.<\/p>\n<p>\u00abPara hacer funcionar a un pa\u00eds, una econom\u00eda, para que la gente tenga trabajo, educaci\u00f3n, pueda consumir, so\u00f1ar con que su hijo vaya a la universidad; pueda tener vacaciones a fin de a\u00f1o, luego de trabajar; pueda tener un trabajo digno, no hace falta arrastrarse, hace falta mucho patriotismo, mucha dignidad, mucho coraje y mucha decisi\u00f3n.<\/p>\n<p>Y este espacio pol\u00edtico, que tengo el honor de representar como Presidenta de la Naci\u00f3n, como Presidenta de los 40 millones de argentinos tiene toda una historia y tambi\u00e9n tiene los hombres y mujeres que van a seguir con estas pol\u00edticas profundiz\u00e1ndolas y mejor\u00e1ndolas\u00bb, dice la cita que Crstina eligi\u00f3 destacar\u00bb.<\/p>\n<p>&nbsp;<\/p>\n<p>&nbsp;<\/p>\n<p>&nbsp;<\/p>\n<p>&nbsp;<\/p>\n<p>&nbsp;<\/p>\n<p>&nbsp;<\/p>\n","protected":false},"excerpt":{"rendered":"<p>Cristina public\u00f3 en su muro de la red social Facebook un fragmento de su \u00faltimo discurso. \u00abPara hacer funcionar un pa\u00eds no hace falta arrastrarse, hace falta mucho patriotismo, mucha dignidad y coraje\u00bb, destac\u00f3.<\/p>\n","protected":false},"author":8,"featured_media":0,"comment_status":"open","ping_status":"open","sticky":false,"template":"","format":"standard","meta":{"_jetpack_newsletter_access":"","_jetpack_dont_email_post_to_subs":false,"_jetpack_newsletter_tier_id":0,"_jetpack_memberships_contains_paywalled_content":false,"_jetpack_memberships_contains_paid_content":false,"footnotes":""},"categories":[51],"tags":[],"class_list":["post-65200","post","type-post","status-publish","format-standard","hentry","category-politica"],"jetpack_shortlink":"https:\/\/wp.me\/p2JWE0-gXC","jetpack-related-posts":[{"id":29460,"url":"http:\/\/www.24baires.com\/?p=29460","url_meta":{"origin":65200,"position":0},"title":"\u00abMientras el mundo se cae, los argentinos estamos de pie\u00bb dijo Cristina en La Matanza","author":"Grupo Sierra","date":"03\/08\/2013","format":false,"excerpt":"LA MATANZA.- \"Decisi\u00f3n, convicci\u00f3n y coraje se necesita para conducir un pa\u00eds\", sostuvo Cristina en un acto junto a Mart\u00edn Insaurralde y el gobernador Daniel Scioli. El primer orador fue el intendente local Fernando Espinoza que record\u00f3 al l\u00edder matancero Alberto Balestrini que se recupera de un ACV. La presidenta\u2026","rel":"","context":"En \u00abPol\u00edtica\u00bb","block_context":{"text":"Pol\u00edtica","link":"http:\/\/www.24baires.com\/?cat=51"},"img":{"alt_text":"","src":"","width":0,"height":0},"classes":[]},{"id":61969,"url":"http:\/\/www.24baires.com\/?p=61969","url_meta":{"origin":65200,"position":1},"title":"#CristinaCumple es tendencia en redes sociales","author":"GB","date":"19\/02\/2015","format":false,"excerpt":"Mensajes, fotos, videos y frases de apoyo a la Presidenta se pueden leer en Twitter y Facebook en ocasi\u00f3n del cumplea\u00f1os 62 de la jefa de Estado. Referentes pol\u00edticos se sumaron al saludo. El hashtag #CristinaCumple, en el d\u00eda del cumplea\u00f1os de la presidenta Cristina Fern\u00e1ndez de Kirchner, encabeza las\u2026","rel":"","context":"En \u00abTecnolog\u00eda\u00bb","block_context":{"text":"Tecnolog\u00eda","link":"http:\/\/www.24baires.com\/?cat=46"},"img":{"alt_text":"cristina","src":"https:\/\/i0.wp.com\/www.24baires.com\/wp-content\/uploads\/2014\/12\/cristina3.jpg?resize=350%2C200","width":350,"height":200,"srcset":"https:\/\/i0.wp.com\/www.24baires.com\/wp-content\/uploads\/2014\/12\/cristina3.jpg?resize=350%2C200 1x, https:\/\/i0.wp.com\/www.24baires.com\/wp-content\/uploads\/2014\/12\/cristina3.jpg?resize=525%2C300 1.5x"},"classes":[]},{"id":71789,"url":"http:\/\/www.24baires.com\/?p=71789","url_meta":{"origin":65200,"position":2},"title":"Cristina: \u00abLa crisis se traslada con violencia los BRICS\u00bb","author":"AF","date":"07\/09\/2015","format":false,"excerpt":"Esta noche, la mandataria, tras recordar uno de sus \u00faltimos discursos, atac\u00f3 a los especuladores y calific\u00f3 a las econom\u00edas emergentes (entre las que se cuentan pa\u00edses como Brasil y China) de \"v\u00edctimas\". La presidenta Cristina Fern\u00e1ndez de Kirchner hizo uso esta noche de la red social Twitter para recordar\u2026","rel":"","context":"En \u00abPol\u00edtica\u00bb","block_context":{"text":"Pol\u00edtica","link":"http:\/\/www.24baires.com\/?cat=51"},"img":{"alt_text":"cristina dia de industria","src":"https:\/\/i0.wp.com\/www.24baires.com\/wp-content\/uploads\/2015\/09\/cristina-dia-de-industria.jpg?resize=350%2C200","width":350,"height":200,"srcset":"https:\/\/i0.wp.com\/www.24baires.com\/wp-content\/uploads\/2015\/09\/cristina-dia-de-industria.jpg?resize=350%2C200 1x, https:\/\/i0.wp.com\/www.24baires.com\/wp-content\/uploads\/2015\/09\/cristina-dia-de-industria.jpg?resize=525%2C300 1.5x"},"classes":[]},{"id":107069,"url":"http:\/\/www.24baires.com\/?p=107069","url_meta":{"origin":65200,"position":3},"title":"\u00abMacri volvi\u00f3 a faltarles el respeto a los 40 millones de argentinos\u00bb","author":"GB","date":"04\/03\/2019","format":false,"excerpt":"As\u00ed lo indic\u00f3 el diputado peronista Fernando Espinoza, luego del discurso del Presidente en la apertura de sesiones ordinarias. \"Decepcion\u00f3 a muchas personas que permanec\u00eda indecisas\", dijo El diputado nacional por la provincia de Buenos Aires Fernando Espinoza (FPV-PJ) se refiri\u00f3 al discurso pronunciado por el presidente de la Naci\u00f3n\u2026","rel":"","context":"En \u00abPol\u00edtica\u00bb","block_context":{"text":"Pol\u00edtica","link":"http:\/\/www.24baires.com\/?cat=51"},"img":{"alt_text":"","src":"https:\/\/i0.wp.com\/www.24baires.com\/wp-content\/uploads\/2019\/03\/espinoza.jpg?resize=350%2C200","width":350,"height":200,"srcset":"https:\/\/i0.wp.com\/www.24baires.com\/wp-content\/uploads\/2019\/03\/espinoza.jpg?resize=350%2C200 1x, https:\/\/i0.wp.com\/www.24baires.com\/wp-content\/uploads\/2019\/03\/espinoza.jpg?resize=525%2C300 1.5x"},"classes":[]},{"id":62642,"url":"http:\/\/www.24baires.com\/?p=62642","url_meta":{"origin":65200,"position":4},"title":"Crecimiento universitario: el festejo de Cristina a trav\u00e9s de las redes","author":"Grupo Sierra","date":"04\/03\/2015","format":false,"excerpt":"La Presidenta public\u00f3 en su muro de Facebook un fragmento de su discurso en el Congreso en el que hace foco en la mejoras de los indicadores en cantidad de alumnos y de egresados del sistema universitario nacional. Como lo ha venido haciendo en los d\u00edas siguientes al discurso que\u2026","rel":"","context":"En \u00abGeneral\u00bb","block_context":{"text":"General","link":"http:\/\/www.24baires.com\/?cat=67"},"img":{"alt_text":"CRISTINA CHACO","src":"https:\/\/i0.wp.com\/www.24baires.com\/wp-content\/uploads\/2013\/07\/CRISTINA-CHACO.jpg?resize=350%2C200","width":350,"height":200,"srcset":"https:\/\/i0.wp.com\/www.24baires.com\/wp-content\/uploads\/2013\/07\/CRISTINA-CHACO.jpg?resize=350%2C200 1x, https:\/\/i0.wp.com\/www.24baires.com\/wp-content\/uploads\/2013\/07\/CRISTINA-CHACO.jpg?resize=525%2C300 1.5x"},"classes":[]},{"id":45444,"url":"http:\/\/www.24baires.com\/?p=45444","url_meta":{"origin":65200,"position":5},"title":"Cristina destac\u00f3 el uso de Facebook para \u00abconectarse con la gente en tiempo real\u00bb","author":"Grupo Sierra","date":"06\/05\/2014","format":false,"excerpt":"Una gran usuaria de redes sociales como lo es la presidenta, ten\u00eda que destacar su utilidad para generar comunicaci\u00f3n institucional. Hoy encabez\u00f3 la inauguraci\u00f3n en Puerto Madero de las oficinas en el pa\u00eds de la red social m\u00e1s importante del planeta. Adem\u00e1s, destac\u00f3 la expansi\u00f3n en el pa\u00eds de esa\u2026","rel":"","context":"En \u00abGeneral\u00bb","block_context":{"text":"General","link":"http:\/\/www.24baires.com\/?cat=67"},"img":{"alt_text":"","src":"https:\/\/i0.wp.com\/www.24baires.com\/wp-content\/uploads\/2014\/05\/cristina-facebook.jpg?resize=350%2C200","width":350,"height":200,"srcset":"https:\/\/i0.wp.com\/www.24baires.com\/wp-content\/uploads\/2014\/05\/cristina-facebook.jpg?resize=350%2C200 1x, https:\/\/i0.wp.com\/www.24baires.com\/wp-content\/uploads\/2014\/05\/cristina-facebook.jpg?resize=525%2C300 1.5x"},"classes":[]}],"jetpack_sharing_enabled":true,"jetpack_likes_enabled":true,"jetpack_featured_media_url":"","_links":{"self":[{"href":"http:\/\/www.24baires.com\/index.php?rest_route=\/wp\/v2\/posts\/65200","targetHints":{"allow":["GET"]}}],"collection":[{"href":"http:\/\/www.24baires.com\/index.php?rest_route=\/wp\/v2\/posts"}],"about":[{"href":"http:\/\/www.24baires.com\/index.php?rest_route=\/wp\/v2\/types\/post"}],"author":[{"embeddable":true,"href":"http:\/\/www.24baires.com\/index.php?rest_route=\/wp\/v2\/users\/8"}],"replies":[{"embeddable":true,"href":"http:\/\/www.24baires.com\/index.php?rest_route=%2Fwp%2Fv2%2Fcomments&post=65200"}],"version-history":[{"count":1,"href":"http:\/\/www.24baires.com\/index.php?rest_route=\/wp\/v2\/posts\/65200\/revisions"}],"predecessor-version":[{"id":65201,"href":"http:\/\/www.24baires.com\/index.php?rest_route=\/wp\/v2\/posts\/65200\/revisions\/65201"}],"wp:attachment":[{"href":"http:\/\/www.24baires.com\/index.php?rest_route=%2Fwp%2Fv2%2Fmedia&parent=65200"}],"wp:term":[{"taxonomy":"category","embeddable":true,"href":"http:\/\/www.24baires.com\/index.php?rest_route=%2Fwp%2Fv2%2Fcategories&post=65200"},{"taxonomy":"post_tag","embeddable":true,"href":"http:\/\/www.24baires.com\/index.php?rest_route=%2Fwp%2Fv2%2Ftags&post=65200"}],"curies":[{"name":"wp","href":"https:\/\/api.w.org\/{rel}","templated":true}]}}