{"id":65194,"date":"2015-04-30T19:00:04","date_gmt":"2015-04-30T22:00:04","guid":{"rendered":"http:\/\/www.24baires.com\/?p=65194"},"modified":"2015-04-30T18:17:05","modified_gmt":"2015-04-30T21:17:05","slug":"el-legado-mas-importante-que-deja-cristina-es-la-independencia","status":"publish","type":"post","link":"http:\/\/www.24baires.com\/?p=65194","title":{"rendered":"\u201cEl legado m\u00e1s importante que deja Cristina es la independencia\u201d"},"content":{"rendered":"<p><img data-recalc-dims=\"1\" loading=\"lazy\" decoding=\"async\" class=\"aligncenter size-full wp-image-38437\" src=\"https:\/\/i0.wp.com\/www.24baires.com\/wp-content\/uploads\/2014\/01\/randazzo-1.jpg?resize=560%2C333\" alt=\"randazzo 1\" width=\"560\" height=\"333\" srcset=\"https:\/\/i0.wp.com\/www.24baires.com\/wp-content\/uploads\/2014\/01\/randazzo-1.jpg?w=560 560w, https:\/\/i0.wp.com\/www.24baires.com\/wp-content\/uploads\/2014\/01\/randazzo-1.jpg?resize=300%2C178 300w\" sizes=\"auto, (max-width: 560px) 100vw, 560px\" \/>El ministro del Interior y Transporte asegur\u00f3 en ese sentido que la Presidenta \u00abest\u00e1 por encima de cualquier sector que pretenda condicionarla\u00bb.<!--more--><\/p>\n<p>Lo hizo en declaraciones a la prensa, despu\u00e9s de un acto del que particip\u00f3 con el intendente de la ciudad de Corrientes, Fabi\u00e1n R\u00edos (FPV), donde se firmaron diversos convenios, entre ellos, la implementaci\u00f3n de la tarjeta SUBE en la capital provincial.<\/p>\n<p>En este marco, dijo sobre su precandidatura a Presidente y sus diferencias con Daniel Scioli, que \u00abyo represento mucho mejor este proceso pol\u00edtico que vive a la Argentina, porque soy un militante del peronismo desde el 83, creo en la pol\u00edtica como herramienta de transformaci\u00f3n, creo en la independencia de la pol\u00edtica y creo en la gesti\u00f3n\u00bb.<\/p>\n<p>En tanto, sobre la performance del Frente para la Victoria en las elecciones generales, Randazzo afirm\u00f3 que no tengo dudas de que vamos a tener un muy buen resultado, que el conjunto de los argentinos no est\u00e1 dispuesto a dar un salto al vac\u00edo\u00bb.<\/p>\n<p>En este sentido destac\u00f3 la continuidad \u00abdespu\u00e9s de m\u00e1s de diez a\u00f1os de un proceso virtuoso de crecimiento, generaci\u00f3n de empleo, ampliaci\u00f3n de derechos y reparaci\u00f3n de derechos, pol\u00edticas de inclusi\u00f3n como cobertura previsional, asignaci\u00f3n universal por hijo, pol\u00edticas para el mantenimiento del empleo y la defensa del industria nacional, entre otras.<\/p>\n<p>\u00abFaltan much\u00edsimas cosas m\u00e1s, pero me parece que el conjunto de los argentinos nuevamente va a plebiscitar la gesti\u00f3n y esto va a hacer favorable para que este proceso contin\u00fae, con un presidente independiente, para que se siga llevando adelante la transformaci\u00f3n que incluya a las mayor\u00edas\u00bb, concluy\u00f3 el ministro del Interior y Transporte de la Naci\u00f3n.<\/p>\n<p>&nbsp;<\/p>\n<p>&nbsp;<\/p>\n<p>&nbsp;<\/p>\n<p>&nbsp;<\/p>\n<p>&nbsp;<\/p>\n<p>&nbsp;<\/p>\n<p>&nbsp;<\/p>\n<p>&nbsp;<\/p>\n<p>&nbsp;<\/p>\n<p>&nbsp;<\/p>\n<p>&nbsp;<\/p>\n<p>&nbsp;<\/p>\n<p>&nbsp;<\/p>\n","protected":false},"excerpt":{"rendered":"<p>El ministro del Interior y Transporte asegur\u00f3 en ese sentido que la Presidenta \u00abest\u00e1 por encima de cualquier sector que pretenda condicionarla\u00bb.<\/p>\n","protected":false},"author":8,"featured_media":0,"comment_status":"open","ping_status":"open","sticky":false,"template":"","format":"standard","meta":{"_jetpack_newsletter_access":"","_jetpack_dont_email_post_to_subs":false,"_jetpack_newsletter_tier_id":0,"_jetpack_memberships_contains_paywalled_content":false,"_jetpack_memberships_contains_paid_content":false,"footnotes":""},"categories":[51],"tags":[],"class_list":["post-65194","post","type-post","status-publish","format-standard","hentry","category-politica"],"jetpack_shortlink":"https:\/\/wp.me\/p2JWE0-gXw","jetpack-related-posts":[{"id":102040,"url":"http:\/\/www.24baires.com\/?p=102040","url_meta":{"origin":65194,"position":0},"title":"El PJ Bonaerense acus\u00f3 a Macri de \u00abentregar el pa\u00eds al mejor postor\u00bb","author":"GB","date":"09\/05\/2018","format":false,"excerpt":"Denunci\u00f3 que el modelo econ\u00f3mico de Cambiemos es \"sin\u00f3nimo de fracaso, mentiras e inoperancia\" y le pidi\u00f3 al Gobierno que de marcha atr\u00e1s con el acuerdo con el FMI y convoque a la oposici\u00f3n para lograr \"una soluci\u00f3n superadora\". El Partido Justicialista de la provincia de Buenos Aires repudi\u00f3 el\u2026","rel":"","context":"En \u00abProvincia\u00bb","block_context":{"text":"Provincia","link":"http:\/\/www.24baires.com\/?cat=40"},"img":{"alt_text":"","src":"https:\/\/i0.wp.com\/www.24baires.com\/wp-content\/uploads\/2018\/05\/pj-bonaerense.jpg?resize=350%2C200","width":350,"height":200,"srcset":"https:\/\/i0.wp.com\/www.24baires.com\/wp-content\/uploads\/2018\/05\/pj-bonaerense.jpg?resize=350%2C200 1x, https:\/\/i0.wp.com\/www.24baires.com\/wp-content\/uploads\/2018\/05\/pj-bonaerense.jpg?resize=525%2C300 1.5x"},"classes":[]},{"id":103228,"url":"http:\/\/www.24baires.com\/?p=103228","url_meta":{"origin":65194,"position":1},"title":"Macri reconoci\u00f3 en Tucum\u00e1n que su propia gesti\u00f3n aport\u00f3 a la \u201ctormenta\u201d que hoy transita el pa\u00eds","author":"GB","date":"09\/07\/2018","format":false,"excerpt":"Sin el tradicional desfile militar en la avenida 9 de Julio, el Presidente hizo un viaje rel\u00e1mpago al norte del pa\u00eds. En su discurso por el D\u00eda de la Independencia, el Presidente acept\u00f3 el mal momento de Argentina y lo atribuy\u00f3 a su propio gobierno, las incidencias externas y gestiones\u2026","rel":"","context":"En \u00abPol\u00edtica\u00bb","block_context":{"text":"Pol\u00edtica","link":"http:\/\/www.24baires.com\/?cat=51"},"img":{"alt_text":"","src":"https:\/\/i0.wp.com\/www.24baires.com\/wp-content\/uploads\/2018\/07\/macri-tucuman.jpeg?resize=350%2C200","width":350,"height":200,"srcset":"https:\/\/i0.wp.com\/www.24baires.com\/wp-content\/uploads\/2018\/07\/macri-tucuman.jpeg?resize=350%2C200 1x, https:\/\/i0.wp.com\/www.24baires.com\/wp-content\/uploads\/2018\/07\/macri-tucuman.jpeg?resize=525%2C300 1.5x"},"classes":[]},{"id":74596,"url":"http:\/\/www.24baires.com\/?p=74596","url_meta":{"origin":65194,"position":2},"title":"Dom\u00ednguez: \u00abUn peronista no puede votar a Macri\u00bb","author":"AF","date":"04\/11\/2015","format":false,"excerpt":"El titular de la C\u00e1mara de Diputados, Juli\u00e1n Dom\u00ednguez, dijo este mi\u00e9rcoles que \"o se est\u00e1 a favor, o en contra de la soberan\u00eda pol\u00edtica\", de cara al balotaje presidencial. \"Un peronista no puede votar por Macri. O se est\u00e1 a favor, o en contra de la soberan\u00eda pol\u00edtica y\u2026","rel":"","context":"En \u00abElecciones 2015\u00bb","block_context":{"text":"Elecciones 2015","link":"http:\/\/www.24baires.com\/?cat=74"},"img":{"alt_text":"dominguez julian","src":"https:\/\/i0.wp.com\/www.24baires.com\/wp-content\/uploads\/2012\/09\/dominguez-julian.jpg?resize=350%2C200","width":350,"height":200,"srcset":"https:\/\/i0.wp.com\/www.24baires.com\/wp-content\/uploads\/2012\/09\/dominguez-julian.jpg?resize=350%2C200 1x, https:\/\/i0.wp.com\/www.24baires.com\/wp-content\/uploads\/2012\/09\/dominguez-julian.jpg?resize=525%2C300 1.5x"},"classes":[]},{"id":76379,"url":"http:\/\/www.24baires.com\/?p=76379","url_meta":{"origin":65194,"position":3},"title":"M\u00e1ximo respondi\u00f3: \u00abDe la rebeli\u00f3n fiscal pasamos a pagar impuestos con alegr\u00eda\u00bb","author":"GB","date":"14\/12\/2015","format":false,"excerpt":"El diputado del Frente para la Victoria (FpV), M\u00e1ximo Kirchner, se refiri\u00f3 a lo que dijo el presidente Mauricio Macri sobre pagar el impuesto a las ganancias con alegr\u00eda y dijo que antes llamaban a no pagarlos y hacer una rebeli\u00f3n fiscal. \"Hay varias aristas en lo de las retenciones:\u2026","rel":"","context":"En \u00abPol\u00edtica\u00bb","block_context":{"text":"Pol\u00edtica","link":"http:\/\/www.24baires.com\/?cat=51"},"img":{"alt_text":"m\u00e1ximo kirchner","src":"https:\/\/i0.wp.com\/www.24baires.com\/wp-content\/uploads\/2015\/07\/m%C3%A1ximo-kirchner.jpg?resize=350%2C200","width":350,"height":200,"srcset":"https:\/\/i0.wp.com\/www.24baires.com\/wp-content\/uploads\/2015\/07\/m%C3%A1ximo-kirchner.jpg?resize=350%2C200 1x, https:\/\/i0.wp.com\/www.24baires.com\/wp-content\/uploads\/2015\/07\/m%C3%A1ximo-kirchner.jpg?resize=525%2C300 1.5x"},"classes":[]},{"id":59770,"url":"http:\/\/www.24baires.com\/?p=59770","url_meta":{"origin":65194,"position":4},"title":"\u00abLa buena gesti\u00f3n es la mejor forma de hacer campa\u00f1a\u00bb, asegur\u00f3 Randazzo","author":"GB","date":"08\/01\/2015","format":false,"excerpt":"MAR DEL PLATA-El ministro del Interior y Transporte consider\u00f3 adem\u00e1s que \"trabajar con dedicaci\u00f3n en la funci\u00f3n p\u00fablica es el mayor capital pol\u00edtico que puede tener un dirigente\". \"Soy de decir que la mejor pol\u00edtica es la buena gesti\u00f3n. Si eso significa hacer campa\u00f1a, yo lo estoy desde hace siete\u2026","rel":"","context":"En \u00abPol\u00edtica\u00bb","block_context":{"text":"Pol\u00edtica","link":"http:\/\/www.24baires.com\/?cat=51"},"img":{"alt_text":"randazzo en mar del plata","src":"https:\/\/i0.wp.com\/www.24baires.com\/wp-content\/uploads\/2015\/01\/randazzo-en-mar-del-plata-300x225.jpg?resize=350%2C200","width":350,"height":200},"classes":[]},{"id":68773,"url":"http:\/\/www.24baires.com\/?p=68773","url_meta":{"origin":65194,"position":5},"title":"Cristina encabezar\u00e1 en Tucum\u00e1n el acto por el D\u00eda de la Independencia","author":"AF","date":"08\/07\/2015","format":false,"excerpt":"La presidenta Cristina Fern\u00e1ndez de Kirchner encabezar\u00e1 ma\u00f1ana en San Miguel de Tucum\u00e1n el acto central del 199\u00b0 aniversario de la Declaraci\u00f3n de la Independencia, seg\u00fan se inform\u00f3. La jefa de Estado, tras arribar v\u00eda a\u00e9rea al aeropuerto Benjam\u00edn Matienzo, alrededor de las 14, ser\u00e1 recibida por el gobernador de\u2026","rel":"","context":"En \u00abSociedad\u00bb","block_context":{"text":"Sociedad","link":"http:\/\/www.24baires.com\/?cat=1"},"img":{"alt_text":"cristinaa","src":"https:\/\/i0.wp.com\/www.24baires.com\/wp-content\/uploads\/2015\/06\/cristinaa.jpg?resize=350%2C200","width":350,"height":200,"srcset":"https:\/\/i0.wp.com\/www.24baires.com\/wp-content\/uploads\/2015\/06\/cristinaa.jpg?resize=350%2C200 1x, https:\/\/i0.wp.com\/www.24baires.com\/wp-content\/uploads\/2015\/06\/cristinaa.jpg?resize=525%2C300 1.5x"},"classes":[]}],"jetpack_sharing_enabled":true,"jetpack_likes_enabled":true,"jetpack_featured_media_url":"","_links":{"self":[{"href":"http:\/\/www.24baires.com\/index.php?rest_route=\/wp\/v2\/posts\/65194","targetHints":{"allow":["GET"]}}],"collection":[{"href":"http:\/\/www.24baires.com\/index.php?rest_route=\/wp\/v2\/posts"}],"about":[{"href":"http:\/\/www.24baires.com\/index.php?rest_route=\/wp\/v2\/types\/post"}],"author":[{"embeddable":true,"href":"http:\/\/www.24baires.com\/index.php?rest_route=\/wp\/v2\/users\/8"}],"replies":[{"embeddable":true,"href":"http:\/\/www.24baires.com\/index.php?rest_route=%2Fwp%2Fv2%2Fcomments&post=65194"}],"version-history":[{"count":1,"href":"http:\/\/www.24baires.com\/index.php?rest_route=\/wp\/v2\/posts\/65194\/revisions"}],"predecessor-version":[{"id":65195,"href":"http:\/\/www.24baires.com\/index.php?rest_route=\/wp\/v2\/posts\/65194\/revisions\/65195"}],"wp:attachment":[{"href":"http:\/\/www.24baires.com\/index.php?rest_route=%2Fwp%2Fv2%2Fmedia&parent=65194"}],"wp:term":[{"taxonomy":"category","embeddable":true,"href":"http:\/\/www.24baires.com\/index.php?rest_route=%2Fwp%2Fv2%2Fcategories&post=65194"},{"taxonomy":"post_tag","embeddable":true,"href":"http:\/\/www.24baires.com\/index.php?rest_route=%2Fwp%2Fv2%2Ftags&post=65194"}],"curies":[{"name":"wp","href":"https:\/\/api.w.org\/{rel}","templated":true}]}}