{"id":65162,"date":"2015-04-30T12:30:44","date_gmt":"2015-04-30T15:30:44","guid":{"rendered":"http:\/\/www.24baires.com\/?p=65162"},"modified":"2015-04-30T12:36:01","modified_gmt":"2015-04-30T15:36:01","slug":"espinoza-dice-que-ve-nervioso-a-massa","status":"publish","type":"post","link":"http:\/\/www.24baires.com\/?p=65162","title":{"rendered":"Espinoza dice que ve \u00abnervioso\u00bb a Massa"},"content":{"rendered":"<p><img data-recalc-dims=\"1\" loading=\"lazy\" decoding=\"async\" src=\"https:\/\/i0.wp.com\/www.24baires.com\/wp-content\/uploads\/2015\/03\/massa-1.jpg?resize=560%2C313\" alt=\"massa 1\" width=\"560\" height=\"313\" class=\"aligncenter size-full wp-image-63748\" srcset=\"https:\/\/i0.wp.com\/www.24baires.com\/wp-content\/uploads\/2015\/03\/massa-1.jpg?w=560 560w, https:\/\/i0.wp.com\/www.24baires.com\/wp-content\/uploads\/2015\/03\/massa-1.jpg?resize=300%2C168 300w\" sizes=\"auto, (max-width: 560px) 100vw, 560px\" \/>El intendente de La Matanza, Fernando Espinoza, ratific\u00f3 este mi\u00e9rcoles su candidatura a gobernador de la provincia de Buenos Aires por el kirchnerismo y asegur\u00f3 que al aspirante presidencial del Frente Renovador, Sergio Massa, lo ve \u00abnervioso\u00bb.<!--more--><\/p>\n<p>\u00abVoy a ser gobernador de la provincia de Buenos Aires\u00bb, subray\u00f3 Espinoza y destac\u00f3 la \u00abmovilidad social ascendente\u00bb en La Matanza que, dijo, es \u00abuno de los lugares m\u00e1s complicados, de pocos recursos y mucha heterogeneidad\u00bb.<br \/>\nDe este modo, el bonaerense ratific\u00f3 ser uno de los precandidatos a gobernador bonaerense en la interna del Frente para la Victoria, espacio en el que tambi\u00e9n competir\u00e1n Juli\u00e1n Dom\u00ednguez, Patricio Mussi, Diego Bossio, Sergio Berni y Mart\u00edn Sabbatella. <\/p>\n<p>En declaraciones a Radio Del Plata, Espinoza se\u00f1al\u00f3 que \u00ablas elecciones (presidenciales) en La Matanza fueron: en 2007 saqu\u00e9 el 52 por ciento y el segundo 16 por ciento; en 2011 el FpV sac\u00f3 62 por ciento y el segundo saco 8 por ciento, m\u00e1s de 50 puntos de diferencia; y en el 2013 le ganamos a Massa cuando gan\u00f3 la Provincia\u00bb.<\/p>\n<p>\u00abA Massa lo veo nervioso, dir\u00eda N\u00e9stor (Kirchner)\u00bb, brome\u00f3 el titular del PJ provincial y agreg\u00f3 que el tigrense \u00abla gente se dio cuenta de que era un bluff electoral\u00bb, en alusi\u00f3n a un enga\u00f1o. <\/p>\n","protected":false},"excerpt":{"rendered":"<p>El intendente de La Matanza, Fernando Espinoza, ratific\u00f3 este mi\u00e9rcoles su candidatura a gobernador de la provincia de Buenos Aires por el kirchnerismo y asegur\u00f3 que al aspirante presidencial del Frente Renovador, Sergio Massa, lo ve \u00abnervioso\u00bb.<\/p>\n","protected":false},"author":4,"featured_media":0,"comment_status":"open","ping_status":"open","sticky":false,"template":"","format":"standard","meta":{"_jetpack_newsletter_access":"","_jetpack_dont_email_post_to_subs":false,"_jetpack_newsletter_tier_id":0,"_jetpack_memberships_contains_paywalled_content":false,"_jetpack_memberships_contains_paid_content":false,"footnotes":""},"categories":[51],"tags":[],"class_list":["post-65162","post","type-post","status-publish","format-standard","hentry","category-politica"],"jetpack_shortlink":"https:\/\/wp.me\/p2JWE0-gX0","jetpack-related-posts":[{"id":111228,"url":"http:\/\/www.24baires.com\/?p=111228","url_meta":{"origin":65162,"position":0},"title":"\u00abLos intendentes no juegan con la tijera, porque eso es jugar con la gente\u00bb","author":"AF","date":"17\/07\/2019","format":false,"excerpt":"Tras la reuni\u00f3n con los jefes comunales en la que se definieron los ejes de la campa\u00f1a, el precandidato presidencial recibi\u00f3 el respaldo a la \"boleta completa\" del Frente de Todos. El encuentro se produjo en el sal\u00f3n Garage Argentino, en San Telmo. All\u00ed Alberto Fernandez se reuni\u00f3 casi tres\u2026","rel":"","context":"En \u00abPol\u00edtica\u00bb","block_context":{"text":"Pol\u00edtica","link":"http:\/\/www.24baires.com\/?cat=51"},"img":{"alt_text":"","src":"https:\/\/i0.wp.com\/www.24baires.com\/wp-content\/uploads\/2019\/07\/fern%C3%A1ndez-intendentes.jpg?resize=350%2C200","width":350,"height":200,"srcset":"https:\/\/i0.wp.com\/www.24baires.com\/wp-content\/uploads\/2019\/07\/fern%C3%A1ndez-intendentes.jpg?resize=350%2C200 1x, https:\/\/i0.wp.com\/www.24baires.com\/wp-content\/uploads\/2019\/07\/fern%C3%A1ndez-intendentes.jpg?resize=525%2C300 1.5x"},"classes":[]},{"id":111377,"url":"http:\/\/www.24baires.com\/?p=111377","url_meta":{"origin":65162,"position":1},"title":"\u00abNo quiero un pa\u00eds que paga tasas siderales a los bancos\u00bb","author":"AF","date":"29\/07\/2019","format":false,"excerpt":"El precandidato presidencial del Frente de Todos, Alberto Fern\u00e1ndez, ratific\u00f3 esta noche en un acto en el club Hurac\u00e1n de San Justo su idea de no pagar los actuales intereses de Leliq, al sostener que no quiere \"vivir en un pa\u00eds\" en el que el Estado paga \"tasas siderales a\u2026","rel":"","context":"En \u00abPol\u00edtica\u00bb","block_context":{"text":"Pol\u00edtica","link":"http:\/\/www.24baires.com\/?cat=51"},"img":{"alt_text":"","src":"https:\/\/i0.wp.com\/www.24baires.com\/wp-content\/uploads\/2019\/06\/alberto-fernandez.jpg?resize=350%2C200","width":350,"height":200,"srcset":"https:\/\/i0.wp.com\/www.24baires.com\/wp-content\/uploads\/2019\/06\/alberto-fernandez.jpg?resize=350%2C200 1x, https:\/\/i0.wp.com\/www.24baires.com\/wp-content\/uploads\/2019\/06\/alberto-fernandez.jpg?resize=525%2C300 1.5x"},"classes":[]},{"id":33586,"url":"http:\/\/www.24baires.com\/?p=33586","url_meta":{"origin":65162,"position":2},"title":"Seg\u00fan Espinoza, \u00abMassa es la expresi\u00f3n de la derecha\u00bb","author":"AF","date":"15\/10\/2013","format":false,"excerpt":"El intendente de La Matanza afirm\u00f3 que el candidato a diputado y l\u00edder del Frente Renovador \"claramente se fue del peronismo, arm\u00f3 otro partido, se hizo socio de Mauricio Macri y armaron un frente de derecha en la provincia de Buenos Aires\". El intendente de La Matanza, el kirchnerista Fernando\u2026","rel":"","context":"En \u00abPol\u00edtica\u00bb","block_context":{"text":"Pol\u00edtica","link":"http:\/\/www.24baires.com\/?cat=51"},"img":{"alt_text":"","src":"","width":0,"height":0},"classes":[]},{"id":114935,"url":"http:\/\/www.24baires.com\/?p=114935","url_meta":{"origin":65162,"position":3},"title":"Kicillof recibi\u00f3 a intendentes oficialistas de la Tercera Secci\u00f3n","author":"AF","date":"06\/05\/2020","format":false,"excerpt":"El gobernador estuvo con Fernando Espinoza, Jorge Ferraresi, Juan Jos\u00e9 Mussi, Mario Secco, Mart\u00edn Insaurralde y Mariano Cascallares. El gobernador bonaerense, Axel Kicillof, viene manteniendo una serie de encuentros con intendentes para evaluar la continuidad de la ayuda financiera de la Provincia a los municipios frente a la crisis que\u2026","rel":"","context":"En \u00abProvincia\u00bb","block_context":{"text":"Provincia","link":"http:\/\/www.24baires.com\/?cat=40"},"img":{"alt_text":"","src":"https:\/\/i0.wp.com\/www.24baires.com\/wp-content\/uploads\/2020\/05\/kicillof-intendentes.jpg?resize=350%2C200","width":350,"height":200,"srcset":"https:\/\/i0.wp.com\/www.24baires.com\/wp-content\/uploads\/2020\/05\/kicillof-intendentes.jpg?resize=350%2C200 1x, https:\/\/i0.wp.com\/www.24baires.com\/wp-content\/uploads\/2020\/05\/kicillof-intendentes.jpg?resize=525%2C300 1.5x"},"classes":[]},{"id":108582,"url":"http:\/\/www.24baires.com\/?p=108582","url_meta":{"origin":65162,"position":4},"title":"Fernando Espinoza confirm\u00f3 que ser\u00e1 candidato a intendente de La Matanza","author":"GB","date":"05\/06\/2019","format":false,"excerpt":"El diputado nacional anuncio que volver\u00e1 a competir por la intendencia en su distrito. Pese a una de las opciones era continuar en el Congreso, en el Plenario de la Militancia de La Matanza los representantes de su espacio le pidieron que vaya por el municipio en las pr\u00f3ximas elecciones.\u2026","rel":"","context":"En \u00abMunicipios\u00bb","block_context":{"text":"Municipios","link":"http:\/\/www.24baires.com\/?cat=44"},"img":{"alt_text":"","src":"https:\/\/i0.wp.com\/www.24baires.com\/wp-content\/uploads\/2013\/10\/espinoza.jpg?resize=350%2C200","width":350,"height":200,"srcset":"https:\/\/i0.wp.com\/www.24baires.com\/wp-content\/uploads\/2013\/10\/espinoza.jpg?resize=350%2C200 1x, https:\/\/i0.wp.com\/www.24baires.com\/wp-content\/uploads\/2013\/10\/espinoza.jpg?resize=525%2C300 1.5x"},"classes":[]},{"id":75465,"url":"http:\/\/www.24baires.com\/?p=75465","url_meta":{"origin":65162,"position":5},"title":"Espinoza: \u00abEl peronismo se debe un per\u00edodo de reflexi\u00f3n\u00bb","author":"AF","date":"23\/11\/2015","format":false,"excerpt":"El intendente de La Matanza y presidente del PJ bonaerense, Fernando Espinoza, sostuvo hoy que el peronismo \"se debe un per\u00edodo de reflexi\u00f3n\" luego de la derrota en el balotaje del candidato presidencial oficialista, Daniel Scioli, y aclar\u00f3 que el jefe del Frente Renovador, Sergio Massa, tiene \"las puertas abiertas\"\u2026","rel":"","context":"En \u00abPol\u00edtica\u00bb","block_context":{"text":"Pol\u00edtica","link":"http:\/\/www.24baires.com\/?cat=51"},"img":{"alt_text":"espinoza sta teresita","src":"https:\/\/i0.wp.com\/www.24baires.com\/wp-content\/uploads\/2013\/01\/espinoza-sta-teresita.jpg?resize=350%2C200","width":350,"height":200,"srcset":"https:\/\/i0.wp.com\/www.24baires.com\/wp-content\/uploads\/2013\/01\/espinoza-sta-teresita.jpg?resize=350%2C200 1x, https:\/\/i0.wp.com\/www.24baires.com\/wp-content\/uploads\/2013\/01\/espinoza-sta-teresita.jpg?resize=525%2C300 1.5x"},"classes":[]}],"jetpack_sharing_enabled":true,"jetpack_likes_enabled":true,"jetpack_featured_media_url":"","_links":{"self":[{"href":"http:\/\/www.24baires.com\/index.php?rest_route=\/wp\/v2\/posts\/65162","targetHints":{"allow":["GET"]}}],"collection":[{"href":"http:\/\/www.24baires.com\/index.php?rest_route=\/wp\/v2\/posts"}],"about":[{"href":"http:\/\/www.24baires.com\/index.php?rest_route=\/wp\/v2\/types\/post"}],"author":[{"embeddable":true,"href":"http:\/\/www.24baires.com\/index.php?rest_route=\/wp\/v2\/users\/4"}],"replies":[{"embeddable":true,"href":"http:\/\/www.24baires.com\/index.php?rest_route=%2Fwp%2Fv2%2Fcomments&post=65162"}],"version-history":[{"count":1,"href":"http:\/\/www.24baires.com\/index.php?rest_route=\/wp\/v2\/posts\/65162\/revisions"}],"predecessor-version":[{"id":65163,"href":"http:\/\/www.24baires.com\/index.php?rest_route=\/wp\/v2\/posts\/65162\/revisions\/65163"}],"wp:attachment":[{"href":"http:\/\/www.24baires.com\/index.php?rest_route=%2Fwp%2Fv2%2Fmedia&parent=65162"}],"wp:term":[{"taxonomy":"category","embeddable":true,"href":"http:\/\/www.24baires.com\/index.php?rest_route=%2Fwp%2Fv2%2Fcategories&post=65162"},{"taxonomy":"post_tag","embeddable":true,"href":"http:\/\/www.24baires.com\/index.php?rest_route=%2Fwp%2Fv2%2Ftags&post=65162"}],"curies":[{"name":"wp","href":"https:\/\/api.w.org\/{rel}","templated":true}]}}