{"id":65050,"date":"2015-04-28T19:39:19","date_gmt":"2015-04-28T22:39:19","guid":{"rendered":"http:\/\/www.24baires.com\/?p=65050"},"modified":"2015-04-28T19:39:19","modified_gmt":"2015-04-28T22:39:19","slug":"scioli-firmo-un-convenio-con-la-universidad-de-la-plata","status":"publish","type":"post","link":"http:\/\/www.24baires.com\/?p=65050","title":{"rendered":"Scioli firm\u00f3 un convenio con la Universidad de La Plata"},"content":{"rendered":"<p><img data-recalc-dims=\"1\" loading=\"lazy\" decoding=\"async\" class=\"aligncenter size-full wp-image-65051\" src=\"https:\/\/i0.wp.com\/www.24baires.com\/wp-content\/uploads\/2015\/04\/scioli-lp.jpg?resize=560%2C262\" alt=\"scioli lp\" width=\"560\" height=\"262\" srcset=\"https:\/\/i0.wp.com\/www.24baires.com\/wp-content\/uploads\/2015\/04\/scioli-lp.jpg?w=560 560w, https:\/\/i0.wp.com\/www.24baires.com\/wp-content\/uploads\/2015\/04\/scioli-lp.jpg?resize=300%2C140 300w\" sizes=\"auto, (max-width: 560px) 100vw, 560px\" \/>El Gobernador acord\u00f3 un apoyo financiero para la adquisici\u00f3n de un predio destinado para la construcci\u00f3n de un campus habitacional.<!--more--><\/p>\n<p>El predio est\u00e1 ubicado en la localidad de Villa Arg\u00fcello, partido de Berisso, donde, adem\u00e1s, el mandatario provincial firm\u00f3 365 escrituras sociales para beneficiarios locales.<\/p>\n<p>Acompa\u00f1ado por el intendente local, Pablo Bruera, y el ministro de Justicia de la provincia, Ricardo Casal, Scioli dijo a los beneficiarios, que \u00abrecibirlos aqu\u00ed es una manera de agasajarlos y decir que son parte de estas 230 mil soluciones habitacionales que hemos dado en estos a\u00f1os\u201d.<\/p>\n<p>Las familias beneficiadas recibieron con profunda emoci\u00f3n sus t\u00edtulos y manifestaron una \u00abgran alegr\u00eda por la tranquilidad de tener una propiedad\u00bb que se enmarca en el Plan de Regularizaci\u00f3n Dominial y Escrituraci\u00f3n Social.<\/p>\n<p>&nbsp;<\/p>\n<p>&nbsp;<\/p>\n<p>&nbsp;<\/p>\n<p>&nbsp;<\/p>\n<p>&nbsp;<\/p>\n<p>&nbsp;<\/p>\n<p>&nbsp;<\/p>\n<p>&nbsp;<\/p>\n<p>&nbsp;<\/p>\n<p>&nbsp;<\/p>\n<p>&nbsp;<\/p>\n<p>&nbsp;<\/p>\n<p>&nbsp;<\/p>\n<p>&nbsp;<\/p>\n","protected":false},"excerpt":{"rendered":"<p>El Gobernador acord\u00f3 un apoyo financiero para la adquisici\u00f3n de un predio destinado para la construcci\u00f3n de un campus habitacional.<\/p>\n","protected":false},"author":8,"featured_media":0,"comment_status":"open","ping_status":"open","sticky":false,"template":"","format":"standard","meta":{"_jetpack_newsletter_access":"","_jetpack_dont_email_post_to_subs":false,"_jetpack_newsletter_tier_id":0,"_jetpack_memberships_contains_paywalled_content":false,"_jetpack_memberships_contains_paid_content":false,"footnotes":""},"categories":[51],"tags":[],"class_list":["post-65050","post","type-post","status-publish","format-standard","hentry","category-politica"],"jetpack_shortlink":"https:\/\/wp.me\/p2JWE0-gVc","jetpack-related-posts":[{"id":100041,"url":"http:\/\/www.24baires.com\/?p=100041","url_meta":{"origin":65050,"position":0},"title":"Desalojo en Quilmes dej\u00f3 12 detenidos","author":"AF","date":"18\/01\/2018","format":false,"excerpt":"El operativo fue llevado a cabo por fuerzas de seguridad municipal y provincial. El Grupo GAD, la Infanter\u00eda y la Caballer\u00eda de la Polic\u00eda Bonaerense, con respaldo de la Patrulla Urbana y Defensa Civil de Quilmes, avanzaron esta ma\u00f1ana con balas de goma contra un grupo de 150 familias que\u2026","rel":"","context":"En \u00abLocales\u00bb","block_context":{"text":"Locales","link":"http:\/\/www.24baires.com\/?cat=38"},"img":{"alt_text":"","src":"https:\/\/i0.wp.com\/www.24baires.com\/wp-content\/uploads\/2018\/01\/quilmes.jpg?resize=350%2C200","width":350,"height":200,"srcset":"https:\/\/i0.wp.com\/www.24baires.com\/wp-content\/uploads\/2018\/01\/quilmes.jpg?resize=350%2C200 1x, https:\/\/i0.wp.com\/www.24baires.com\/wp-content\/uploads\/2018\/01\/quilmes.jpg?resize=525%2C300 1.5x"},"classes":[]},{"id":115847,"url":"http:\/\/www.24baires.com\/?p=115847","url_meta":{"origin":65050,"position":1},"title":"As\u00ed ser\u00e1 el nuevo Procrear","author":"AF","date":"04\/08\/2020","format":false,"excerpt":"El nuevo Plan Procrear que anunci\u00f3 Alberto Fern\u00e1ndez este martes cuenta con 9 diferentes l\u00edneas de cr\u00e9dito: 4 personales (denominadas \"mejoramientos microcr\u00e9ditos\", \"mejoramientos refacci\u00f3n\", \"mejoramientos sustentables\" y \"mejoramientos gas\") y 5 hipotecarios (\"ampliaci\u00f3n\", \"construcci\u00f3n\", \"lotes con servicios\", \"desarrollos habitacionales\" y \"desarrollos urban\u00edsticos\"). Mediante estas 9 l\u00edneas, inform\u00f3 el Ministerio de\u2026","rel":"","context":"En \u00abSociedad\u00bb","block_context":{"text":"Sociedad","link":"http:\/\/www.24baires.com\/?cat=1"},"img":{"alt_text":"","src":"https:\/\/i0.wp.com\/www.24baires.com\/wp-content\/uploads\/2020\/08\/procrear-1.jpg?resize=350%2C200","width":350,"height":200,"srcset":"https:\/\/i0.wp.com\/www.24baires.com\/wp-content\/uploads\/2020\/08\/procrear-1.jpg?resize=350%2C200 1x, https:\/\/i0.wp.com\/www.24baires.com\/wp-content\/uploads\/2020\/08\/procrear-1.jpg?resize=525%2C300 1.5x"},"classes":[]},{"id":52148,"url":"http:\/\/www.24baires.com\/?p=52148","url_meta":{"origin":65050,"position":2},"title":"Scioli entreg\u00f3 viviendas en La Plata","author":"GB","date":"20\/08\/2014","format":false,"excerpt":"El Mandatario provincial estuvo en Villa Elvira este mi\u00e9rcoles para avanzar en lo que defini\u00f3 como un \u201ctema que hace a la seguridad habitacional\u201d. Esta ma\u00f1ana el Gobernador bonaerense entreg\u00f3 viviendas a 46 familias en 85 bis y 115 de la localidad platense, un grupo de domicilios que forma parte\u2026","rel":"","context":"En \u00abLocales\u00bb","block_context":{"text":"Locales","link":"http:\/\/www.24baires.com\/?cat=38"},"img":{"alt_text":"scioli1","src":"https:\/\/i0.wp.com\/www.24baires.com\/wp-content\/uploads\/2013\/10\/scioli1.jpg?resize=350%2C200","width":350,"height":200},"classes":[]},{"id":43234,"url":"http:\/\/www.24baires.com\/?p=43234","url_meta":{"origin":65050,"position":3},"title":"Vecinos de Bol\u00edvar reciben m\u00e1s de 200 lotes para el plan PROCREAR","author":"Grupo Sierra","date":"03\/04\/2014","format":false,"excerpt":"Ser\u00e1n entregados por la Subsecretar\u00eda Social de Tierras Urbanismo y Vivienda, y contar\u00e1n con acceso a la tierra e infraestructura b\u00e1sica. El Subsecretario Social de Tierras Urbanismo y Vivienda, Fabi\u00e1n Stachiotti, mantuvo una reuni\u00f3n con el Intendente de Bol\u00edvar, Eduardo Bucca, en la que acordaron implementar en la citada localidad\u2026","rel":"","context":"En \u00abLocales\u00bb","block_context":{"text":"Locales","link":"http:\/\/www.24baires.com\/?cat=38"},"img":{"alt_text":"Stachiotti-Bucca Bol\u00edvar","src":"https:\/\/i0.wp.com\/www.24baires.com\/wp-content\/uploads\/2014\/04\/Stachiotti-Bucca-Bol%C3%ADvar-300x193.jpg?resize=350%2C200","width":350,"height":200},"classes":[]},{"id":1718,"url":"http:\/\/www.24baires.com\/?p=1718","url_meta":{"origin":65050,"position":4},"title":"Polic\u00eda desalojar\u00e1 a casi 40 familias de barrio platense","author":"AF","date":"11\/10\/2012","format":false,"excerpt":"La orden, dictada por el juez Jos\u00e9 Terrier, se har\u00e1 efectiva en los pr\u00f3ximos d\u00edas. El predio es habitado por m\u00e1s de cien ni\u00f1os. Hasta el momento, la Provincia no present\u00f3 ning\u00fan plan de reubicaci\u00f3n. \u201cJur\u00eddicamente ya no tenemos ninguna herramienta\u201d, dijo el abogado Sebasti\u00e1n Cuccia, representante de los damnificados.\u2026","rel":"","context":"En \u00abLocales\u00bb","block_context":{"text":"Locales","link":"http:\/\/www.24baires.com\/?cat=38"},"img":{"alt_text":"","src":"https:\/\/i0.wp.com\/www.24baires.com\/wp-content\/uploads\/2012\/10\/lacantera-300x213.jpg?resize=350%2C200","width":350,"height":200},"classes":[]},{"id":116668,"url":"http:\/\/www.24baires.com\/?p=116668","url_meta":{"origin":65050,"position":5},"title":"Familias de Guernica se movilizan para pedir acceso a la tierra","author":"GB","date":"11\/11\/2020","format":false,"excerpt":"Un grupo de familias que form\u00f3 parte de la toma desalojada semanas atr\u00e1s, marchar\u00e1 a la municipalidad local para exigir soluciones habitacionales Un grupo de familias que formaron parte de la toma de terrenos de Guernica se mobilizar\u00e1n este mi\u00e9rcoles hacia la municipalidad de Presidente Per\u00f3n para continuar con el\u2026","rel":"","context":"En \u00abMunicipios\u00bb","block_context":{"text":"Municipios","link":"http:\/\/www.24baires.com\/?cat=44"},"img":{"alt_text":"","src":"","width":0,"height":0},"classes":[]}],"jetpack_sharing_enabled":true,"jetpack_likes_enabled":true,"jetpack_featured_media_url":"","_links":{"self":[{"href":"http:\/\/www.24baires.com\/index.php?rest_route=\/wp\/v2\/posts\/65050","targetHints":{"allow":["GET"]}}],"collection":[{"href":"http:\/\/www.24baires.com\/index.php?rest_route=\/wp\/v2\/posts"}],"about":[{"href":"http:\/\/www.24baires.com\/index.php?rest_route=\/wp\/v2\/types\/post"}],"author":[{"embeddable":true,"href":"http:\/\/www.24baires.com\/index.php?rest_route=\/wp\/v2\/users\/8"}],"replies":[{"embeddable":true,"href":"http:\/\/www.24baires.com\/index.php?rest_route=%2Fwp%2Fv2%2Fcomments&post=65050"}],"version-history":[{"count":1,"href":"http:\/\/www.24baires.com\/index.php?rest_route=\/wp\/v2\/posts\/65050\/revisions"}],"predecessor-version":[{"id":65052,"href":"http:\/\/www.24baires.com\/index.php?rest_route=\/wp\/v2\/posts\/65050\/revisions\/65052"}],"wp:attachment":[{"href":"http:\/\/www.24baires.com\/index.php?rest_route=%2Fwp%2Fv2%2Fmedia&parent=65050"}],"wp:term":[{"taxonomy":"category","embeddable":true,"href":"http:\/\/www.24baires.com\/index.php?rest_route=%2Fwp%2Fv2%2Fcategories&post=65050"},{"taxonomy":"post_tag","embeddable":true,"href":"http:\/\/www.24baires.com\/index.php?rest_route=%2Fwp%2Fv2%2Ftags&post=65050"}],"curies":[{"name":"wp","href":"https:\/\/api.w.org\/{rel}","templated":true}]}}