{"id":65040,"date":"2015-04-28T18:50:24","date_gmt":"2015-04-28T21:50:24","guid":{"rendered":"http:\/\/www.24baires.com\/?p=65040"},"modified":"2015-04-28T18:50:53","modified_gmt":"2015-04-28T21:50:53","slug":"la-unasur-respaldo-al-reclamo-argentino-por-malvinas","status":"publish","type":"post","link":"http:\/\/www.24baires.com\/?p=65040","title":{"rendered":"La Unasur respald\u00f3 el reclamo argentino por Malvinas"},"content":{"rendered":"<p><img data-recalc-dims=\"1\" loading=\"lazy\" decoding=\"async\" class=\"aligncenter wp-image-65041\" src=\"https:\/\/i0.wp.com\/www.24baires.com\/wp-content\/uploads\/2015\/04\/unasur.jpg?resize=560%2C372\" alt=\"unasur\" width=\"560\" height=\"372\" srcset=\"https:\/\/i0.wp.com\/www.24baires.com\/wp-content\/uploads\/2015\/04\/unasur.jpg?w=510 510w, https:\/\/i0.wp.com\/www.24baires.com\/wp-content\/uploads\/2015\/04\/unasur.jpg?resize=300%2C199 300w\" sizes=\"auto, (max-width: 560px) 100vw, 560px\" \/>As\u00ed lo hizo el Secretario General de la UNASUR, Ernesto Samper, envi\u00f3 al canciller argentino, H\u00e9ctor Timerman una carta en la que critica \u00abla persistencia del Reino Unido por mantener el enclave colonial de las Malvinas contra \u2018viento y marea\u00bb.<!--more--><\/p>\n<p>El Secretario General de la UNASUR, Ernesto Samper, envi\u00f3 al canciller argentino, H\u00e9ctor Timerman, una misiva que contiene un fuerte apoyo a los reclamos de soberan\u00eda de la Argentina sobre las Islas Malvinas, Georgias del Sur y Sandwich del Sur y los espacios mar\u00edtimos circundantes.<\/p>\n<p>\u201cLa persistencia del Reino Unido por mantener el enclave colonial de las Malvinas contra \u2018viento y marea\u2019, desaf\u00eda no s\u00f3lo 40 resoluciones de la Asamblea General de las Naciones Unidas, sino posturas de la UNASUR que ordenan o conminan una salida negociada al conflicto territorial\u201d, sostiene la misiva.<\/p>\n<p>A su vez, la UNASUR subraya que \u201clas declaraciones del Secretario de Defensa del Reino Unido, Michael Fallon, sobre un aumento del gasto militar en la zona, generan preocupaci\u00f3n porque suponen una militarizaci\u00f3n que pone en entredicho la voluntad pac\u00edfica de ese pa\u00eds y asumen una postura agresiva del Gobierno argentino, acusaci\u00f3n que carece de fundamento\u201d.<\/p>\n<p>Y se\u00f1ala: \u201cValga recordar, finalmente, que la colonizaci\u00f3n no tiene cabida en un sistema internacional en el que los Estados han concensuado la ilegitimidad de las ocupaciones, y donde debe prevalecer el derecho y no la fuerza\u201d.<\/p>\n<p>&nbsp;<\/p>\n<p>&nbsp;<\/p>\n<p>&nbsp;<\/p>\n<p>&nbsp;<\/p>\n<p>&nbsp;<\/p>\n<p>&nbsp;<\/p>\n<p>&nbsp;<\/p>\n","protected":false},"excerpt":{"rendered":"<p>As\u00ed lo hizo el Secretario General de la UNASUR, Ernesto Samper, envi\u00f3 al canciller argentino, H\u00e9ctor Timerman una carta en la que critica \u00abla persistencia del Reino Unido por mantener el enclave colonial de las Malvinas contra \u2018viento y marea\u00bb.<\/p>\n","protected":false},"author":8,"featured_media":0,"comment_status":"open","ping_status":"open","sticky":false,"template":"","format":"standard","meta":{"_jetpack_newsletter_access":"","_jetpack_dont_email_post_to_subs":false,"_jetpack_newsletter_tier_id":0,"_jetpack_memberships_contains_paywalled_content":false,"_jetpack_memberships_contains_paid_content":false,"footnotes":""},"categories":[51],"tags":[],"class_list":["post-65040","post","type-post","status-publish","format-standard","hentry","category-politica"],"jetpack_shortlink":"https:\/\/wp.me\/p2JWE0-gV2","jetpack-related-posts":[{"id":63733,"url":"http:\/\/www.24baires.com\/?p=63733","url_meta":{"origin":65040,"position":0},"title":"Argentina denunci\u00f3 el aumento del gasto militar en Malvinas","author":"GB","date":"30\/03\/2015","format":false,"excerpt":"La Argentina denunci\u00f3 hoy \"el injustificado aumento del ya desmedido gasto militar brit\u00e1nico en las Islas Malvinas\" mediante notas enviadas por el canciller H\u00e9ctor Timerman a la ONU, la OEA, la Unasur y otros organismos internacionales. La Argentina denunci\u00f3 hoy \"el injustificado aumento del ya desmedido gasto militar brit\u00e1nico en\u2026","rel":"","context":"En \u00abPol\u00edtica\u00bb","block_context":{"text":"Pol\u00edtica","link":"http:\/\/www.24baires.com\/?cat=51"},"img":{"alt_text":"","src":"","width":0,"height":0},"classes":[]},{"id":56884,"url":"http:\/\/www.24baires.com\/?p=56884","url_meta":{"origin":65040,"position":1},"title":"Timerman asegur\u00f3 que la causa Malvinas \u00abes una cuesti\u00f3n regional\u00bb","author":"GB","date":"10\/11\/2014","format":false,"excerpt":"El canciller asegur\u00f3 al participar en la sesi\u00f3n extraordinaria del Parlamento del Mercosur que \"cuando la corona brit\u00e1nica ocup\u00f3 las islas lo hizo para controlar el \u00fanico paso natural entre el Pac\u00edfico y el Atl\u00e1ntico\". \"Cuando la corona brit\u00e1nica ocup\u00f3 las Islas Malvinas a sabiendas de que no tenia t\u00edtulo\u2026","rel":"","context":"En \u00abPol\u00edtica\u00bb","block_context":{"text":"Pol\u00edtica","link":"http:\/\/www.24baires.com\/?cat=51"},"img":{"alt_text":"timerman","src":"https:\/\/i0.wp.com\/www.24baires.com\/wp-content\/uploads\/2014\/08\/timerman.jpg?resize=350%2C200","width":350,"height":200,"srcset":"https:\/\/i0.wp.com\/www.24baires.com\/wp-content\/uploads\/2014\/08\/timerman.jpg?resize=350%2C200 1x, https:\/\/i0.wp.com\/www.24baires.com\/wp-content\/uploads\/2014\/08\/timerman.jpg?resize=525%2C300 1.5x"},"classes":[]},{"id":119005,"url":"http:\/\/www.24baires.com\/?p=119005","url_meta":{"origin":65040,"position":2},"title":"Cafiero pidi\u00f3 al Reino Unido retomar las negociaciones por la soberan\u00eda sobre Malvinas","author":"AF","date":"23\/06\/2022","format":false,"excerpt":"Durante su exposici\u00f3n en la Sesi\u00f3n Especial del Comit\u00e9 de Descolonizaci\u00f3n de la Organizaci\u00f3n de las Naciones Unidas, el Canciller le dijo adem\u00e1s que \"es momento\" de que \"deje en las p\u00e1ginas de la historia su ejercicio de potencia colonial\". El canciller Santiago Cafiero pidi\u00f3 que el Reino Unido \"no\u2026","rel":"","context":"En \u00abInternacionales\u00bb","block_context":{"text":"Internacionales","link":"http:\/\/www.24baires.com\/?cat=73"},"img":{"alt_text":"","src":"https:\/\/i0.wp.com\/www.24baires.com\/wp-content\/uploads\/2022\/06\/cafiero.jpg?resize=350%2C200","width":350,"height":200,"srcset":"https:\/\/i0.wp.com\/www.24baires.com\/wp-content\/uploads\/2022\/06\/cafiero.jpg?resize=350%2C200 1x, https:\/\/i0.wp.com\/www.24baires.com\/wp-content\/uploads\/2022\/06\/cafiero.jpg?resize=525%2C300 1.5x, https:\/\/i0.wp.com\/www.24baires.com\/wp-content\/uploads\/2022\/06\/cafiero.jpg?resize=700%2C400 2x"},"classes":[]},{"id":19148,"url":"http:\/\/www.24baires.com\/?p=19148","url_meta":{"origin":65040,"position":3},"title":"Latinoam\u00e9rica y el Caribe renovar\u00e1n ante la ONU el reclamo por las Islas Malvinas","author":"AF","date":"23\/03\/2013","format":false,"excerpt":"El canciller H\u00e9ctor Timerman ser\u00e1 recibido en una audiencia este martes con el secretario general de la ONU, Ban ki-Moon, y le renovar\u00e1 el reclamo para que realice gestiones tendientes a que el Reino Unido retome las negociaciones con Argentina. Timerman estar\u00e1 acompa\u00f1ado por una delegaci\u00f3n integrada por los cancilleres\u2026","rel":"","context":"En \u00abPol\u00edtica\u00bb","block_context":{"text":"Pol\u00edtica","link":"http:\/\/www.24baires.com\/?cat=51"},"img":{"alt_text":"","src":"","width":0,"height":0},"classes":[]},{"id":43691,"url":"http:\/\/www.24baires.com\/?p=43691","url_meta":{"origin":65040,"position":4},"title":"Timerman denunci\u00f3 que Inglaterra har\u00e1 pruebas militares en Malvinas","author":"Grupo Sierra","date":"11\/04\/2014","format":false,"excerpt":"Lo asegur\u00f3 el canciller H\u00e9ctor Timerman durante una conferencia de prensa en la que denunci\u00f3 una \"nueva exhibici\u00f3n belicista en la zona de paz\". A trav\u00e9s del canciller H\u00e9ctor Timerman, el gobierno argentino present\u00f3 hoy una nota de \"en\u00e9rgica protesta\" ante el Reino Unido frente a una \"nueva exhibici\u00f3n belicista\u2026","rel":"","context":"En \u00abPol\u00edtica\u00bb","block_context":{"text":"Pol\u00edtica","link":"http:\/\/www.24baires.com\/?cat=51"},"img":{"alt_text":"timerman","src":"https:\/\/i0.wp.com\/www.24baires.com\/wp-content\/uploads\/2013\/03\/timerman.jpg?resize=350%2C200","width":350,"height":200,"srcset":"https:\/\/i0.wp.com\/www.24baires.com\/wp-content\/uploads\/2013\/03\/timerman.jpg?resize=350%2C200 1x, https:\/\/i0.wp.com\/www.24baires.com\/wp-content\/uploads\/2013\/03\/timerman.jpg?resize=525%2C300 1.5x"},"classes":[]},{"id":119825,"url":"http:\/\/www.24baires.com\/?p=119825","url_meta":{"origin":65040,"position":5},"title":"La Ant\u00e1rtida es \u00abun enclave vital de la soberan\u00eda territorial y pol\u00edtica\u00bb de la Argentina","author":"AF","date":"22\/02\/2023","format":false,"excerpt":"Durante su discurso, el mandatario anunci\u00f3 la creaci\u00f3n de una corresponsal\u00eda itinerante de T\u00e9lam en la Ant\u00e1rtida argentina y asegur\u00f3 que \"Malvinas es una causa nacional, porque el Atl\u00e1ntico Sur y, sin dudas, nuestro territorio ant\u00e1rtico son un enclave vital de nuestra soberan\u00eda territorial y pol\u00edtica\". El presidente Alberto Fern\u00e1ndez\u2026","rel":"","context":"En \u00abSociedad\u00bb","block_context":{"text":"Sociedad","link":"http:\/\/www.24baires.com\/?cat=1"},"img":{"alt_text":"","src":"https:\/\/i0.wp.com\/www.24baires.com\/wp-content\/uploads\/2023\/02\/360.jpeg?resize=350%2C200","width":350,"height":200,"srcset":"https:\/\/i0.wp.com\/www.24baires.com\/wp-content\/uploads\/2023\/02\/360.jpeg?resize=350%2C200 1x, https:\/\/i0.wp.com\/www.24baires.com\/wp-content\/uploads\/2023\/02\/360.jpeg?resize=525%2C300 1.5x"},"classes":[]}],"jetpack_sharing_enabled":true,"jetpack_likes_enabled":true,"jetpack_featured_media_url":"","_links":{"self":[{"href":"http:\/\/www.24baires.com\/index.php?rest_route=\/wp\/v2\/posts\/65040","targetHints":{"allow":["GET"]}}],"collection":[{"href":"http:\/\/www.24baires.com\/index.php?rest_route=\/wp\/v2\/posts"}],"about":[{"href":"http:\/\/www.24baires.com\/index.php?rest_route=\/wp\/v2\/types\/post"}],"author":[{"embeddable":true,"href":"http:\/\/www.24baires.com\/index.php?rest_route=\/wp\/v2\/users\/8"}],"replies":[{"embeddable":true,"href":"http:\/\/www.24baires.com\/index.php?rest_route=%2Fwp%2Fv2%2Fcomments&post=65040"}],"version-history":[{"count":2,"href":"http:\/\/www.24baires.com\/index.php?rest_route=\/wp\/v2\/posts\/65040\/revisions"}],"predecessor-version":[{"id":65044,"href":"http:\/\/www.24baires.com\/index.php?rest_route=\/wp\/v2\/posts\/65040\/revisions\/65044"}],"wp:attachment":[{"href":"http:\/\/www.24baires.com\/index.php?rest_route=%2Fwp%2Fv2%2Fmedia&parent=65040"}],"wp:term":[{"taxonomy":"category","embeddable":true,"href":"http:\/\/www.24baires.com\/index.php?rest_route=%2Fwp%2Fv2%2Fcategories&post=65040"},{"taxonomy":"post_tag","embeddable":true,"href":"http:\/\/www.24baires.com\/index.php?rest_route=%2Fwp%2Fv2%2Ftags&post=65040"}],"curies":[{"name":"wp","href":"https:\/\/api.w.org\/{rel}","templated":true}]}}