{"id":65016,"date":"2015-04-28T13:55:48","date_gmt":"2015-04-28T16:55:48","guid":{"rendered":"http:\/\/www.24baires.com\/?p=65016"},"modified":"2015-04-29T10:14:00","modified_gmt":"2015-04-29T13:14:00","slug":"cristina-destaco-la-politica-de-desarme-del-pais","status":"publish","type":"post","link":"http:\/\/www.24baires.com\/?p=65016","title":{"rendered":"Cristina destac\u00f3 la pol\u00edtica de desarme del pa\u00eds"},"content":{"rendered":"<p><img data-recalc-dims=\"1\" loading=\"lazy\" decoding=\"async\" src=\"https:\/\/i0.wp.com\/www.24baires.com\/wp-content\/uploads\/2015\/04\/cristina-randazzo-san-mart%C3%ADn.jpg?resize=560%2C419\" alt=\"cristina randazzo san mart\u00edn\" width=\"560\" height=\"419\" class=\"aligncenter size-full wp-image-65019\" srcset=\"https:\/\/i0.wp.com\/www.24baires.com\/wp-content\/uploads\/2015\/04\/cristina-randazzo-san-mart%C3%ADn.jpg?w=560 560w, https:\/\/i0.wp.com\/www.24baires.com\/wp-content\/uploads\/2015\/04\/cristina-randazzo-san-mart%C3%ADn.jpg?resize=300%2C224 300w\" sizes=\"auto, (max-width: 560px) 100vw, 560px\" \/>La Presidenta lo hizo en el marco de la inauguraci\u00f3n del Banco Nacional de Materiales Controlados del Registro Nacional de Armas\u00bb, ubicado en el partido bonaerense de San Mart\u00edn.<!--more--><\/p>\n<p>La presidenta Cristina Fern\u00e1ndez de Kirchner afirm\u00f3 que \u00abunos de los desaf\u00edos de la democracia argentina y de la gesti\u00f3n del Estado es bajar de los discursos a los hechos y las realidades y hoy estamos inaugurando el Banco Nacional de Materiales Controlados del Registro Nacional de Armas\u00bb, ubicado en el partido bonaerense de San Mart\u00edn.<\/p>\n<p>\u00abEste es el \u00fanico en todo el pa\u00eds, y para lograr pol\u00edticas de desarme se requiere la decisi\u00f3n de hacerlo, los recursos y la realizaci\u00f3n en s\u00ed\u00bb, destac\u00f3 la Presidenta.<\/p>\n<p>\u00abEste gobierno ha destruido m\u00e1s armas que ning\u00fan otro gobierno en ninguna otra etapa\u00bb , dijo y anunci\u00f3 que en los pr\u00f3ximos meses se llegar\u00e1 a la destrucci\u00f3n de 300.000 armas.<\/p>\n<p>Por otra parte, Cristina pidi\u00f3 al Congreso Nacional que d\u00e9 impulso a proyectos de ley presentados por distintos legisladores tendientes a reemplazar el \u201cviejo y obsoleto\u201d Registro Nacional de Armas (Renar) por una \u201cagencia nacional\u201d para que \u201cla pol\u00edtica en materia de portaci\u00f3n y tenencia de armas\u201d sea \u201cuna pol\u00edtica nacional controlada por el Estado\u201d. <\/p>\n","protected":false},"excerpt":{"rendered":"<p>La Presidenta lo hizo en el marco de la inauguraci\u00f3n del Banco Nacional de Materiales Controlados del Registro Nacional de Armas\u00bb, ubicado en el partido bonaerense de San Mart\u00edn.<\/p>\n","protected":false},"author":4,"featured_media":0,"comment_status":"open","ping_status":"open","sticky":false,"template":"","format":"standard","meta":{"_jetpack_newsletter_access":"","_jetpack_dont_email_post_to_subs":false,"_jetpack_newsletter_tier_id":0,"_jetpack_memberships_contains_paywalled_content":false,"_jetpack_memberships_contains_paid_content":false,"footnotes":""},"categories":[51],"tags":[],"class_list":["post-65016","post","type-post","status-publish","format-standard","hentry","category-politica"],"jetpack_shortlink":"https:\/\/wp.me\/p2JWE0-gUE","jetpack-related-posts":[{"id":117991,"url":"http:\/\/www.24baires.com\/?p=117991","url_meta":{"origin":65016,"position":0},"title":"Cristina: \u00abLa pandemia va a pasar y tendremos que hacernos cargo del muerto que nos dejaron\u00bb","author":"AF","date":"12\/08\/2021","format":false,"excerpt":"La vicepresidenta particip\u00f3 del lanzamiento del nuevo plan Qunita. Consider\u00f3 adem\u00e1s que la oposici\u00f3n se \"dedic\u00f3 a construir otro relato con una formidable maquinaria medi\u00e1tica\", cuando atribu\u00edan a la cuarentena la crisis y no a la pandemia que afectaba al mundo. La vicepresidenta, Cristina Fern\u00e1ndez de Kirchner, subray\u00f3 que la\u2026","rel":"","context":"En \u00abPol\u00edtica\u00bb","block_context":{"text":"Pol\u00edtica","link":"http:\/\/www.24baires.com\/?cat=51"},"img":{"alt_text":"","src":"https:\/\/i0.wp.com\/www.24baires.com\/wp-content\/uploads\/2021\/08\/cfk.jpg?resize=350%2C200","width":350,"height":200,"srcset":"https:\/\/i0.wp.com\/www.24baires.com\/wp-content\/uploads\/2021\/08\/cfk.jpg?resize=350%2C200 1x, https:\/\/i0.wp.com\/www.24baires.com\/wp-content\/uploads\/2021\/08\/cfk.jpg?resize=525%2C300 1.5x"},"classes":[]},{"id":106439,"url":"http:\/\/www.24baires.com\/?p=106439","url_meta":{"origin":65016,"position":1},"title":"Advierten sobre la letalidad de las Taser","author":"AF","date":"18\/01\/2019","format":false,"excerpt":"Diversos estudios dan cuenta de las muertes que provoca el uso sin control de las armas que el Gobierno decidi\u00f3 que empiecen a usar fuerzas de seguridad federales y tambi\u00e9n polic\u00edas de la Ciudad y bonaerenses. El CELS cit\u00f3 esas investigaciones en pedidos de informe que realiz\u00f3 acerca de c\u00f3mo\u2026","rel":"","context":"En \u00abSociedad\u00bb","block_context":{"text":"Sociedad","link":"http:\/\/www.24baires.com\/?cat=1"},"img":{"alt_text":"","src":"https:\/\/i0.wp.com\/www.24baires.com\/wp-content\/uploads\/2019\/01\/taser.jpg?resize=350%2C200","width":350,"height":200,"srcset":"https:\/\/i0.wp.com\/www.24baires.com\/wp-content\/uploads\/2019\/01\/taser.jpg?resize=350%2C200 1x, https:\/\/i0.wp.com\/www.24baires.com\/wp-content\/uploads\/2019\/01\/taser.jpg?resize=525%2C300 1.5x"},"classes":[]},{"id":113808,"url":"http:\/\/www.24baires.com\/?p=113808","url_meta":{"origin":65016,"position":2},"title":"Cafiero se reuni\u00f3 con intendentes bonaerenses para la coordinaci\u00f3n de Precios Cuidados","author":"GB","date":"15\/01\/2020","format":false,"excerpt":"El jefe de Gabinete, Santiago Cafiero, encabez\u00f3 una reuni\u00f3n en la Casa Rosada con intendentes del conurbano bonaerense enrolados en el Frente de Todos, con el objeto de coordinar junto con todos los niveles gubernamentales la aplicaci\u00f3n del programa de Precios Cuidados en sus respectivos municipios. El ministro coordinador destac\u00f3\u2026","rel":"","context":"En \u00abPol\u00edtica\u00bb","block_context":{"text":"Pol\u00edtica","link":"http:\/\/www.24baires.com\/?cat=51"},"img":{"alt_text":"","src":"https:\/\/i0.wp.com\/www.24baires.com\/wp-content\/uploads\/2020\/01\/cafiero-intendentes.jpg?resize=350%2C200","width":350,"height":200,"srcset":"https:\/\/i0.wp.com\/www.24baires.com\/wp-content\/uploads\/2020\/01\/cafiero-intendentes.jpg?resize=350%2C200 1x, https:\/\/i0.wp.com\/www.24baires.com\/wp-content\/uploads\/2020\/01\/cafiero-intendentes.jpg?resize=525%2C300 1.5x"},"classes":[]},{"id":33761,"url":"http:\/\/www.24baires.com\/?p=33761","url_meta":{"origin":65016,"position":3},"title":"\u00abArgentina es l\u00edder mundial en materia del desarme civil\u00bb dijo Alak","author":"GB","date":"18\/10\/2013","format":false,"excerpt":"El ministro de Justicia y Derechos Humanos de la Naci\u00f3n, Julio Alak, inst\u00f3 a la poblaci\u00f3n \u201ca deshacerse de las armas de fuego para evitar que los conflictos interpersonales tengan desenlaces fatales\u201d. Fue a partir de dos nuevos casos de violencia armada. Ante nuevos casos de violencia armada que conmueven\u2026","rel":"","context":"En \u00abPol\u00edtica\u00bb","block_context":{"text":"Pol\u00edtica","link":"http:\/\/www.24baires.com\/?cat=51"},"img":{"alt_text":"","src":"","width":0,"height":0},"classes":[]},{"id":111267,"url":"http:\/\/www.24baires.com\/?p=111267","url_meta":{"origin":65016,"position":4},"title":"\u00abHay una necesidad de dirigentes que sepan cu\u00e1les son los problemas de la gente\u00bb","author":"GB","date":"19\/07\/2019","format":false,"excerpt":"La ex presidenta presenta su libro \"Sinceramente\" en Mar del Plata. \u201cHay una necesidad de tener dirigentes que sepan cu\u00e1les son los problemas de los argentinos\u201d, dijo Cristina Fern\u00e1ndez durante la presentaci\u00f3n de su libro, \u201cSinceramente\u201d, en Mar del Plata, luego de criticar una entrevista que brind\u00f3 la gobernadora bonaerense\u2026","rel":"","context":"En \u00abPol\u00edtica\u00bb","block_context":{"text":"Pol\u00edtica","link":"http:\/\/www.24baires.com\/?cat=51"},"img":{"alt_text":"","src":"https:\/\/i0.wp.com\/www.24baires.com\/wp-content\/uploads\/2019\/07\/cristina-mdp.jpg?resize=350%2C200","width":350,"height":200,"srcset":"https:\/\/i0.wp.com\/www.24baires.com\/wp-content\/uploads\/2019\/07\/cristina-mdp.jpg?resize=350%2C200 1x, https:\/\/i0.wp.com\/www.24baires.com\/wp-content\/uploads\/2019\/07\/cristina-mdp.jpg?resize=525%2C300 1.5x"},"classes":[]},{"id":105685,"url":"http:\/\/www.24baires.com\/?p=105685","url_meta":{"origin":65016,"position":5},"title":"Se llevar\u00e1 a cabo una movilizaci\u00f3n al Congreso en rechazo a la cumbre del G20","author":"GB","date":"30\/11\/2018","format":false,"excerpt":"En medio de un ambiente tenso por la nueva resoluci\u00f3n que habilita el uso de las armas de fuego a las fuerzas de seguridad, las organizaciones sociales y partidos pol\u00edticos marchar\u00e1n hoy a las 15 desde 9 de Julio y San Juan hacia el Congreso. Durante las \u00faltimas semanas, el\u2026","rel":"","context":"En \u00abPol\u00edtica\u00bb","block_context":{"text":"Pol\u00edtica","link":"http:\/\/www.24baires.com\/?cat=51"},"img":{"alt_text":"","src":"https:\/\/i0.wp.com\/www.24baires.com\/wp-content\/uploads\/2018\/11\/contracumbre.jpg?resize=350%2C200","width":350,"height":200,"srcset":"https:\/\/i0.wp.com\/www.24baires.com\/wp-content\/uploads\/2018\/11\/contracumbre.jpg?resize=350%2C200 1x, https:\/\/i0.wp.com\/www.24baires.com\/wp-content\/uploads\/2018\/11\/contracumbre.jpg?resize=525%2C300 1.5x"},"classes":[]}],"jetpack_sharing_enabled":true,"jetpack_likes_enabled":true,"jetpack_featured_media_url":"","_links":{"self":[{"href":"http:\/\/www.24baires.com\/index.php?rest_route=\/wp\/v2\/posts\/65016","targetHints":{"allow":["GET"]}}],"collection":[{"href":"http:\/\/www.24baires.com\/index.php?rest_route=\/wp\/v2\/posts"}],"about":[{"href":"http:\/\/www.24baires.com\/index.php?rest_route=\/wp\/v2\/types\/post"}],"author":[{"embeddable":true,"href":"http:\/\/www.24baires.com\/index.php?rest_route=\/wp\/v2\/users\/4"}],"replies":[{"embeddable":true,"href":"http:\/\/www.24baires.com\/index.php?rest_route=%2Fwp%2Fv2%2Fcomments&post=65016"}],"version-history":[{"count":1,"href":"http:\/\/www.24baires.com\/index.php?rest_route=\/wp\/v2\/posts\/65016\/revisions"}],"predecessor-version":[{"id":65020,"href":"http:\/\/www.24baires.com\/index.php?rest_route=\/wp\/v2\/posts\/65016\/revisions\/65020"}],"wp:attachment":[{"href":"http:\/\/www.24baires.com\/index.php?rest_route=%2Fwp%2Fv2%2Fmedia&parent=65016"}],"wp:term":[{"taxonomy":"category","embeddable":true,"href":"http:\/\/www.24baires.com\/index.php?rest_route=%2Fwp%2Fv2%2Fcategories&post=65016"},{"taxonomy":"post_tag","embeddable":true,"href":"http:\/\/www.24baires.com\/index.php?rest_route=%2Fwp%2Fv2%2Ftags&post=65016"}],"curies":[{"name":"wp","href":"https:\/\/api.w.org\/{rel}","templated":true}]}}