{"id":64986,"date":"2015-04-27T20:30:10","date_gmt":"2015-04-27T23:30:10","guid":{"rendered":"http:\/\/www.24baires.com\/?p=64986"},"modified":"2015-04-27T20:24:41","modified_gmt":"2015-04-27T23:24:41","slug":"paritarias-metalurgicos-y-empresarios-no-llegaron-a-un-acuerdo","status":"publish","type":"post","link":"http:\/\/www.24baires.com\/?p=64986","title":{"rendered":"Paritarias: Metal\u00fargicos y empresarios no llegaron a un acuerdo"},"content":{"rendered":"<p><img data-recalc-dims=\"1\" loading=\"lazy\" decoding=\"async\" class=\"alignleft size-medium wp-image-6963\" src=\"https:\/\/i0.wp.com\/www.24baires.com\/wp-content\/uploads\/2012\/11\/Cal%C3%B3.jpg?resize=300%2C229\" alt=\"Cal\u00f3\" width=\"300\" height=\"229\" srcset=\"https:\/\/i0.wp.com\/www.24baires.com\/wp-content\/uploads\/2012\/11\/Cal%C3%B3.jpg?resize=300%2C229 300w, https:\/\/i0.wp.com\/www.24baires.com\/wp-content\/uploads\/2012\/11\/Cal%C3%B3.jpg?w=330 330w\" sizes=\"auto, (max-width: 300px) 100vw, 300px\" \/>La conducci\u00f3n de la Uni\u00f3n Obrera Metal\u00fargica (UOM) que lidera Antonio Cal\u00f3 y las c\u00e1maras empresarias de la actividad tampoco lograron hoy un acuerdo salarial en la cartera de Trabajo, informaron fuentes gremiales.<!--more--><\/p>\n<p>El secretario de Organizaci\u00f3n del sindicato industrial, Antonio Catt\u00e1neo, se\u00f1al\u00f3 que gremialistas y empresarios acordaron un nuevo cuarto intermedio a partir de las 16 del pr\u00f3ximo mi\u00e9rcoles en la sede ministerial de la Avenida Leandro N. Alem al 600.<\/p>\n<p>La perspectiva de continuar el di\u00e1logo inhabilita por ahora el inicio del paro nacional de 36 horas que, en su momento, el sindicato decidi\u00f3 en su Congreso Anual de Mar del Plata.<\/p>\n<p>La UOM reclama una recomposici\u00f3n salarial anual que, hasta ahora, no pudo concretar en las negociaciones con las c\u00e1maras patronales, aunque las fuentes consultadas no quisieron se\u00f1alar si hoy hubo ofertas y contrapropuestas por \u00abrazones de prudencia y respeto a las negociaciones\u00bb, que continuar\u00e1n el 29.<\/p>\n<p>&nbsp;<\/p>\n<p>&nbsp;<\/p>\n<p>&nbsp;<\/p>\n<p>&nbsp;<\/p>\n<p>&nbsp;<\/p>\n<p>&nbsp;<\/p>\n","protected":false},"excerpt":{"rendered":"<p>La conducci\u00f3n de la Uni\u00f3n Obrera Metal\u00fargica (UOM) que lidera Antonio Cal\u00f3 y las c\u00e1maras empresarias de la actividad tampoco lograron hoy un acuerdo salarial en la cartera de Trabajo, informaron fuentes gremiales.<\/p>\n","protected":false},"author":8,"featured_media":0,"comment_status":"open","ping_status":"open","sticky":false,"template":"","format":"standard","meta":{"_jetpack_newsletter_access":"","_jetpack_dont_email_post_to_subs":false,"_jetpack_newsletter_tier_id":0,"_jetpack_memberships_contains_paywalled_content":false,"_jetpack_memberships_contains_paid_content":false,"footnotes":""},"categories":[51],"tags":[],"class_list":["post-64986","post","type-post","status-publish","format-standard","hentry","category-politica"],"jetpack_shortlink":"https:\/\/wp.me\/p2JWE0-gUa","jetpack-related-posts":[{"id":104944,"url":"http:\/\/www.24baires.com\/?p=104944","url_meta":{"origin":64986,"position":0},"title":"Los metal\u00fargicos marchar\u00e1n para reclamar la reapertura de paritarias","author":"GB","date":"16\/10\/2018","format":false,"excerpt":"Liderados por Antonio Cal\u00f3, los trabajadores de la UOM reclaman la cl\u00e1usula de revisi\u00f3n desde octubre por el poder adquisitivo perdido. Los trabajadores agrupados en la Uni\u00f3n Obrera Metal\u00fargica (UOM) marchar\u00e1n este martes en reclamo por la reapertura de las paritarias con un piso de aumento de 40% para todo\u2026","rel":"","context":"En \u00abPol\u00edtica\u00bb","block_context":{"text":"Pol\u00edtica","link":"http:\/\/www.24baires.com\/?cat=51"},"img":{"alt_text":"","src":"https:\/\/i0.wp.com\/www.24baires.com\/wp-content\/uploads\/2015\/12\/antonio-cal%C3%B3.jpg?resize=350%2C200","width":350,"height":200,"srcset":"https:\/\/i0.wp.com\/www.24baires.com\/wp-content\/uploads\/2015\/12\/antonio-cal%C3%B3.jpg?resize=350%2C200 1x, https:\/\/i0.wp.com\/www.24baires.com\/wp-content\/uploads\/2015\/12\/antonio-cal%C3%B3.jpg?resize=525%2C300 1.5x"},"classes":[]},{"id":60374,"url":"http:\/\/www.24baires.com\/?p=60374","url_meta":{"origin":64986,"position":1},"title":"Los metal\u00fargicos lograron un bono de $2000","author":"Grupo Sierra","date":"19\/01\/2015","format":false,"excerpt":"Los trabajadores de la industria metal\u00fargica recibir\u00e1n la gratificaci\u00f3n a pagar en dos veces, con los sueldos de enero y febrero. El presidente de la C\u00e1mara de la Peque\u00f1a y Mediana Industria Metal\u00fargica Argentina (Camima), Jos\u00e9 Luis Ammaturo, particip\u00f3 este lunes de una reuni\u00f3n en la sede de la Uni\u00f3n\u2026","rel":"","context":"En \u00abEconom\u00eda\u00bb","block_context":{"text":"Econom\u00eda","link":"http:\/\/www.24baires.com\/?cat=45"},"img":{"alt_text":"","src":"https:\/\/i0.wp.com\/www.24baires.com\/wp-content\/uploads\/2015\/01\/uom-metal.jpg?resize=350%2C200","width":350,"height":200,"srcset":"https:\/\/i0.wp.com\/www.24baires.com\/wp-content\/uploads\/2015\/01\/uom-metal.jpg?resize=350%2C200 1x, https:\/\/i0.wp.com\/www.24baires.com\/wp-content\/uploads\/2015\/01\/uom-metal.jpg?resize=525%2C300 1.5x"},"classes":[]},{"id":94271,"url":"http:\/\/www.24baires.com\/?p=94271","url_meta":{"origin":64986,"position":2},"title":"El Ministerio de Trabajo se reunir\u00e1 con Metal\u00fargicos para acordar paritarias","author":"AF","date":"04\/05\/2017","format":false,"excerpt":"El Ministerio de Trabajo convoc\u00f3 para este jueves a una reuni\u00f3n a las c\u00e1maras empresarias y a la conducci\u00f3n de la Uni\u00f3n Obrera Metal\u00fargica (UOM) en un intento por destrabar las negociaciones salariales en el marco de las paritarias. Las c\u00e1maras empresarias del sector metal\u00fargico y la conducci\u00f3n de la\u2026","rel":"","context":"En \u00abSociedad\u00bb","block_context":{"text":"Sociedad","link":"http:\/\/www.24baires.com\/?cat=1"},"img":{"alt_text":"","src":"https:\/\/i0.wp.com\/www.24baires.com\/wp-content\/uploads\/2015\/12\/antonio-cal%C3%B3.jpg?resize=350%2C200","width":350,"height":200,"srcset":"https:\/\/i0.wp.com\/www.24baires.com\/wp-content\/uploads\/2015\/12\/antonio-cal%C3%B3.jpg?resize=350%2C200 1x, https:\/\/i0.wp.com\/www.24baires.com\/wp-content\/uploads\/2015\/12\/antonio-cal%C3%B3.jpg?resize=525%2C300 1.5x"},"classes":[]},{"id":108299,"url":"http:\/\/www.24baires.com\/?p=108299","url_meta":{"origin":64986,"position":3},"title":"La UOM acord\u00f3 una suba del 28% en las paritarias 2019","author":"GB","date":"21\/05\/2019","format":false,"excerpt":"Los metal\u00fargicos lograron adem\u00e1s otros beneficios y en total la mejora salarial del 36%. La Uni\u00f3n Obrera Metal\u00fargica (UOM), que lidera el dirigente Antonio Cal\u00f3, acord\u00f3 con las c\u00e1maras empresarias de la industria un 28% de incremento salarial para este a\u00f1o que se abonar\u00e1 en tres cuotas y una revisi\u00f3n\u2026","rel":"","context":"En \u00abPol\u00edtica\u00bb","block_context":{"text":"Pol\u00edtica","link":"http:\/\/www.24baires.com\/?cat=51"},"img":{"alt_text":"","src":"https:\/\/i0.wp.com\/www.24baires.com\/wp-content\/uploads\/2019\/05\/uom.jpg?resize=350%2C200","width":350,"height":200,"srcset":"https:\/\/i0.wp.com\/www.24baires.com\/wp-content\/uploads\/2019\/05\/uom.jpg?resize=350%2C200 1x, https:\/\/i0.wp.com\/www.24baires.com\/wp-content\/uploads\/2019\/05\/uom.jpg?resize=525%2C300 1.5x"},"classes":[]},{"id":42975,"url":"http:\/\/www.24baires.com\/?p=42975","url_meta":{"origin":64986,"position":4},"title":"La UOM acord\u00f3 una suba salarial del 27,25%","author":"Grupo Sierra","date":"28\/03\/2014","format":false,"excerpt":"La Uni\u00f3n Obrera Metal\u00fargica (UOM) y las c\u00e1maras empresarias del sector acordaron en el Ministerio de Trabajo un aumento salarial anual del 27,25 por ciento en dos tramos, informaron fuentes oficiales y gremiales. Los trabajadores metal\u00fargicos, liderados por Antonio Cal\u00f3, percibir\u00e1n una mejora del 15 por ciento desde el 1\u2026","rel":"","context":"En \u00abPol\u00edtica\u00bb","block_context":{"text":"Pol\u00edtica","link":"http:\/\/www.24baires.com\/?cat=51"},"img":{"alt_text":"cal\u00f32","src":"https:\/\/i0.wp.com\/www.24baires.com\/wp-content\/uploads\/2013\/01\/cal%C3%B32-267x300.jpg?resize=350%2C200","width":350,"height":200},"classes":[]},{"id":23620,"url":"http:\/\/www.24baires.com\/?p=23620","url_meta":{"origin":64986,"position":5},"title":"El Gobierno anunci\u00f3 acuerdos paritarios del 24% con seis gremios","author":"AF","date":"15\/05\/2013","format":false,"excerpt":"El Gobierno anunci\u00f3 el acuerdo salarial alcanzado con seis gremios de distintas actividades, en el marco de la finalizaci\u00f3n de la negociaci\u00f3n paritaria, y luego de que la presidenta Cristina Fern\u00e1ndez de Kirchner recibiera tanto a los dirigentes gremiales como a los empresarios. Tomada formul\u00f3 el anunci\u00f3 desde Casa de\u2026","rel":"","context":"En \u00abEconom\u00eda\u00bb","block_context":{"text":"Econom\u00eda","link":"http:\/\/www.24baires.com\/?cat=45"},"img":{"alt_text":"","src":"","width":0,"height":0},"classes":[]}],"jetpack_sharing_enabled":true,"jetpack_likes_enabled":true,"jetpack_featured_media_url":"","_links":{"self":[{"href":"http:\/\/www.24baires.com\/index.php?rest_route=\/wp\/v2\/posts\/64986","targetHints":{"allow":["GET"]}}],"collection":[{"href":"http:\/\/www.24baires.com\/index.php?rest_route=\/wp\/v2\/posts"}],"about":[{"href":"http:\/\/www.24baires.com\/index.php?rest_route=\/wp\/v2\/types\/post"}],"author":[{"embeddable":true,"href":"http:\/\/www.24baires.com\/index.php?rest_route=\/wp\/v2\/users\/8"}],"replies":[{"embeddable":true,"href":"http:\/\/www.24baires.com\/index.php?rest_route=%2Fwp%2Fv2%2Fcomments&post=64986"}],"version-history":[{"count":1,"href":"http:\/\/www.24baires.com\/index.php?rest_route=\/wp\/v2\/posts\/64986\/revisions"}],"predecessor-version":[{"id":64987,"href":"http:\/\/www.24baires.com\/index.php?rest_route=\/wp\/v2\/posts\/64986\/revisions\/64987"}],"wp:attachment":[{"href":"http:\/\/www.24baires.com\/index.php?rest_route=%2Fwp%2Fv2%2Fmedia&parent=64986"}],"wp:term":[{"taxonomy":"category","embeddable":true,"href":"http:\/\/www.24baires.com\/index.php?rest_route=%2Fwp%2Fv2%2Fcategories&post=64986"},{"taxonomy":"post_tag","embeddable":true,"href":"http:\/\/www.24baires.com\/index.php?rest_route=%2Fwp%2Fv2%2Ftags&post=64986"}],"curies":[{"name":"wp","href":"https:\/\/api.w.org\/{rel}","templated":true}]}}