{"id":64933,"date":"2015-04-27T10:00:18","date_gmt":"2015-04-27T13:00:18","guid":{"rendered":"http:\/\/www.24baires.com\/?p=64933"},"modified":"2015-04-28T10:23:47","modified_gmt":"2015-04-28T13:23:47","slug":"anibal-fernandez-para-nada-estas-paso-son-un-golpe-para-el-gobierno-nacional","status":"publish","type":"post","link":"http:\/\/www.24baires.com\/?p=64933","title":{"rendered":"An\u00edbal Fern\u00e1ndez: \u201cPara nada estas PASO son un golpe para el Gobierno nacional\u201d"},"content":{"rendered":"<p><img data-recalc-dims=\"1\" loading=\"lazy\" decoding=\"async\" class=\"aligncenter size-full wp-image-5267\" src=\"https:\/\/i0.wp.com\/www.24baires.com\/wp-content\/uploads\/2012\/11\/fern%C3%A1ndez-an%C3%ADbal2.jpg?resize=560%2C361\" alt=\"fern\u00e1ndez an\u00edbal2\" width=\"560\" height=\"361\" srcset=\"https:\/\/i0.wp.com\/www.24baires.com\/wp-content\/uploads\/2012\/11\/fern%C3%A1ndez-an%C3%ADbal2.jpg?w=560 560w, https:\/\/i0.wp.com\/www.24baires.com\/wp-content\/uploads\/2012\/11\/fern%C3%A1ndez-an%C3%ADbal2.jpg?resize=300%2C193 300w\" sizes=\"auto, (max-width: 560px) 100vw, 560px\" \/>El jefe de Gabinete se refiri\u00f3 al resultado en las PASO porte\u00f1as en las que el FpV result\u00f3 tercero y dijo que Capital Federal \u201ces un escenario esquivo para el peronismo\u00bb. Adem\u00e1s, elogi\u00f3 la labor de Mariano Recalde, contundente ganador de la interna de esa fuerza.<!--more--><\/p>\n<p>En ese marco, Fern\u00e1ndez llam\u00f3 a la militancia del peronismo kirchnerista \u00aba trabajar con todas las fuerzas y conquistar el resto del electorado\u00bb para las elecciones generales porte\u00f1as, a realizarse el 5 de julio pr\u00f3ximo.<\/p>\n<p>\u00abSalvo casos excepcionales, los resultados han sido as\u00ed muchachos, siempre han sido as\u00ed para el peronismo y nosotros tenemos que encontrar la mejor forma para llegar a alcanzar otros objetivos. Creemos que Mariano Recalde es un brillante candidato para transitar ese camino y seguiremos trabajando con fuerza. Ac\u00e1 nadie baja los brazos\u00bb, dijo Fern\u00e1ndez.<\/p>\n<p>Al ingresar a la Casa de Gobierno y ante la insistencia period\u00edstica, el jefe de Gabinete dijo: \u00abYa est\u00e1n cerrados los n\u00fameros y es un tema cerrado muchachos. Los resultados los conocemos, ya no hay m\u00e1s para discutir. Es una discusi\u00f3n muy chiquitita la que queda con un resultado muy contundente: 47.3 por ciento sac\u00f3 el PRO; 22.2 ECO y 18.7 nosotros con el Frente para la Victoria (FPV). Este es el escenario planteado, hay que ponerse a trabajar con fuerza para conquistar el otro electorado\u00bb.<\/p>\n<p>Al ped\u00edrsele un balance sobre el resultado electoral de ayer, el funcionario dijo: \u00abuna jornada muy tranquila. De todos los 30 candidatos que compet\u00edan s\u00f3lo 5 llegar\u00e1n a las generales: Horacio Rodr\u00edguez Larreta, Mart\u00edn Lousteau, Mariano Recalde, Myriam Bregman y Luis Zamora\u00bb.<\/p>\n<p>Por otra parte -inform\u00f3- \u00aben el caso de Neuqu\u00e9n estamos ocupando el segundo lugar, donde hicimos una muy buena elecci\u00f3n. En Neuqu\u00e9n hemos salido segundos, en un territorio muy dif\u00edcil para el FPV, no hemos ganado en much\u00edsmos a\u00f1os all\u00ed&#8230;. Entonces el de ayer es un resultado muy importante para nosotros, salir segundos despu\u00e9s del Movimiento Popular Neuquino, es muy fuerte y disfrutamos de ese triunfo del peronismo kirchnerista\u00bb.<br \/>\nConsultado si hubo un apresuramiento en el anuncio del segundo puesto en la elecci\u00f3n porte\u00f1a, Fern\u00e1ndez reconoci\u00f3: \u00ablo que ocurri\u00f3 es que trabajamos con boca de urnas, hicimos proyecciones con esa metodolog\u00eda. Los boca de urna estuvieron equivocados y listo. No hay mucho m\u00e1s para hablar. La verdad es la \u00fanica realidad, los datos est\u00e1n ah\u00ed, los resultados est\u00e1n ah\u00ed y ahora hay que trabajar duro, muy duro para las generales\u00bb.<\/p>\n<p>\u00abNosotros vamos a trabajar para llegar al punto m\u00e1s alto y competir en el balotaje si es que conseguimos que el PRO, que sac\u00f3 47.3, no mantenga el r\u00edtmo y no obtenga el 50 por ciento de los votos. No estoy diciendo nada nuevo chicos, vamos a trabajar con todas nuestras fuerzas para conquistar todas las voluntades ciudadanas que le faltan al Frente para la Victoria\u00bb.<br \/>\nPara An\u00edbal Fern\u00e1ndez, \u00abeste no es un golpe para el Gobierno nacional.<br \/>\nNada que ver. Es una elecci\u00f3n esquiva y dif\u00edcil para nosotros en el Frente para la Victoria y cuando los datos que nos iban dando los boca de urna nos daban buenos resultados, nos \u00edbamos poniendo m\u00e1s contentos y esto es normal en una elecci\u00f3n, m\u00e1s con la posibilidad de poder estar segundos en un distrito como la ciudad de Buenos Aires\u00bb.<\/p>\n<p>Consultado sobre la elecci\u00f3n pasada, con mejores resultados para Daniel Filmus y los resultados obtenidos ayer por el kirchnerismo porte\u00f1o, el Jefe de Gabinete dijo: \u00abno, no, no es comparable. Aparecen nuevos escenarios pol\u00edticos y en esto no hay discusiones, Hubieron cosas positivas en otras elecciones y hubieron cosas muy positivas en \u00e9sta elecci\u00f3n que uno no puede sacarle m\u00e9ritos a nuestros candidatos\u00bb.<\/p>\n<p>\u00abNosotros -a\u00f1adi\u00f3- tenemos a un hombre como Recalde que es un excelente candidato. Hay que hacer una apuesta muy importante de aqu\u00ed hacia adelante hasta la elecci\u00f3n general y tratar de conquistar la mayor cantidad de votos\u00bb.<\/p>\n<p>Sobre la aparici\u00f3n de la figura de Mart\u00edn Lousteau en el escenario pol\u00edtico, Fern\u00e1ndez opin\u00f3: \u00ab\u00e9l representa a un sector que ya particip\u00f3 y que evidentemente result\u00f3 ser un buen candidato para el electorado porte\u00f1o\u00bb.<\/p>\n<p>Sobre una posible participaci\u00f3n de la presidenta Cristina Fern\u00e1ndez de Kirchner para apoyar a Recalde en las pr\u00f3ximas elecciones generales en la ciudad de Buenos Aires, respondi\u00f3: \u00abno. La Presidenta no ha manifestado la vocaci\u00f3n de participar de las elecciones y para las generales no lo s\u00e9, porque no me lo ha dicho a m\u00ed, entonces, no voy a inventar algo que no conozco\u00bb.<\/p>\n<p>Sobre los resultados obtenidos por el Frente Renovador (FR) y su candidato el economista Guillermo Nielsen, Fern\u00e1ndez opin\u00f3: \u00abY bueno no ha llegado&#8230;No es para mofarse de esas cosas. Se compite y cuando se compite se gana o se pierde, cuando se compite hay que tener identidad pol\u00edtica. Guillermo es un economista que conoce de muchas cosas; de esto no conoce, no se le puede pedir todo\u00bb.<\/p>\n<p>\u00abYo soy respetuoso con Guillermo que es lo que m\u00e1s me interesa. Compiti\u00f3, no le fue bien y punto, ya est\u00e1, la cosa est\u00e1 agotada\u00bb, dijo.<\/p>\n<p>Reiter\u00f3 la ponderaci\u00f3n al candidato del kirchnerismo, Mariano Recalde: \u00abes un compa\u00f1ero joven, muy nuevo y a mi juicio es una excelente promesa para lo que se tiene que venir desde nuestra visi\u00f3n de la pol\u00edtica. Lo siento de esta manera y creo que tiene, tenemos, que apostar fuertemente a esa tarea, en una ciudad que no es f\u00e1cil para nuestra fuerza pol\u00edtica y donde Mariano, el FPV, han hecho una excelente elecci\u00f3n\u00bb.<\/p>\n<p>\u00abYo tengo mucha fe y esperanzas en nuestra fuerza, despu\u00e9s salir primero, segundo, tercero son an\u00e9cdotas&#8230;Ahora, hoy y siempre seguiremos trabajando con fuerza para poder alcanzar la victoria en la ciudad de Buenos Aires, porque tenemos un excelente candidato y porque es una pelea que nos interesa y nos apasiona la pelea pol\u00edtica y que nos gustar\u00eda conducir el Gobierno de la Ciudad. Porque ac\u00e1 nadie baja los brazos, ojo, vamos a trabajar el doble\u00bb, exclam\u00f3.<\/p>\n","protected":false},"excerpt":{"rendered":"<p>El jefe de Gabinete se refiri\u00f3 al resultado en las PASO porte\u00f1as en las que el FpV result\u00f3 tercero y dijo que Capital Federal \u201ces un escenario esquivo para el peronismo\u00bb. Adem\u00e1s, elogi\u00f3 la labor de Mariano Recalde, contundente ganador de la interna de esa fuerza.<\/p>\n","protected":false},"author":4,"featured_media":0,"comment_status":"open","ping_status":"open","sticky":false,"template":"","format":"standard","meta":{"_jetpack_newsletter_access":"","_jetpack_dont_email_post_to_subs":false,"_jetpack_newsletter_tier_id":0,"_jetpack_memberships_contains_paywalled_content":false,"_jetpack_memberships_contains_paid_content":false,"footnotes":""},"categories":[51],"tags":[],"class_list":["post-64933","post","type-post","status-publish","format-standard","hentry","category-politica"],"jetpack_shortlink":"https:\/\/wp.me\/p2JWE0-gTj","jetpack-related-posts":[{"id":68642,"url":"http:\/\/www.24baires.com\/?p=68642","url_meta":{"origin":64933,"position":0},"title":"Recalde: \u201cEl FpV va seguir creciendo para profundizar este camino\u00bb","author":"GB","date":"05\/07\/2015","format":false,"excerpt":"El candidato a jefe de Gobierno por el FpV destac\u00f3 el resultado electoral y se\u00f1al\u00f3 que \u2013si bien- le hubiera gustado \u201ctener m\u00e1s tiempo para un balotaje distinto, esta la fuerza pol\u00edtica que muchos quer\u00edan dar por muerta va a seguir creciendo\u201d. El candidato a jefe de Gobierno porte\u00f1o del\u2026","rel":"","context":"En \u00abElecciones 2015\u00bb","block_context":{"text":"Elecciones 2015","link":"http:\/\/www.24baires.com\/?cat=74"},"img":{"alt_text":"mariano recalde","src":"https:\/\/i0.wp.com\/www.24baires.com\/wp-content\/uploads\/2015\/07\/mariano-recalde.jpg?resize=350%2C200","width":350,"height":200},"classes":[]},{"id":62810,"url":"http:\/\/www.24baires.com\/?p=62810","url_meta":{"origin":64933,"position":1},"title":"Para Recalde, el candidato del FPV es el proyecto","author":"Grupo Sierra","date":"08\/03\/2015","format":false,"excerpt":"El titular de Aerol\u00edneas Argentina y ahora precandidato a jefe de Gobierno porte\u00f1o, Mariano Recalde, asegur\u00f3 al presentarse -junto a otros candidatos al mismo cargo y a legisladores de la Ciudad de Buenos Aires- que \"el principal candidato es el modelo nacional y popular liderado por Cristina Fern\u00e1ndez de Kirchner\".\u2026","rel":"","context":"En \u00abElecciones 2015\u00bb","block_context":{"text":"Elecciones 2015","link":"http:\/\/www.24baires.com\/?cat=74"},"img":{"alt_text":"recalde","src":"https:\/\/i0.wp.com\/www.24baires.com\/wp-content\/uploads\/2014\/04\/recalde.jpg?resize=350%2C200","width":350,"height":200,"srcset":"https:\/\/i0.wp.com\/www.24baires.com\/wp-content\/uploads\/2014\/04\/recalde.jpg?resize=350%2C200 1x, https:\/\/i0.wp.com\/www.24baires.com\/wp-content\/uploads\/2014\/04\/recalde.jpg?resize=525%2C300 1.5x"},"classes":[]},{"id":43410,"url":"http:\/\/www.24baires.com\/?p=43410","url_meta":{"origin":64933,"position":2},"title":"Santa Mar\u00eda ya lidera el PJ porte\u00f1o y promete \u00abfortalecer el proyecto que conduce Cristina\u00bb","author":"Grupo Sierra","date":"06\/04\/2014","format":false,"excerpt":"El nuevo titular del PJ porte\u00f1o remarc\u00f3 que la fuerza pol\u00edtica que encabeza trabajar\u00e1 por fortalecer el proyecto nacional y popular\u201d que conduce Cristina Fern\u00e1ndez de Kirchner. Adem\u00e1s, agradeci\u00f3 \u201ca la juventud, y a todos lo que se suman a la vida partidaria\u201d el respaldo brindado en los comicios de\u2026","rel":"","context":"En \u00abPol\u00edtica\u00bb","block_context":{"text":"Pol\u00edtica","link":"http:\/\/www.24baires.com\/?cat=51"},"img":{"alt_text":"","src":"https:\/\/i0.wp.com\/www.24baires.com\/wp-content\/uploads\/2014\/04\/pj_porteno_15048.jpg?resize=350%2C200","width":350,"height":200,"srcset":"https:\/\/i0.wp.com\/www.24baires.com\/wp-content\/uploads\/2014\/04\/pj_porteno_15048.jpg?resize=350%2C200 1x, https:\/\/i0.wp.com\/www.24baires.com\/wp-content\/uploads\/2014\/04\/pj_porteno_15048.jpg?resize=525%2C300 1.5x"},"classes":[]},{"id":68270,"url":"http:\/\/www.24baires.com\/?p=68270","url_meta":{"origin":64933,"position":3},"title":"An\u00edbal Fern\u00e1ndez: lo de Xipolitakis \u00abestuvo todo atadito para perjudicar a Recalde\u201d","author":"AF","date":"29\/06\/2015","format":false,"excerpt":"An\u00edbal Fern\u00e1ndez consider\u00f3 que el episodio protagonizado por la vedette Xipolitakis en la cabina de un avi\u00f3n de Austral fue producto de una campa\u00f1a para perjudicar al presidente de Aerol\u00edneas y aspirante a jefe de Gobierno del FpV, a quien defini\u00f3 como \"un excelente candidato\u201d. En ese sentido, An\u00edbal Fern\u00e1ndez\u2026","rel":"","context":"En \u00abPol\u00edtica\u00bb","block_context":{"text":"Pol\u00edtica","link":"http:\/\/www.24baires.com\/?cat=51"},"img":{"alt_text":"anibal conferencia","src":"https:\/\/i0.wp.com\/www.24baires.com\/wp-content\/uploads\/2015\/04\/anibal-conferencia.jpg?resize=350%2C200","width":350,"height":200,"srcset":"https:\/\/i0.wp.com\/www.24baires.com\/wp-content\/uploads\/2015\/04\/anibal-conferencia.jpg?resize=350%2C200 1x, https:\/\/i0.wp.com\/www.24baires.com\/wp-content\/uploads\/2015\/04\/anibal-conferencia.jpg?resize=525%2C300 1.5x"},"classes":[]},{"id":68646,"url":"http:\/\/www.24baires.com\/?p=68646","url_meta":{"origin":64933,"position":4},"title":"An\u00edbal asegur\u00f3 que el PRO es un partido \u00abde la Ciudad, sin proyecci\u00f3n en otro lugar\u00bb","author":"AF","date":"06\/07\/2015","format":false,"excerpt":"El jefe de Gabinete destac\u00f3 hoy el desarrollo de los comicios de ayer en distintos distritos del pa\u00eds e insisti\u00f3 en que los proyectos pol\u00edticos de Horacio Rodr\u00edguez Larreta y de Mart\u00edn Lousteau \"son exactamente lo mismo\". Sobre las elecciones de ayer, el funcionario destac\u00f3 que \"tenemos la mejor de\u2026","rel":"","context":"En \u00abElecciones 2015\u00bb","block_context":{"text":"Elecciones 2015","link":"http:\/\/www.24baires.com\/?cat=74"},"img":{"alt_text":"anibal conferencia","src":"https:\/\/i0.wp.com\/www.24baires.com\/wp-content\/uploads\/2015\/04\/anibal-conferencia.jpg?resize=350%2C200","width":350,"height":200,"srcset":"https:\/\/i0.wp.com\/www.24baires.com\/wp-content\/uploads\/2015\/04\/anibal-conferencia.jpg?resize=350%2C200 1x, https:\/\/i0.wp.com\/www.24baires.com\/wp-content\/uploads\/2015\/04\/anibal-conferencia.jpg?resize=525%2C300 1.5x"},"classes":[]},{"id":63158,"url":"http:\/\/www.24baires.com\/?p=63158","url_meta":{"origin":64933,"position":5},"title":"Recalde: \u00abSomos una fuerza muy homog\u00e9nea, con una identidad clara\u00bb","author":"GB","date":"15\/03\/2015","format":false,"excerpt":"El precandidato a jefe de Gobierno porte\u00f1o por el FPV, Mariano Recalde, destac\u00f3 la \u201cdiversidad y pluralidad\u201d que compone al kirchnerismo local. \"Soy el que m\u00e1s fuerza tiene para darle pelea al macrismo\", agreg\u00f3. El precandidato a jefe de Gobierno porte\u00f1o por el Frente para la Victoria, Mariano Recalde destac\u00f3\u2026","rel":"","context":"En \u00abElecciones 2015\u00bb","block_context":{"text":"Elecciones 2015","link":"http:\/\/www.24baires.com\/?cat=74"},"img":{"alt_text":"cristina recalde avi\u00f3n aerol\u00edneas","src":"https:\/\/i0.wp.com\/www.24baires.com\/wp-content\/uploads\/2015\/03\/cristina-recalde-avi%C3%B3n-aerol%C3%ADneas.jpg?resize=350%2C200","width":350,"height":200,"srcset":"https:\/\/i0.wp.com\/www.24baires.com\/wp-content\/uploads\/2015\/03\/cristina-recalde-avi%C3%B3n-aerol%C3%ADneas.jpg?resize=350%2C200 1x, https:\/\/i0.wp.com\/www.24baires.com\/wp-content\/uploads\/2015\/03\/cristina-recalde-avi%C3%B3n-aerol%C3%ADneas.jpg?resize=525%2C300 1.5x"},"classes":[]}],"jetpack_sharing_enabled":true,"jetpack_likes_enabled":true,"jetpack_featured_media_url":"","_links":{"self":[{"href":"http:\/\/www.24baires.com\/index.php?rest_route=\/wp\/v2\/posts\/64933","targetHints":{"allow":["GET"]}}],"collection":[{"href":"http:\/\/www.24baires.com\/index.php?rest_route=\/wp\/v2\/posts"}],"about":[{"href":"http:\/\/www.24baires.com\/index.php?rest_route=\/wp\/v2\/types\/post"}],"author":[{"embeddable":true,"href":"http:\/\/www.24baires.com\/index.php?rest_route=\/wp\/v2\/users\/4"}],"replies":[{"embeddable":true,"href":"http:\/\/www.24baires.com\/index.php?rest_route=%2Fwp%2Fv2%2Fcomments&post=64933"}],"version-history":[{"count":1,"href":"http:\/\/www.24baires.com\/index.php?rest_route=\/wp\/v2\/posts\/64933\/revisions"}],"predecessor-version":[{"id":64934,"href":"http:\/\/www.24baires.com\/index.php?rest_route=\/wp\/v2\/posts\/64933\/revisions\/64934"}],"wp:attachment":[{"href":"http:\/\/www.24baires.com\/index.php?rest_route=%2Fwp%2Fv2%2Fmedia&parent=64933"}],"wp:term":[{"taxonomy":"category","embeddable":true,"href":"http:\/\/www.24baires.com\/index.php?rest_route=%2Fwp%2Fv2%2Fcategories&post=64933"},{"taxonomy":"post_tag","embeddable":true,"href":"http:\/\/www.24baires.com\/index.php?rest_route=%2Fwp%2Fv2%2Ftags&post=64933"}],"curies":[{"name":"wp","href":"https:\/\/api.w.org\/{rel}","templated":true}]}}