{"id":64892,"date":"2015-04-25T21:15:20","date_gmt":"2015-04-26T00:15:20","guid":{"rendered":"http:\/\/www.24baires.com\/?p=64892"},"modified":"2015-04-25T20:54:12","modified_gmt":"2015-04-25T23:54:12","slug":"aspiramos-a-crear-la-mayor-cantidad-posible-de-propietarios","status":"publish","type":"post","link":"http:\/\/www.24baires.com\/?p=64892","title":{"rendered":"\u00abAspiramos a crear la mayor cantidad posible de propietarios\u00bb"},"content":{"rendered":"<p><img data-recalc-dims=\"1\" loading=\"lazy\" decoding=\"async\" class=\"aligncenter size-full wp-image-61044\" src=\"https:\/\/i0.wp.com\/www.24baires.com\/wp-content\/uploads\/2015\/01\/procrear-anses.jpg?resize=560%2C420\" alt=\"procrear anses\" width=\"560\" height=\"420\" srcset=\"https:\/\/i0.wp.com\/www.24baires.com\/wp-content\/uploads\/2015\/01\/procrear-anses.jpg?w=560 560w, https:\/\/i0.wp.com\/www.24baires.com\/wp-content\/uploads\/2015\/01\/procrear-anses.jpg?resize=300%2C225 300w\" sizes=\"auto, (max-width: 560px) 100vw, 560px\" \/>Lo asegur\u00f3 el vicepresidente de la Agencia Administradora de Bienes del Estado (ABE) y del comit\u00e9 ejecutivo de Procrear, Mart\u00edn Reibel Maier.<!--more--><\/p>\n<p>El vicepresidente de la Agencia Administradora de Bienes del Estado (ABE) y del comit\u00e9 ejecutivo de Procrear, Mart\u00edn Reibel Maier, dijo este s\u00e1basdo que con los cr\u00e9ditos hipotecarios del plan aspiran a que haya \u00abla mayor cantidad posible de propietarios\u00bb y que \u00abtodos los sectores, sobre todo los medios y bajos, puedan acceder a la vivienda\u00bb.<\/p>\n<p>Desde Tandil, donde particip\u00f3 junto al titular de la ANSES, Diego Bossio, del sorteo de 490 viviendas Procrear en esa ciudad, el arquitecto Reibel Maier consider\u00f3 que \u00abcomo el caso de Tandil, donde hay viviendas de distinto dise\u00f1o, existe una operatoria en todo el pa\u00eds con 60 desarrollos distintos\u00bb.<\/p>\n<p>El funcionario consider\u00f3 que \u00aba partir de la decisi\u00f3n de la presidenta Cristina Fern\u00e1ndez de Kirchner de ordenar la normativa de los bienes del Estado y ponerlos al servicio de todos los argentinos con Procrear todos los sectores, sobre todo bajos y medios, pueden acceder a la vivienda\u00bb.<\/p>\n<p>\u00abLas tierras del Estado, que son la joya de la abuela, antes se vend\u00edan a los privados por pocos pesos y ahora est\u00e1n en valor y al servicio de todos los argentinos\u00bb, dijo.<\/p>\n<p>En ese sentido, Reibel Maier record\u00f3 que \u00abs\u00f3lo en la Ciudad de Buenos Aires en los emprendimientos de de Estacion Saenz, Estaci\u00f3n Buenos Aires, Liniers, Caballito y Palermo se construir\u00e1n cerca de 19 mil viviendas\u00bb.<\/p>\n<p>Seg\u00fan cont\u00f3 Maier, de estos 19 mil, 4 mil corresponder\u00e1n al Procrear modalidad sin terreno y comenzar\u00e1n a construirse a mediados de este a\u00f1o.<\/p>\n<p>\u00abPara nosotros es un orgullo poder llevar a cabo estas pol\u00edticas que sobre todo en Buenos Aires hace tiempo no se aplican\u00bb, dijo.<\/p>\n<p>\u00abEl Gobierno de la Ciudad propone que los porte\u00f1os sean inquilinos y nosotros apostamos por que haya la mayor cantidad de due\u00f1os posibles\u00bb, dijo.<\/p>\n<p>El Plan Procrear fue lanzado por el Gobierno Nacional y apunta a proyecta la entrega de 400 mil cr\u00e9ditos hipotecarios para la construcci\u00f3n, ampliaci\u00f3n, terminaci\u00f3n y refacci\u00f3n de viviendas, como as\u00ed tambi\u00e9n para adquirir aquellas que son construidas a trav\u00e9s de desarrollos urban\u00edsticos.<\/p>\n<p>&nbsp;<\/p>\n<p>&nbsp;<\/p>\n<p>&nbsp;<\/p>\n<p>&nbsp;<\/p>\n<p>&nbsp;<\/p>\n<p>&nbsp;<\/p>\n<p>&nbsp;<\/p>\n<p>&nbsp;<\/p>\n<p>&nbsp;<\/p>\n<p>&nbsp;<\/p>\n<p>&nbsp;<\/p>\n<p>&nbsp;<\/p>\n<p>&nbsp;<\/p>\n<p>&nbsp;<\/p>\n<p>&nbsp;<\/p>\n","protected":false},"excerpt":{"rendered":"<p>Lo asegur\u00f3 el vicepresidente de la Agencia Administradora de Bienes del Estado (ABE) y del comit\u00e9 ejecutivo de Procrear, Mart\u00edn Reibel Maier.<\/p>\n","protected":false},"author":8,"featured_media":0,"comment_status":"open","ping_status":"open","sticky":false,"template":"","format":"standard","meta":{"_jetpack_newsletter_access":"","_jetpack_dont_email_post_to_subs":false,"_jetpack_newsletter_tier_id":0,"_jetpack_memberships_contains_paywalled_content":false,"_jetpack_memberships_contains_paid_content":false,"footnotes":""},"categories":[51],"tags":[],"class_list":["post-64892","post","type-post","status-publish","format-standard","hentry","category-politica"],"jetpack_shortlink":"https:\/\/wp.me\/p2JWE0-gSE","jetpack-related-posts":[{"id":102428,"url":"http:\/\/www.24baires.com\/?p=102428","url_meta":{"origin":64892,"position":0},"title":"Tras la devaluaci\u00f3n, hay nuevos montos y condiciones para acceder al ProCreAr","author":"GB","date":"30\/05\/2018","format":false,"excerpt":"La crisis cambiaria hizo que los montos de las viviendas tasadas en d\u00f3lares experimentaran una suba y por este motivo el tope permitido de la unidad a adquirir para la \"l\u00ednea Compra\" pas\u00f3 a los $2,6 millones. Ante la crisis cambiaria, el Comit\u00e9 Ejecutivo de ProCreAr modific\u00f3 el monto m\u00e1ximo\u2026","rel":"","context":"En \u00abSociedad\u00bb","block_context":{"text":"Sociedad","link":"http:\/\/www.24baires.com\/?cat=1"},"img":{"alt_text":"","src":"https:\/\/i0.wp.com\/www.24baires.com\/wp-content\/uploads\/2018\/05\/procrear.jpg?resize=350%2C200","width":350,"height":200,"srcset":"https:\/\/i0.wp.com\/www.24baires.com\/wp-content\/uploads\/2018\/05\/procrear.jpg?resize=350%2C200 1x, https:\/\/i0.wp.com\/www.24baires.com\/wp-content\/uploads\/2018\/05\/procrear.jpg?resize=525%2C300 1.5x"},"classes":[]},{"id":116198,"url":"http:\/\/www.24baires.com\/?p=116198","url_meta":{"origin":64892,"position":1},"title":"Abri\u00f3 la inscripci\u00f3n para dos l\u00edneas de cr\u00e9ditos hipotecarios del Procrear","author":"AF","date":"11\/09\/2020","format":false,"excerpt":"Las l\u00edneas en cuesti\u00f3n son la denominada Construcci\u00f3n, que est\u00e1 destinada a la edificaci\u00f3n de viviendas de hasta 90 metros cuadrados en lotes del programa Procrear, municipal o propio. El Ministerio de Desarrollo Territorial abri\u00f3 hoy la inscripci\u00f3n a dos l\u00edneas de cr\u00e9ditos hipotecarios del Programa Cr\u00e9dito Argentino (Procrear), destinadas\u2026","rel":"","context":"En \u00abSociedad\u00bb","block_context":{"text":"Sociedad","link":"http:\/\/www.24baires.com\/?cat=1"},"img":{"alt_text":"","src":"https:\/\/i0.wp.com\/www.24baires.com\/wp-content\/uploads\/2017\/08\/procrear.jpg?resize=350%2C200","width":350,"height":200,"srcset":"https:\/\/i0.wp.com\/www.24baires.com\/wp-content\/uploads\/2017\/08\/procrear.jpg?resize=350%2C200 1x, https:\/\/i0.wp.com\/www.24baires.com\/wp-content\/uploads\/2017\/08\/procrear.jpg?resize=525%2C300 1.5x"},"classes":[]},{"id":115833,"url":"http:\/\/www.24baires.com\/?p=115833","url_meta":{"origin":64892,"position":2},"title":"El nuevo Procrear tendr\u00e1 l\u00edneas de cr\u00e9dito para construcci\u00f3n, refacci\u00f3n y ampliaci\u00f3n","author":"AF","date":"03\/08\/2020","format":false,"excerpt":"El programa apunta a facilitar el acceso a la vivienda y se complementar\u00e1 con el Plan Suelo, una iniciativa para promover la disponibilidad de lotes. Se construir\u00e1n 14 mil casas. Este martes ser\u00e1 el d\u00eda en el que el hist\u00f3rico Plan Procrear volver\u00e1 finalmente a estar vigente. As\u00ed lo indic\u00f3\u2026","rel":"","context":"En \u00abSociedad\u00bb","block_context":{"text":"Sociedad","link":"http:\/\/www.24baires.com\/?cat=1"},"img":{"alt_text":"","src":"https:\/\/i0.wp.com\/www.24baires.com\/wp-content\/uploads\/2018\/05\/procrear.jpg?resize=350%2C200","width":350,"height":200,"srcset":"https:\/\/i0.wp.com\/www.24baires.com\/wp-content\/uploads\/2018\/05\/procrear.jpg?resize=350%2C200 1x, https:\/\/i0.wp.com\/www.24baires.com\/wp-content\/uploads\/2018\/05\/procrear.jpg?resize=525%2C300 1.5x"},"classes":[]},{"id":120288,"url":"http:\/\/www.24baires.com\/?p=120288","url_meta":{"origin":64892,"position":3},"title":"Abren un nuevo sorteo Procrear II para m\u00e1s de 1.600 viviendas","author":"AF","date":"14\/07\/2023","format":false,"excerpt":"Las viviendas en el marco del nuevo sorteo Procrear est\u00e1n ubicados en las provincias de Buenos Aires, Chubut, C\u00f3rdoba, Santa Cruz, San Juan y Santa Fe. El Ministerio de Desarrollo Territorial y H\u00e1bitat que conduce Santiago Maggiotti anunci\u00f3 que el pr\u00f3ximo martes 18 de julio a las 15 horas se\u2026","rel":"","context":"En \u00abSociedad\u00bb","block_context":{"text":"Sociedad","link":"http:\/\/www.24baires.com\/?cat=1"},"img":{"alt_text":"","src":"https:\/\/i0.wp.com\/www.24baires.com\/wp-content\/uploads\/2017\/08\/procrear.jpg?resize=350%2C200","width":350,"height":200,"srcset":"https:\/\/i0.wp.com\/www.24baires.com\/wp-content\/uploads\/2017\/08\/procrear.jpg?resize=350%2C200 1x, https:\/\/i0.wp.com\/www.24baires.com\/wp-content\/uploads\/2017\/08\/procrear.jpg?resize=525%2C300 1.5x, https:\/\/i0.wp.com\/www.24baires.com\/wp-content\/uploads\/2017\/08\/procrear.jpg?resize=700%2C400 2x"},"classes":[]},{"id":115847,"url":"http:\/\/www.24baires.com\/?p=115847","url_meta":{"origin":64892,"position":4},"title":"As\u00ed ser\u00e1 el nuevo Procrear","author":"AF","date":"04\/08\/2020","format":false,"excerpt":"El nuevo Plan Procrear que anunci\u00f3 Alberto Fern\u00e1ndez este martes cuenta con 9 diferentes l\u00edneas de cr\u00e9dito: 4 personales (denominadas \"mejoramientos microcr\u00e9ditos\", \"mejoramientos refacci\u00f3n\", \"mejoramientos sustentables\" y \"mejoramientos gas\") y 5 hipotecarios (\"ampliaci\u00f3n\", \"construcci\u00f3n\", \"lotes con servicios\", \"desarrollos habitacionales\" y \"desarrollos urban\u00edsticos\"). Mediante estas 9 l\u00edneas, inform\u00f3 el Ministerio de\u2026","rel":"","context":"En \u00abSociedad\u00bb","block_context":{"text":"Sociedad","link":"http:\/\/www.24baires.com\/?cat=1"},"img":{"alt_text":"","src":"https:\/\/i0.wp.com\/www.24baires.com\/wp-content\/uploads\/2020\/08\/procrear-1.jpg?resize=350%2C200","width":350,"height":200,"srcset":"https:\/\/i0.wp.com\/www.24baires.com\/wp-content\/uploads\/2020\/08\/procrear-1.jpg?resize=350%2C200 1x, https:\/\/i0.wp.com\/www.24baires.com\/wp-content\/uploads\/2020\/08\/procrear-1.jpg?resize=525%2C300 1.5x"},"classes":[]},{"id":104841,"url":"http:\/\/www.24baires.com\/?p=104841","url_meta":{"origin":64892,"position":5},"title":"En medio de la recesi\u00f3n, Naci\u00f3n quiere relanzar Procrear","author":"GB","date":"09\/10\/2018","format":false,"excerpt":"Habr\u00e1 desgravaciones impositivas y facilidades para empresas constructoras. Adem\u00e1s se prev\u00e9 un alivio para los deudores de hipotecarios UVA Mauricio Macri prepara un anuncio destinado especialmente a la clase media. En los pr\u00f3ximos d\u00edas, el Presidente dispondr\u00e1 el relanzamiento del plan Procrear, una l\u00ednea de cr\u00e9ditos v\u00eda Anses y, al\u2026","rel":"","context":"En \u00abPol\u00edtica\u00bb","block_context":{"text":"Pol\u00edtica","link":"http:\/\/www.24baires.com\/?cat=51"},"img":{"alt_text":"","src":"https:\/\/i0.wp.com\/www.24baires.com\/wp-content\/uploads\/2015\/01\/procrear-anses.jpg?resize=350%2C200","width":350,"height":200,"srcset":"https:\/\/i0.wp.com\/www.24baires.com\/wp-content\/uploads\/2015\/01\/procrear-anses.jpg?resize=350%2C200 1x, https:\/\/i0.wp.com\/www.24baires.com\/wp-content\/uploads\/2015\/01\/procrear-anses.jpg?resize=525%2C300 1.5x"},"classes":[]}],"jetpack_sharing_enabled":true,"jetpack_likes_enabled":true,"jetpack_featured_media_url":"","_links":{"self":[{"href":"http:\/\/www.24baires.com\/index.php?rest_route=\/wp\/v2\/posts\/64892","targetHints":{"allow":["GET"]}}],"collection":[{"href":"http:\/\/www.24baires.com\/index.php?rest_route=\/wp\/v2\/posts"}],"about":[{"href":"http:\/\/www.24baires.com\/index.php?rest_route=\/wp\/v2\/types\/post"}],"author":[{"embeddable":true,"href":"http:\/\/www.24baires.com\/index.php?rest_route=\/wp\/v2\/users\/8"}],"replies":[{"embeddable":true,"href":"http:\/\/www.24baires.com\/index.php?rest_route=%2Fwp%2Fv2%2Fcomments&post=64892"}],"version-history":[{"count":1,"href":"http:\/\/www.24baires.com\/index.php?rest_route=\/wp\/v2\/posts\/64892\/revisions"}],"predecessor-version":[{"id":64893,"href":"http:\/\/www.24baires.com\/index.php?rest_route=\/wp\/v2\/posts\/64892\/revisions\/64893"}],"wp:attachment":[{"href":"http:\/\/www.24baires.com\/index.php?rest_route=%2Fwp%2Fv2%2Fmedia&parent=64892"}],"wp:term":[{"taxonomy":"category","embeddable":true,"href":"http:\/\/www.24baires.com\/index.php?rest_route=%2Fwp%2Fv2%2Fcategories&post=64892"},{"taxonomy":"post_tag","embeddable":true,"href":"http:\/\/www.24baires.com\/index.php?rest_route=%2Fwp%2Fv2%2Ftags&post=64892"}],"curies":[{"name":"wp","href":"https:\/\/api.w.org\/{rel}","templated":true}]}}