{"id":64795,"date":"2015-04-23T22:12:24","date_gmt":"2015-04-24T01:12:24","guid":{"rendered":"http:\/\/www.24baires.com\/?p=64795"},"modified":"2015-04-23T22:12:24","modified_gmt":"2015-04-24T01:12:24","slug":"que-el-verdadero-cambio-no-sea-volver-a-empezar-dijo-scioli","status":"publish","type":"post","link":"http:\/\/www.24baires.com\/?p=64795","title":{"rendered":"\u201cQue el verdadero cambio no sea volver a empezar\u201d, dijo Scioli"},"content":{"rendered":"<p><img data-recalc-dims=\"1\" loading=\"lazy\" decoding=\"async\" class=\"aligncenter size-full wp-image-52743\" src=\"https:\/\/i0.wp.com\/www.24baires.com\/wp-content\/uploads\/2014\/08\/scioli-saludo.jpg?resize=560%2C373\" alt=\"scioli saludo\" width=\"560\" height=\"373\" srcset=\"https:\/\/i0.wp.com\/www.24baires.com\/wp-content\/uploads\/2014\/08\/scioli-saludo.jpg?w=560 560w, https:\/\/i0.wp.com\/www.24baires.com\/wp-content\/uploads\/2014\/08\/scioli-saludo.jpg?resize=300%2C199 300w\" sizes=\"auto, (max-width: 560px) 100vw, 560px\" \/>El gobernador bonaerense, Daniel Scioli, pidi\u00f3 \u201cque el verdadero cambio no sea volver a empezar\u201d, en referencia a las elecciones presidenciales de octubre pr\u00f3ximo, y sostuvo que \u201ceste espacio pol\u00edtico fue el que m\u00e1s defendi\u00f3 a los trabajadores y a los m\u00e1s humildes, que son los que necesitaron la ayuda del Estado, y el que dio el mayor crecimiento del pa\u00eds en 200 a\u00f1os\u201d.<!--more--><\/p>\n<p>Al firmar en Mar del Plata un convenio de cooperaci\u00f3n del programa \u201cMar del Plata Creativa Digital\u201d para promover la formaci\u00f3n de j\u00f3venes en nuevas tecnolog\u00edas, Scioli dijo que \u201cmuchos van a venir a Mar del Plata a prometer\u201d, en referencia a la visita que har\u00e1 el Jefe de Gobierno porte\u00f1o Mauricio Macri a la ciudad balnearia el mi\u00e9rcoles pr\u00f3ximo, y se\u00f1al\u00f3 que \u201ctodo lo que prometimos lo hemos cumplido\u201d.<\/p>\n<p>El gobernador record\u00f3 que \u201caquel gran presidente al que tuve el gusto de acompa\u00f1ar, como lo fue N\u00e9stor Kirchner, fue el impulsor del cambio en la Argentina, que hizo una reconstrucci\u00f3n del tejido social, econ\u00f3mico y productivo\u201d y refiri\u00f3 que la Presidenta \u201cproyecta ahora el desarrollo del pa\u00eds, con un proceso de industrializaci\u00f3n\u201d.<\/p>\n<p>\u201cSe aument\u00f3 la competitividad y la productividad, y se potenci\u00f3 el turismo, gracias a la movilidad social ascendente\u201d, indic\u00f3 Scioli, y resalt\u00f3 que la Argentina \u201ces un pa\u00eds desendeudado, que lleg\u00f3 a acuerdos estrat\u00e9gicos en el mundo, como con China y Rusia, para mayores inversiones, financiamiento, infraestructura y matriz productiva\u201d.<\/p>\n<p>El mandatario provincial se refiri\u00f3 a la inseguridad y remarc\u00f3 que \u201cse combate con inclusi\u00f3n\u201d y ejemplific\u00f3 que \u201clos chicos tienen muchas posibilidades de desarrollo personal y profesional con estas carreras inform\u00e1ticas\u201d.<\/p>\n<p>En ese marco record\u00f3 que la Presidenta \u201chizo una pol\u00edtica de Estado con la ciencia y la tecnolog\u00eda, y cre\u00f3 un ministerio al respecto, con por ejemplo un r\u00e9gimen de promoci\u00f3n para la industria del software\u201d.<\/p>\n<p>Por su parte el intendente de General Pueyrred\u00f3n, Gustavo Pulti, referenci\u00f3 que \u201chubo en la ciudad un momento distinto, con un 25 por ciento de desocupaci\u00f3n, con filas en los consulados de Italia y Espa\u00f1a para irse del pa\u00eds y con 50.000 marplatenses en Mallorca\u201d y destac\u00f3 que \u201cel pa\u00eds tuvo un cambio en 2003 con N\u00e9stor Kirchner y profundizado con Cristina Fern\u00e1ndez de Kirchner, que defendieron el trabajo nacional, el mercado interno y el modelo industrial\u201d.<\/p>\n<p>Pulti inform\u00f3 que Mar del Plata \u201cconstruir\u00e1 la primera escuela de artes y oficios digitales del pa\u00eds\u201d y expres\u00f3 que \u201cel Estado tiene que ense\u00f1ar, porque abre caminos\u201d, y sobre la firma del convenio se\u00f1al\u00f3 que \u201ceste convenio es parte de lo que podemos hacer juntos si este amigo de Mar del plata como lo es Scioli es el presidente de la Argentina\u201d, en un claro apoyo a su candidatura.<\/p>\n<p>En ese marco el jefe comunal acot\u00f3 que Scioli \u201cfue leal con quienes fueron leales con \u00e9l, nunca traicion\u00f3 y nunca cambi\u00f3 de vereda, cuando vemos a muchos saltando de vereda en vereda\u201d.<\/p>\n<p>&nbsp;<\/p>\n<p>&nbsp;<\/p>\n<p>&nbsp;<\/p>\n<p>&nbsp;<\/p>\n<p>&nbsp;<\/p>\n<p>&nbsp;<\/p>\n<p>&nbsp;<\/p>\n<p>&nbsp;<\/p>\n<p>&nbsp;<\/p>\n<p>&nbsp;<\/p>\n<p>&nbsp;<\/p>\n<p>&nbsp;<\/p>\n","protected":false},"excerpt":{"rendered":"<p>El gobernador bonaerense, Daniel Scioli, pidi\u00f3 \u201cque el verdadero cambio no sea volver a empezar\u201d, en referencia a las elecciones presidenciales de octubre pr\u00f3ximo, y sostuvo que \u201ceste espacio pol\u00edtico fue el que m\u00e1s defendi\u00f3 a los trabajadores y a los m\u00e1s humildes, que son los que necesitaron la ayuda del Estado, y el que dio el mayor crecimiento del [&#8230;]<\/p>\n","protected":false},"author":8,"featured_media":0,"comment_status":"open","ping_status":"open","sticky":false,"template":"","format":"standard","meta":{"_jetpack_newsletter_access":"","_jetpack_dont_email_post_to_subs":false,"_jetpack_newsletter_tier_id":0,"_jetpack_memberships_contains_paywalled_content":false,"_jetpack_memberships_contains_paid_content":false,"footnotes":""},"categories":[51],"tags":[],"class_list":["post-64795","post","type-post","status-publish","format-standard","hentry","category-politica"],"jetpack_shortlink":"https:\/\/wp.me\/p2JWE0-gR5","jetpack-related-posts":[{"id":108387,"url":"http:\/\/www.24baires.com\/?p=108387","url_meta":{"origin":64795,"position":0},"title":"Scioli ratific\u00f3 su candidatura presidencial","author":"GB","date":"25\/05\/2019","format":false,"excerpt":"El exgobernador de la Provincia de Buenos Aires particip\u00f3 del Congreso Educativo de Ajedrez que se realiz\u00f3 en la ciudad balnearia y manifest\u00f3 sus deseos de ser el primer mandatario del pa\u00eds despu\u00e9s del 10 de diciembre, sin embargo aclar\u00f3: \u201cVer\u00e9 como peronista en qu\u00e9 lugar puedo hacer mi mayor\u2026","rel":"","context":"En \u00abPol\u00edtica\u00bb","block_context":{"text":"Pol\u00edtica","link":"http:\/\/www.24baires.com\/?cat=51"},"img":{"alt_text":"","src":"https:\/\/i0.wp.com\/www.24baires.com\/wp-content\/uploads\/2019\/05\/scioli-mar-del.jpg?resize=350%2C200","width":350,"height":200,"srcset":"https:\/\/i0.wp.com\/www.24baires.com\/wp-content\/uploads\/2019\/05\/scioli-mar-del.jpg?resize=350%2C200 1x, https:\/\/i0.wp.com\/www.24baires.com\/wp-content\/uploads\/2019\/05\/scioli-mar-del.jpg?resize=525%2C300 1.5x"},"classes":[]},{"id":102717,"url":"http:\/\/www.24baires.com\/?p=102717","url_meta":{"origin":64795,"position":1},"title":"Stolbizer: \u00abLa gesti\u00f3n de Vidal es tan mala como la de Scioli\u00bb","author":"GB","date":"13\/06\/2018","format":false,"excerpt":"La l\u00edder del GEN endureci\u00f3 su discurso contra la Gobernadora y afirm\u00f3 que \"no puede mostrar avances\" en educaci\u00f3n, salud y seguridad. Margarita Stolbizer abandon\u00f3 el discurso conciliador con Mar\u00eda Eugenia Vidal y afirm\u00f3 que su gesti\u00f3n \"es tan mala\" como la de su antecesor Daniel Scioli. Durante una visita\u2026","rel":"","context":"En \u00abPol\u00edtica\u00bb","block_context":{"text":"Pol\u00edtica","link":"http:\/\/www.24baires.com\/?cat=51"},"img":{"alt_text":"","src":"https:\/\/i0.wp.com\/www.24baires.com\/wp-content\/uploads\/2016\/08\/vidal-stolbizer.jpg?resize=350%2C200","width":350,"height":200,"srcset":"https:\/\/i0.wp.com\/www.24baires.com\/wp-content\/uploads\/2016\/08\/vidal-stolbizer.jpg?resize=350%2C200 1x, https:\/\/i0.wp.com\/www.24baires.com\/wp-content\/uploads\/2016\/08\/vidal-stolbizer.jpg?resize=525%2C300 1.5x"},"classes":[]},{"id":101122,"url":"http:\/\/www.24baires.com\/?p=101122","url_meta":{"origin":64795,"position":2},"title":"Indagar\u00e1n a Scioli por irregularidades en la construcci\u00f3n de las UPA 24","author":"AF","date":"17\/03\/2018","format":false,"excerpt":"El ex gobernador Daniel Scioli y quien fuera su ministro de Salud, Alejandro Collia, fueron imputados y citados a prestar declaraci\u00f3n indagatoria en el marco de una causa que investiga presuntas irregularidades en la adjudicaci\u00f3n de ocho Unidades de Pronta Atenci\u00f3n (UPA 24) para las que se destinaron m\u00e1s de\u2026","rel":"","context":"En \u00abJUDICIALES\u00bb","block_context":{"text":"JUDICIALES","link":"http:\/\/www.24baires.com\/?cat=68"},"img":{"alt_text":"","src":"https:\/\/i0.wp.com\/www.24baires.com\/wp-content\/uploads\/2014\/05\/Daniel-Scioli.jpg?resize=350%2C200","width":350,"height":200,"srcset":"https:\/\/i0.wp.com\/www.24baires.com\/wp-content\/uploads\/2014\/05\/Daniel-Scioli.jpg?resize=350%2C200 1x, https:\/\/i0.wp.com\/www.24baires.com\/wp-content\/uploads\/2014\/05\/Daniel-Scioli.jpg?resize=525%2C300 1.5x"},"classes":[]},{"id":105389,"url":"http:\/\/www.24baires.com\/?p=105389","url_meta":{"origin":64795,"position":3},"title":"Vidal prometi\u00f3 \u00abnueva propuesta\u00bb a docentes","author":"GB","date":"12\/11\/2018","format":false,"excerpt":"La gobernadora Mar\u00eda Eugenia Vidal asegur\u00f3 hoy que convocar\u00e1 a los gremios docentes antes de fin de a\u00f1o para hacerles una \"nueva propuesta\". Apunt\u00f3 contra la industria del juego y volvi\u00f3 a negar posible candidatura a presidenta. \"Vamos a volver a convocar a los docentes antes de fin de aa\u00f1o\u2026","rel":"","context":"En \u00abProvincia\u00bb","block_context":{"text":"Provincia","link":"http:\/\/www.24baires.com\/?cat=40"},"img":{"alt_text":"","src":"https:\/\/i0.wp.com\/www.24baires.com\/wp-content\/uploads\/2018\/03\/vidal-1.jpg?resize=350%2C200","width":350,"height":200,"srcset":"https:\/\/i0.wp.com\/www.24baires.com\/wp-content\/uploads\/2018\/03\/vidal-1.jpg?resize=350%2C200 1x, https:\/\/i0.wp.com\/www.24baires.com\/wp-content\/uploads\/2018\/03\/vidal-1.jpg?resize=525%2C300 1.5x"},"classes":[]},{"id":120181,"url":"http:\/\/www.24baires.com\/?p=120181","url_meta":{"origin":64795,"position":4},"title":"El Frente de Todos pasa a llamarse \u00abUni\u00f3n por la Patria\u00bb","author":"AF","date":"14\/06\/2023","format":false,"excerpt":"Los distintos sectores que componen el frente oficialista mantienen reuniones para definir, entre otras cosas, la constituci\u00f3n de su junta partidaria y el reglamento electoral que fijar\u00e1 pisos y porcentajes para la integraci\u00f3n de listas. El Frente de Todos (FdT) se llamar\u00e1 Uni\u00f3n por la Patria (UxP) en las pr\u00f3ximas\u2026","rel":"","context":"En \u00abPol\u00edtica\u00bb","block_context":{"text":"Pol\u00edtica","link":"http:\/\/www.24baires.com\/?cat=51"},"img":{"alt_text":"","src":"https:\/\/i0.wp.com\/www.24baires.com\/wp-content\/uploads\/2023\/06\/cfk-25-5.png?resize=350%2C200","width":350,"height":200,"srcset":"https:\/\/i0.wp.com\/www.24baires.com\/wp-content\/uploads\/2023\/06\/cfk-25-5.png?resize=350%2C200 1x, https:\/\/i0.wp.com\/www.24baires.com\/wp-content\/uploads\/2023\/06\/cfk-25-5.png?resize=525%2C300 1.5x, https:\/\/i0.wp.com\/www.24baires.com\/wp-content\/uploads\/2023\/06\/cfk-25-5.png?resize=700%2C400 2x, https:\/\/i0.wp.com\/www.24baires.com\/wp-content\/uploads\/2023\/06\/cfk-25-5.png?resize=1050%2C600 3x"},"classes":[]},{"id":54746,"url":"http:\/\/www.24baires.com\/?p=54746","url_meta":{"origin":64795,"position":5},"title":"Scioli quiere \u00abacompa\u00f1ar a Cristina\u00bb ante los fondos buitre","author":"Grupo Sierra","date":"03\/10\/2014","format":false,"excerpt":"El gobernador de la provincia de Buenos Aires, Daniel Scioli, plante\u00f3 hoy la necesidad de \"respaldar a La Presidenta en la batalla que est\u00e1 dando\" contra los fondos buitre \"para dejar a la Argentina desendeudada\". En el marco del Congreso de Infraestructura para la Producci\u00f3n, que se desarroll\u00f3 en el\u2026","rel":"","context":"En \u00abPol\u00edtica\u00bb","block_context":{"text":"Pol\u00edtica","link":"http:\/\/www.24baires.com\/?cat=51"},"img":{"alt_text":"Cristina y Scioli","src":"https:\/\/i0.wp.com\/www.24baires.com\/wp-content\/uploads\/2014\/03\/Cristina-y-Scioli.jpg?resize=350%2C200","width":350,"height":200,"srcset":"https:\/\/i0.wp.com\/www.24baires.com\/wp-content\/uploads\/2014\/03\/Cristina-y-Scioli.jpg?resize=350%2C200 1x, https:\/\/i0.wp.com\/www.24baires.com\/wp-content\/uploads\/2014\/03\/Cristina-y-Scioli.jpg?resize=525%2C300 1.5x"},"classes":[]}],"jetpack_sharing_enabled":true,"jetpack_likes_enabled":true,"jetpack_featured_media_url":"","_links":{"self":[{"href":"http:\/\/www.24baires.com\/index.php?rest_route=\/wp\/v2\/posts\/64795","targetHints":{"allow":["GET"]}}],"collection":[{"href":"http:\/\/www.24baires.com\/index.php?rest_route=\/wp\/v2\/posts"}],"about":[{"href":"http:\/\/www.24baires.com\/index.php?rest_route=\/wp\/v2\/types\/post"}],"author":[{"embeddable":true,"href":"http:\/\/www.24baires.com\/index.php?rest_route=\/wp\/v2\/users\/8"}],"replies":[{"embeddable":true,"href":"http:\/\/www.24baires.com\/index.php?rest_route=%2Fwp%2Fv2%2Fcomments&post=64795"}],"version-history":[{"count":1,"href":"http:\/\/www.24baires.com\/index.php?rest_route=\/wp\/v2\/posts\/64795\/revisions"}],"predecessor-version":[{"id":64796,"href":"http:\/\/www.24baires.com\/index.php?rest_route=\/wp\/v2\/posts\/64795\/revisions\/64796"}],"wp:attachment":[{"href":"http:\/\/www.24baires.com\/index.php?rest_route=%2Fwp%2Fv2%2Fmedia&parent=64795"}],"wp:term":[{"taxonomy":"category","embeddable":true,"href":"http:\/\/www.24baires.com\/index.php?rest_route=%2Fwp%2Fv2%2Fcategories&post=64795"},{"taxonomy":"post_tag","embeddable":true,"href":"http:\/\/www.24baires.com\/index.php?rest_route=%2Fwp%2Fv2%2Ftags&post=64795"}],"curies":[{"name":"wp","href":"https:\/\/api.w.org\/{rel}","templated":true}]}}