{"id":64775,"date":"2015-04-23T19:10:03","date_gmt":"2015-04-23T22:10:03","guid":{"rendered":"http:\/\/www.24baires.com\/?p=64775"},"modified":"2015-04-23T19:10:03","modified_gmt":"2015-04-23T22:10:03","slug":"filmus-destaco-el-apoyo-de-rusia-por-malvinas","status":"publish","type":"post","link":"http:\/\/www.24baires.com\/?p=64775","title":{"rendered":"Filmus destac\u00f3 \u00abel apoyo de Rusia por Malvinas\u00bb"},"content":{"rendered":"<p><img data-recalc-dims=\"1\" loading=\"lazy\" decoding=\"async\" class=\"aligncenter size-full wp-image-37172\" src=\"https:\/\/i0.wp.com\/www.24baires.com\/wp-content\/uploads\/2013\/12\/daniel-filmus.jpg?resize=560%2C337\" alt=\"daniel-filmus\" width=\"560\" height=\"337\" srcset=\"https:\/\/i0.wp.com\/www.24baires.com\/wp-content\/uploads\/2013\/12\/daniel-filmus.jpg?w=560 560w, https:\/\/i0.wp.com\/www.24baires.com\/wp-content\/uploads\/2013\/12\/daniel-filmus.jpg?resize=300%2C180 300w\" sizes=\"auto, (max-width: 560px) 100vw, 560px\" \/>El secretario de Asuntos Relativos a las Islas Malvinas, Daniel Filmus, consider\u00f3 hoy que \u201cel apoyo expresado hoy por Rusia en la Cuesti\u00f3n Malvinas durante la visita a Mosc\u00fa de la Presidenta de la Rep\u00fablica Argentina, Cristina Fern\u00e1ndez de Kirchner, es otro claro ejemplo de que esta es una causa global, porque es la comunidad internacional en su conjunto la que llama reiteradamente al di\u00e1logo para solucionar la disputa de soberan\u00eda\u201d.<!--more--><\/p>\n<p>\u201cEs muy trascendente que una naci\u00f3n de la importancia de Rusia haya reiterado su hist\u00f3rico respaldo a nuestro pa\u00eds por Malvinas y reclamado que se cumpla con lo establecido hace 50 a\u00f1os por las Naciones Unidas a trav\u00e9s de la Resoluci\u00f3n 2065, que reconoci\u00f3 la existencia de la disputa de soberan\u00eda sobre las Islas Malvinas entre la Argentina y el Reino Unido y llama a su soluci\u00f3n mediante negociaciones diplom\u00e1ticas entre las dos partes\u201d, se\u00f1al\u00f3 el funcionario mediante un comunicado de prensa.<\/p>\n<p>Adem\u00e1s, Filmus remarc\u00f3 que \u201cexiste un gran n\u00famero de resoluciones y declaraciones que convocan a solucionar esta cuesti\u00f3n a trav\u00e9s del di\u00e1logo y la paz, y no s\u00f3lo de las Naciones Unidas, sino de la Organizaci\u00f3n de Estados Americanos (OEA), el MERCOSUR, la UNASUR, la CELAC, el Sistema de Integraci\u00f3n Centroamericano, las Cumbres Iberoamericanas, las Cumbres de Am\u00e9rica del Sur con Pa\u00edses \u00c1rabes, las Cumbres de Am\u00e9rica del Sur y \u00c1frica y el Grupo de los 77 m\u00e1s China (133 pa\u00edses), entre otros\u201d.<\/p>\n<p>Por otra parte, Filmus puso de relieve \u201cla trascendencia de que los presidentes de Argentina y Rusia hayan se\u00f1alado la inadmisibilidad de la militarizaci\u00f3n del Atl\u00e1ntico Sur en momentos en que las autoridades brit\u00e1nicas acaban de anunciar que incrementar\u00e1n sensiblemente su inversi\u00f3n en armamentos con destino a Malvinas con el injustificado e inveros\u00edmil argumento de que Argentina significa \u2018una amenaza muy viva\u2019 de una agresi\u00f3n armada en las Islas\u201d.<\/p>\n<p>&nbsp;<\/p>\n<p>&nbsp;<\/p>\n<p>&nbsp;<\/p>\n<p>&nbsp;<\/p>\n<p>&nbsp;<\/p>\n<p>&nbsp;<\/p>\n<p>&nbsp;<\/p>\n<p>&nbsp;<\/p>\n<p>&nbsp;<\/p>\n<p>&nbsp;<\/p>\n<p>&nbsp;<\/p>\n<p>&nbsp;<\/p>\n<p>&nbsp;<\/p>\n<p>&nbsp;<\/p>\n<p>&nbsp;<\/p>\n<p>&nbsp;<\/p>\n<p>&nbsp;<\/p>\n<p>&nbsp;<\/p>\n","protected":false},"excerpt":{"rendered":"<p>El secretario de Asuntos Relativos a las Islas Malvinas, Daniel Filmus, consider\u00f3 hoy que \u201cel apoyo expresado hoy por Rusia en la Cuesti\u00f3n Malvinas durante la visita a Mosc\u00fa de la Presidenta de la Rep\u00fablica Argentina, Cristina Fern\u00e1ndez de Kirchner, es otro claro ejemplo de que esta es una causa global, porque es la comunidad internacional en su conjunto la [&#8230;]<\/p>\n","protected":false},"author":8,"featured_media":0,"comment_status":"open","ping_status":"open","sticky":false,"template":"","format":"standard","meta":{"_jetpack_newsletter_access":"","_jetpack_dont_email_post_to_subs":false,"_jetpack_newsletter_tier_id":0,"_jetpack_memberships_contains_paywalled_content":false,"_jetpack_memberships_contains_paid_content":false,"footnotes":""},"categories":[51],"tags":[],"class_list":["post-64775","post","type-post","status-publish","format-standard","hentry","category-politica"],"jetpack_shortlink":"https:\/\/wp.me\/p2JWE0-gQL","jetpack-related-posts":[{"id":119005,"url":"http:\/\/www.24baires.com\/?p=119005","url_meta":{"origin":64775,"position":0},"title":"Cafiero pidi\u00f3 al Reino Unido retomar las negociaciones por la soberan\u00eda sobre Malvinas","author":"AF","date":"23\/06\/2022","format":false,"excerpt":"Durante su exposici\u00f3n en la Sesi\u00f3n Especial del Comit\u00e9 de Descolonizaci\u00f3n de la Organizaci\u00f3n de las Naciones Unidas, el Canciller le dijo adem\u00e1s que \"es momento\" de que \"deje en las p\u00e1ginas de la historia su ejercicio de potencia colonial\". El canciller Santiago Cafiero pidi\u00f3 que el Reino Unido \"no\u2026","rel":"","context":"En \u00abInternacionales\u00bb","block_context":{"text":"Internacionales","link":"http:\/\/www.24baires.com\/?cat=73"},"img":{"alt_text":"","src":"https:\/\/i0.wp.com\/www.24baires.com\/wp-content\/uploads\/2022\/06\/cafiero.jpg?resize=350%2C200","width":350,"height":200,"srcset":"https:\/\/i0.wp.com\/www.24baires.com\/wp-content\/uploads\/2022\/06\/cafiero.jpg?resize=350%2C200 1x, https:\/\/i0.wp.com\/www.24baires.com\/wp-content\/uploads\/2022\/06\/cafiero.jpg?resize=525%2C300 1.5x, https:\/\/i0.wp.com\/www.24baires.com\/wp-content\/uploads\/2022\/06\/cafiero.jpg?resize=700%2C400 2x"},"classes":[]},{"id":119690,"url":"http:\/\/www.24baires.com\/?p=119690","url_meta":{"origin":64775,"position":1},"title":"Fern\u00e1ndez asegur\u00f3 que la usurpaci\u00f3n de Malvinas \u00abdeber\u00eda avergonzar a todo el mundo\u00bb","author":"AF","date":"03\/01\/2023","format":false,"excerpt":"El Presidente encabez\u00f3 la inauguraci\u00f3n, junto al ministro de Defensa, Jorge Taiana, de un monumento conmemorativo de las Malvinas construido por el Astillero Tandanor frente al Edificio Libertador. El presidente Alberto Fern\u00e1ndez advirti\u00f3 hoy que la usurpaci\u00f3n de las Islas Malvinas por parte del Reino Unido \"deber\u00eda avergonzar a todo\u2026","rel":"","context":"En \u00abSociedad\u00bb","block_context":{"text":"Sociedad","link":"http:\/\/www.24baires.com\/?cat=1"},"img":{"alt_text":"","src":"https:\/\/i0.wp.com\/www.24baires.com\/wp-content\/uploads\/2023\/01\/malvinas.jpg?resize=350%2C200","width":350,"height":200,"srcset":"https:\/\/i0.wp.com\/www.24baires.com\/wp-content\/uploads\/2023\/01\/malvinas.jpg?resize=350%2C200 1x, https:\/\/i0.wp.com\/www.24baires.com\/wp-content\/uploads\/2023\/01\/malvinas.jpg?resize=525%2C300 1.5x, https:\/\/i0.wp.com\/www.24baires.com\/wp-content\/uploads\/2023\/01\/malvinas.jpg?resize=700%2C400 2x, https:\/\/i0.wp.com\/www.24baires.com\/wp-content\/uploads\/2023\/01\/malvinas.jpg?resize=1050%2C600 3x"},"classes":[]},{"id":113006,"url":"http:\/\/www.24baires.com\/?p=113006","url_meta":{"origin":64775,"position":2},"title":"Imputaron a Macri por ceder soberan\u00eda en las Islas Malvinas","author":"AF","date":"14\/11\/2019","format":false,"excerpt":"El fiscal Jorge Di Lello impuls\u00f3 la investigaci\u00f3n por la autorizaci\u00f3n de vuelos al archipi\u00e9lago y la exploraci\u00f3n petrolera por parte de empresas extranjeras. El fiscal federal Jorge Di Lello inici\u00f3 una investigaci\u00f3n contra Mauricio Macri y un pu\u00f1ado de sus funcionarios por ceder soberan\u00eda en las islas Malvinas. Como\u2026","rel":"","context":"En \u00abJUDICIALES\u00bb","block_context":{"text":"JUDICIALES","link":"http:\/\/www.24baires.com\/?cat=68"},"img":{"alt_text":"","src":"https:\/\/i0.wp.com\/www.24baires.com\/wp-content\/uploads\/2018\/09\/macri.jpg?resize=350%2C200","width":350,"height":200,"srcset":"https:\/\/i0.wp.com\/www.24baires.com\/wp-content\/uploads\/2018\/09\/macri.jpg?resize=350%2C200 1x, https:\/\/i0.wp.com\/www.24baires.com\/wp-content\/uploads\/2018\/09\/macri.jpg?resize=525%2C300 1.5x"},"classes":[]},{"id":80927,"url":"http:\/\/www.24baires.com\/?p=80927","url_meta":{"origin":64775,"position":3},"title":"Filmus: \u00abEcharon a todos los que trabajaban en la Secretar\u00eda de Malvinas\u00bb","author":"GB","date":"03\/04\/2016","format":false,"excerpt":"El diputado del Parlasur y ex secretario de Asuntos Relativos a Malvinas dialog\u00f3 con Pol\u00edtica Argentina, rememor\u00f3 el aniversario de la guerra de Malvinas y dispar\u00f3 contra Cambiemos: \"A pesar de la sonrisa de Macri, Cameron le dijo que no iba a tocar el tema Malvinas\". El diputado nacional del\u2026","rel":"","context":"En \u00abPol\u00edtica\u00bb","block_context":{"text":"Pol\u00edtica","link":"http:\/\/www.24baires.com\/?cat=51"},"img":{"alt_text":"daniel-filmus","src":"https:\/\/i0.wp.com\/www.24baires.com\/wp-content\/uploads\/2013\/12\/daniel-filmus.jpg?resize=350%2C200","width":350,"height":200,"srcset":"https:\/\/i0.wp.com\/www.24baires.com\/wp-content\/uploads\/2013\/12\/daniel-filmus.jpg?resize=350%2C200 1x, https:\/\/i0.wp.com\/www.24baires.com\/wp-content\/uploads\/2013\/12\/daniel-filmus.jpg?resize=525%2C300 1.5x"},"classes":[]},{"id":56884,"url":"http:\/\/www.24baires.com\/?p=56884","url_meta":{"origin":64775,"position":4},"title":"Timerman asegur\u00f3 que la causa Malvinas \u00abes una cuesti\u00f3n regional\u00bb","author":"GB","date":"10\/11\/2014","format":false,"excerpt":"El canciller asegur\u00f3 al participar en la sesi\u00f3n extraordinaria del Parlamento del Mercosur que \"cuando la corona brit\u00e1nica ocup\u00f3 las islas lo hizo para controlar el \u00fanico paso natural entre el Pac\u00edfico y el Atl\u00e1ntico\". \"Cuando la corona brit\u00e1nica ocup\u00f3 las Islas Malvinas a sabiendas de que no tenia t\u00edtulo\u2026","rel":"","context":"En \u00abPol\u00edtica\u00bb","block_context":{"text":"Pol\u00edtica","link":"http:\/\/www.24baires.com\/?cat=51"},"img":{"alt_text":"timerman","src":"https:\/\/i0.wp.com\/www.24baires.com\/wp-content\/uploads\/2014\/08\/timerman.jpg?resize=350%2C200","width":350,"height":200,"srcset":"https:\/\/i0.wp.com\/www.24baires.com\/wp-content\/uploads\/2014\/08\/timerman.jpg?resize=350%2C200 1x, https:\/\/i0.wp.com\/www.24baires.com\/wp-content\/uploads\/2014\/08\/timerman.jpg?resize=525%2C300 1.5x"},"classes":[]},{"id":112214,"url":"http:\/\/www.24baires.com\/?p=112214","url_meta":{"origin":64775,"position":5},"title":"Denuncian a Macri y a varios ministros por \u00abtraici\u00f3n a la patria\u00bb","author":"GB","date":"24\/09\/2019","format":false,"excerpt":"Es por la entrega de la Soberan\u00eda Argentina al Reino Unido en relaci\u00f3n a la explotaci\u00f3n de recursos naturales, gas hidrocarburos y la libre navegaci\u00f3n del espacio a\u00e9reo. El presidente Mauricio Macri, el ministro de Transporte Guillermo Dietrich, el ministro de Energ\u00eda Gustavo Lopetegui y el canciller Jorge Faurie fueron\u2026","rel":"","context":"En \u00abPol\u00edtica\u00bb","block_context":{"text":"Pol\u00edtica","link":"http:\/\/www.24baires.com\/?cat=51"},"img":{"alt_text":"","src":"https:\/\/i0.wp.com\/www.24baires.com\/wp-content\/uploads\/2019\/09\/Macri-y-ministros.jpg?resize=350%2C200","width":350,"height":200,"srcset":"https:\/\/i0.wp.com\/www.24baires.com\/wp-content\/uploads\/2019\/09\/Macri-y-ministros.jpg?resize=350%2C200 1x, https:\/\/i0.wp.com\/www.24baires.com\/wp-content\/uploads\/2019\/09\/Macri-y-ministros.jpg?resize=525%2C300 1.5x"},"classes":[]}],"jetpack_sharing_enabled":true,"jetpack_likes_enabled":true,"jetpack_featured_media_url":"","_links":{"self":[{"href":"http:\/\/www.24baires.com\/index.php?rest_route=\/wp\/v2\/posts\/64775","targetHints":{"allow":["GET"]}}],"collection":[{"href":"http:\/\/www.24baires.com\/index.php?rest_route=\/wp\/v2\/posts"}],"about":[{"href":"http:\/\/www.24baires.com\/index.php?rest_route=\/wp\/v2\/types\/post"}],"author":[{"embeddable":true,"href":"http:\/\/www.24baires.com\/index.php?rest_route=\/wp\/v2\/users\/8"}],"replies":[{"embeddable":true,"href":"http:\/\/www.24baires.com\/index.php?rest_route=%2Fwp%2Fv2%2Fcomments&post=64775"}],"version-history":[{"count":1,"href":"http:\/\/www.24baires.com\/index.php?rest_route=\/wp\/v2\/posts\/64775\/revisions"}],"predecessor-version":[{"id":64776,"href":"http:\/\/www.24baires.com\/index.php?rest_route=\/wp\/v2\/posts\/64775\/revisions\/64776"}],"wp:attachment":[{"href":"http:\/\/www.24baires.com\/index.php?rest_route=%2Fwp%2Fv2%2Fmedia&parent=64775"}],"wp:term":[{"taxonomy":"category","embeddable":true,"href":"http:\/\/www.24baires.com\/index.php?rest_route=%2Fwp%2Fv2%2Fcategories&post=64775"},{"taxonomy":"post_tag","embeddable":true,"href":"http:\/\/www.24baires.com\/index.php?rest_route=%2Fwp%2Fv2%2Ftags&post=64775"}],"curies":[{"name":"wp","href":"https:\/\/api.w.org\/{rel}","templated":true}]}}