{"id":64737,"date":"2015-04-23T10:20:24","date_gmt":"2015-04-23T13:20:24","guid":{"rendered":"http:\/\/www.24baires.com\/?p=64737"},"modified":"2015-04-24T10:28:26","modified_gmt":"2015-04-24T13:28:26","slug":"fernandez-no-se-explica-los-votos-sin-contabilizar-en-las-paso-de-santa-fe","status":"publish","type":"post","link":"http:\/\/www.24baires.com\/?p=64737","title":{"rendered":"Fern\u00e1ndez: \u00abNo se explica los votos sin contabilizar en las PASO de Santa Fe\u00bb"},"content":{"rendered":"<p><a href=\"https:\/\/i0.wp.com\/www.24baires.com\/wp-content\/uploads\/2015\/04\/wpid-5538c5c21bf57_460x306.jpg\"><img data-recalc-dims=\"1\" decoding=\"async\" title=\"5538c5c21bf57_460x306.jpg\" class=\"alignnone size-full\"  alt=\"image\" src=\"https:\/\/i0.wp.com\/www.24baires.com\/wp-content\/uploads\/2015\/04\/wpid-5538c5c21bf57_460x306.jpg?w=860\" \/><\/a><\/p>\n<p>El jefe de Gabinete, An\u00edbal Fern\u00e1ndez, dijo que \u00abno tiene explicaci\u00f3n\u00bb sobre los votos no contabilizados de las PASO celebradas el domingo en la provincia de Santa Fe, y afirm\u00f3 que la \u00abresponsabilidad\u00bb es de las autoridades a cargo del escrutinio y no de los presidentes de mesa.\u00a0<!--more--><\/p>\n<p>\u00abEs una responsabilidad de quien llev\u00f3 a cabo el escrutinio; los jefes de mesa no tienen que llevar el conteo de los votos de las urnas, sino que, en todo caso, dirigen, cuentan, se entrega una acta y eso se entrega al responsable por escuela\u00bb, se\u00f1al\u00f3 el funcionario al ser consultado sobre la pol\u00e9mica desatada en Santa Fe tras conocerse que a\u00fan faltan por escrutar m\u00e1s de 800 mesas.<\/p>\n<p>En las declaraciones que formul\u00f3 antes de ingresar a Casa de Gobierno, a\u00f1adi\u00f3: \u00abYo no puedo creer que haya urnas en las que no se hayan contabilizado (los votos), no me entra en la cabeza, no s\u00e9 lo que paso\u201d, indic\u00f3.<\/p>\n<p>Revel\u00f3 que esta \u201cdecididamente\u201d en contra del voto electr\u00f3nico y subray\u00f3 que el sistema argentino \u201ces muy simple y hay que saber cu\u00e1ntas mesas se tiene y ser paciente e insistente respecto de cada agrupaci\u00f3n pol\u00edtica que fiscaliza cada una de las mesas para una vez escrutada, se haga como corresponde el acta y teniendo todas las actas es cuesti\u00f3n de contar y saber exactamente cu\u00e1l fue el escrutinio\u201d.<\/p>\n<p>Sostuvo que el escrutinio de las elecciones est\u00e1 a cargo de la Justicia de la provincia, que inici\u00f3 el conteo definitivo de los votos, y opin\u00f3 que \u201cdiez d\u00edas es mucho tiempo para dejar este tema en vilo y se podr\u00eda duplicar y\/o triplicar el personal y hacer las cosas en tres d\u00edas\u201d.<\/p>\n<p>Para el jefe de Gabinete, \u201cno es saludable que una elecci\u00f3n tenga una respuesta de estas caracter\u00edsticas porque da lugar a pensar cualquier cosa y calificar y\/o adjetivar\u00bb.<\/p>\n<p>\u201cSi nos jactamos de tener el sistema que tenemos, aunque parezca rudimentario y viendo lo realizado en Alemania, que fue uno de los precursores del voto electr\u00f3nico y la respuesta que han tenido de dejarlo de lado, precisamente entienden que no expresa la voluntad del electorado y el electorado no est\u00e1 convencido que el voto que expres\u00f3 es el que realmente se va a contabilizar para saber qu\u00e9 piensa la sociedad\u201d, explic\u00f3 Fern\u00e1ndez.<\/p>\n<p>Pidi\u00f3 que \u201cno carguen las tintas al jefe de mesa\u201d y sostuvo que \u201cla realidad es una responsabilidad del que lleva a cabo el escrutinio y los jefes de mesa no son los que deben llevar el acta final del conteo de los votos existentes en las urnas\u00bb.<\/p>\n<p>\u00abLa autoridad de mesa dirige el escrutinio con los fiscales, se cuenta, se elabora un acta, y la misma se entrega a la persona responsable por escuela, se hace la transmisi\u00f3n al centro m\u00e1s cercano y luego se transmite al centro definitivo\u201d, explic\u00f3.<\/p>\n<p>\u201cNo puede haber un corte en esa cadena y no puedo creer que haya urnas que no se hayan contabilizado, y no me entra en la cabeza y no puedo entender qu\u00e9 es lo que hicieron, porque es tan simple la forma de trabajar\u201d, concluy\u00f3.<\/p>\n","protected":false},"excerpt":{"rendered":"<p>El jefe de Gabinete, An\u00edbal Fern\u00e1ndez, dijo que \u00abno tiene explicaci\u00f3n\u00bb sobre los votos no contabilizados de las PASO celebradas el domingo en la provincia de Santa Fe, y afirm\u00f3 que la \u00abresponsabilidad\u00bb es de las autoridades a cargo del escrutinio y no de los presidentes de mesa.\u00a0<\/p>\n","protected":false},"author":4,"featured_media":0,"comment_status":"open","ping_status":"open","sticky":false,"template":"","format":"standard","meta":{"_jetpack_newsletter_access":"","_jetpack_dont_email_post_to_subs":false,"_jetpack_newsletter_tier_id":0,"_jetpack_memberships_contains_paywalled_content":false,"_jetpack_memberships_contains_paid_content":false,"footnotes":""},"categories":[51],"tags":[],"class_list":["post-64737","post","type-post","status-publish","format-standard","hentry","category-politica"],"jetpack_shortlink":"https:\/\/wp.me\/p2JWE0-gQ9","jetpack-related-posts":[{"id":64989,"url":"http:\/\/www.24baires.com\/?p=64989","url_meta":{"origin":64737,"position":0},"title":"Renunci\u00f3 el funcionario a cargo del escrutinio de Santa Fe","author":"GB","date":"27\/04\/2015","format":false,"excerpt":"El gobernador acept\u00f3 la renuncia presentada por el secretario de Tecnolog\u00edas para la Gesti\u00f3n de Santa Fe, Javier Echaniz, tras los cuestionamientos recibidos desde diversos sectores por irregularidades en el proceso de escrutinio provisorio de las PASO. Mediante un comunicado oficial de tres l\u00edneas, el gobierno santafesino confirm\u00f3 la informaci\u00f3n\u2026","rel":"","context":"En \u00abElecciones 2015\u00bb","block_context":{"text":"Elecciones 2015","link":"http:\/\/www.24baires.com\/?cat=74"},"img":{"alt_text":"bonfatti","src":"https:\/\/i0.wp.com\/www.24baires.com\/wp-content\/uploads\/2014\/08\/bonfatti.jpg?resize=350%2C200","width":350,"height":200,"srcset":"https:\/\/i0.wp.com\/www.24baires.com\/wp-content\/uploads\/2014\/08\/bonfatti.jpg?resize=350%2C200 1x, https:\/\/i0.wp.com\/www.24baires.com\/wp-content\/uploads\/2014\/08\/bonfatti.jpg?resize=525%2C300 1.5x"},"classes":[]},{"id":120697,"url":"http:\/\/www.24baires.com\/?p=120697","url_meta":{"origin":64737,"position":1},"title":"Finalmente, Ibarguren gan\u00f3 por 1 voto en Pinamar","author":"GB","date":"27\/11\/2023","format":false,"excerpt":"Luego de que el candidato peronista apelara la decisi\u00f3n de la Junta Elecotral, se abrieron quince urnas y Pinamar tiene nuevo intendente. M\u00e1s de un mes desde que tuvieron lugar las elecciones generales y con un desenlace hist\u00f3rico digno de un gui\u00f3n cinematogr\u00e1fico, Juan Ibarguren (PRO) asegur\u00f3 su posici\u00f3n como\u2026","rel":"","context":"En \u00abMunicipios\u00bb","block_context":{"text":"Municipios","link":"http:\/\/www.24baires.com\/?cat=44"},"img":{"alt_text":"","src":"https:\/\/i0.wp.com\/www.24baires.com\/wp-content\/uploads\/2023\/11\/ibarguenn.jpg?resize=350%2C200","width":350,"height":200,"srcset":"https:\/\/i0.wp.com\/www.24baires.com\/wp-content\/uploads\/2023\/11\/ibarguenn.jpg?resize=350%2C200 1x, https:\/\/i0.wp.com\/www.24baires.com\/wp-content\/uploads\/2023\/11\/ibarguenn.jpg?resize=525%2C300 1.5x, https:\/\/i0.wp.com\/www.24baires.com\/wp-content\/uploads\/2023\/11\/ibarguenn.jpg?resize=700%2C400 2x"},"classes":[]},{"id":112649,"url":"http:\/\/www.24baires.com\/?p=112649","url_meta":{"origin":64737,"position":2},"title":"Frigerio asegura que el escrutinio ser\u00e1 \u00ab\u00e1gil y r\u00e1pido\u00bb","author":"AF","date":"25\/10\/2019","format":false,"excerpt":"A pesar de los permanentes cuestionamientos a los sistemas de control y del escrutinio para las elecciones generales del pr\u00f3ximo domingo, el gobierno nacional rechaz\u00f3 las denuncias sobre posibles irregularidades detectadas en el sistema a cargo de la empresa Smartmatic y relativizaron las disconformidades expresadas ayer por representantes de partidos\u2026","rel":"","context":"En \u00abSociedad\u00bb","block_context":{"text":"Sociedad","link":"http:\/\/www.24baires.com\/?cat=1"},"img":{"alt_text":"","src":"https:\/\/i0.wp.com\/www.24baires.com\/wp-content\/uploads\/2013\/08\/escrutinio.jpg?resize=350%2C200","width":350,"height":200,"srcset":"https:\/\/i0.wp.com\/www.24baires.com\/wp-content\/uploads\/2013\/08\/escrutinio.jpg?resize=350%2C200 1x, https:\/\/i0.wp.com\/www.24baires.com\/wp-content\/uploads\/2013\/08\/escrutinio.jpg?resize=525%2C300 1.5x"},"classes":[]},{"id":68006,"url":"http:\/\/www.24baires.com\/?p=68006","url_meta":{"origin":64737,"position":3},"title":"Santa Fe : el escrutinio definitivo confirma el triunfo del oficialismo","author":"AF","date":"23\/06\/2015","format":false,"excerpt":"As\u00ed lo afirm\u00f3 el diputado Eduardo Di Pollina, apoderado del Frente Progresista , que dijo que el escrutinio definitivo de los comicios celebrados el 14 pasado \u201cest\u00e1 dando un triunfo\u201d al socialismo que \u201cpr\u00e1cticamente es irreversible\u201d. El diputado Eduardo Di Pollina, apoderado del Frente Progresista Santa Fe, consign\u00f3 esta ma\u00f1ana\u2026","rel":"","context":"En \u00abElecciones 2015\u00bb","block_context":{"text":"Elecciones 2015","link":"http:\/\/www.24baires.com\/?cat=74"},"img":{"alt_text":"","src":"https:\/\/i0.wp.com\/www.24baires.com\/wp-content\/uploads\/2015\/06\/di-pollina.jpg?resize=350%2C200","width":350,"height":200,"srcset":"https:\/\/i0.wp.com\/www.24baires.com\/wp-content\/uploads\/2015\/06\/di-pollina.jpg?resize=350%2C200 1x, https:\/\/i0.wp.com\/www.24baires.com\/wp-content\/uploads\/2015\/06\/di-pollina.jpg?resize=525%2C300 1.5x"},"classes":[]},{"id":120611,"url":"http:\/\/www.24baires.com\/?p=120611","url_meta":{"origin":64737,"position":4},"title":"Se definen la elecciones en La Plata con la apertura de 79 urnas","author":"GB","date":"02\/11\/2023","format":false,"excerpt":"Contin\u00faa el escrutinio definitivo de las elecciones a intendente de La Plata, donde tanto Julio Alak como Julio Garro se atribuyeron la victoria. Las elecciones en la ciudad de La Plata, que enfrent\u00f3 a los dos julios -Julio Garro, del PRO, versus Julio Alak, de UP- qued\u00f3 pr\u00e1cticamente empatada en\u2026","rel":"","context":"En \u00abMunicipios\u00bb","block_context":{"text":"Municipios","link":"http:\/\/www.24baires.com\/?cat=44"},"img":{"alt_text":"","src":"https:\/\/i0.wp.com\/www.24baires.com\/wp-content\/uploads\/2023\/11\/apertura-urnas-tribunales-federales-la-plata-elecciones-2023jpg.webp?resize=350%2C200","width":350,"height":200,"srcset":"https:\/\/i0.wp.com\/www.24baires.com\/wp-content\/uploads\/2023\/11\/apertura-urnas-tribunales-federales-la-plata-elecciones-2023jpg.webp?resize=350%2C200 1x, https:\/\/i0.wp.com\/www.24baires.com\/wp-content\/uploads\/2023\/11\/apertura-urnas-tribunales-federales-la-plata-elecciones-2023jpg.webp?resize=525%2C300 1.5x, https:\/\/i0.wp.com\/www.24baires.com\/wp-content\/uploads\/2023\/11\/apertura-urnas-tribunales-federales-la-plata-elecciones-2023jpg.webp?resize=700%2C400 2x, https:\/\/i0.wp.com\/www.24baires.com\/wp-content\/uploads\/2023\/11\/apertura-urnas-tribunales-federales-la-plata-elecciones-2023jpg.webp?resize=1050%2C600 3x"},"classes":[]},{"id":67544,"url":"http:\/\/www.24baires.com\/?p=67544","url_meta":{"origin":64737,"position":5},"title":"An\u00edbal Fern\u00e1ndez: \u00abEn Santa Fe hubo triple empate t\u00e9cnico\u00bb","author":"AF","date":"15\/06\/2015","format":false,"excerpt":"El jefe de Gabinete destac\u00f3 el resultado electoral del FpV en la f\u00f3rmula encabeza por Omar Perotti y se\u00f1al\u00f3 que a\u00fan est\u00e1 en discusi\u00f3n el 3,33 por ciento de los sufragios, un caudal que podr\u00eda hacer variar qui\u00e9n gana la elecci\u00f3n. En esa l\u00ednea se pregunt\u00f3: \"\u00bfCu\u00e1nto vale cada punto\u2026","rel":"","context":"En \u00abElecciones 2015\u00bb","block_context":{"text":"Elecciones 2015","link":"http:\/\/www.24baires.com\/?cat=74"},"img":{"alt_text":"anibal conferencia","src":"https:\/\/i0.wp.com\/www.24baires.com\/wp-content\/uploads\/2015\/04\/anibal-conferencia.jpg?resize=350%2C200","width":350,"height":200,"srcset":"https:\/\/i0.wp.com\/www.24baires.com\/wp-content\/uploads\/2015\/04\/anibal-conferencia.jpg?resize=350%2C200 1x, https:\/\/i0.wp.com\/www.24baires.com\/wp-content\/uploads\/2015\/04\/anibal-conferencia.jpg?resize=525%2C300 1.5x"},"classes":[]}],"jetpack_sharing_enabled":true,"jetpack_likes_enabled":true,"jetpack_featured_media_url":"","_links":{"self":[{"href":"http:\/\/www.24baires.com\/index.php?rest_route=\/wp\/v2\/posts\/64737","targetHints":{"allow":["GET"]}}],"collection":[{"href":"http:\/\/www.24baires.com\/index.php?rest_route=\/wp\/v2\/posts"}],"about":[{"href":"http:\/\/www.24baires.com\/index.php?rest_route=\/wp\/v2\/types\/post"}],"author":[{"embeddable":true,"href":"http:\/\/www.24baires.com\/index.php?rest_route=\/wp\/v2\/users\/4"}],"replies":[{"embeddable":true,"href":"http:\/\/www.24baires.com\/index.php?rest_route=%2Fwp%2Fv2%2Fcomments&post=64737"}],"version-history":[{"count":1,"href":"http:\/\/www.24baires.com\/index.php?rest_route=\/wp\/v2\/posts\/64737\/revisions"}],"predecessor-version":[{"id":64740,"href":"http:\/\/www.24baires.com\/index.php?rest_route=\/wp\/v2\/posts\/64737\/revisions\/64740"}],"wp:attachment":[{"href":"http:\/\/www.24baires.com\/index.php?rest_route=%2Fwp%2Fv2%2Fmedia&parent=64737"}],"wp:term":[{"taxonomy":"category","embeddable":true,"href":"http:\/\/www.24baires.com\/index.php?rest_route=%2Fwp%2Fv2%2Fcategories&post=64737"},{"taxonomy":"post_tag","embeddable":true,"href":"http:\/\/www.24baires.com\/index.php?rest_route=%2Fwp%2Fv2%2Ftags&post=64737"}],"curies":[{"name":"wp","href":"https:\/\/api.w.org\/{rel}","templated":true}]}}