{"id":64670,"date":"2015-04-22T10:02:14","date_gmt":"2015-04-22T13:02:14","guid":{"rendered":"http:\/\/www.24baires.com\/?p=64670"},"modified":"2015-04-23T10:22:28","modified_gmt":"2015-04-23T13:22:28","slug":"cristina-ante-empresarios-en-moscu-argentina-es-un-pais-para-invertir","status":"publish","type":"post","link":"http:\/\/www.24baires.com\/?p=64670","title":{"rendered":"Cristina, ante empresarios en Mosc\u00fa: \u00abArgentina es un pa\u00eds para invertir\u00bb"},"content":{"rendered":"<p><img data-recalc-dims=\"1\" loading=\"lazy\" decoding=\"async\" class=\"aligncenter size-full wp-image-64671\" src=\"https:\/\/i0.wp.com\/www.24baires.com\/wp-content\/uploads\/2015\/04\/cristina-moscu.jpg?resize=560%2C373\" alt=\"cristina moscu\" width=\"560\" height=\"373\" srcset=\"https:\/\/i0.wp.com\/www.24baires.com\/wp-content\/uploads\/2015\/04\/cristina-moscu.jpg?w=560 560w, https:\/\/i0.wp.com\/www.24baires.com\/wp-content\/uploads\/2015\/04\/cristina-moscu.jpg?resize=300%2C200 300w\" sizes=\"auto, (max-width: 560px) 100vw, 560px\" \/>La Presidenta particip\u00f3 esta ma\u00f1ana de una cumbre con empresarios. All\u00ed recalc\u00f3 que la necesidad de \u00abdesarrollar nuevamente una teor\u00eda acerca del Estado\u00bb y dijo que la Argentina vive \u00abel mayor ciclo de crecimiento de la historia\u00bb. A su vez, Kicillof afirm\u00f3 que la econom\u00eda nacional \u00abes resistentes a las crisis internacionales\u00bb.<!--more--><\/p>\n<p>En su exposici\u00f3n ante los hombres de negocios rusos y argentinos, Cristina apunt\u00f3 que \u00abes necesario redefinir el rol del Estado dentro de la econom\u00eda\u00bb y puntualiz\u00f3 que cuando se habla de \u00abmercado\u00bb hay que hacerlo pensando en los \u00abconsumidores, los productores, y la industria\u00bb.<\/p>\n<p>\u00abLa Argentina es un pa\u00eds donde vale la pena invertir y producir, no s\u00f3lo por los recursos naturales, sino tambi\u00e9n por los recursos humanos que tenemos\u00bb, manifest\u00f3 la mandataria.<\/p>\n<p>Tras destacar los avances en \u00abturismo\u00bb y la \u00abrecuperaci\u00f3n de la l\u00ednea a\u00e9rea de bandera que permite la conectividad entre todas las zonas del pa\u00eds, no s\u00f3lo las m\u00e1s ricas\u00bb, destac\u00f3 tambi\u00e9n que los argentinos \u00abtenemos el mayor ciclo de crecimiento de nuestra historia\u00bb.<\/p>\n<p>\u00abHemos ido revirtiendo el modelo econ\u00f3mico que estamos viendo en Europa con la creencia de que el ajuste trae crecimiento. Eso es mentira, porque si no hay buen salario, no se consume, no se vende y no se produce, sobre todo cuando en el mundo no hay gran consumo\u00bb, explic\u00f3.<\/p>\n<p>La Presidenta analiz\u00f3 que \u00absi a una restricci\u00f3n externa le sumamos una interna, estamos sepultando la econom\u00eda, por eso la teor\u00eda del ajuste no es una soluci\u00f3n, los ajustes generan descontento, malas expectativas e inestabilidad institucional. La Argentina tuvo cinco presidentes en una semana, en el 2001, miren si no hay consecuencias institucionales\u00bb.<\/p>\n<p>En otro orden, asever\u00f3 que hay \u201cun nuevo ordenamiento econ\u00f3mico y geopol\u00edtico\u201d mundial que \u201cexige una relaci\u00f3n mucho m\u00e1s intensa\u201d entre los pa\u00edses.<\/p>\n<p>Ante el foro que se desarroll\u00f3 en el hotel Four Seasons de la ciudad de Mosc\u00fa y que marc\u00f3 su primera actividad oficial en esta ciudad en el marco de su visita de dos d\u00edas, Cristina tambi\u00e9n llam\u00f3 a las naciones a \u201cconcebirse como socios\u201d y no s\u00f3lo como meros compradores y vendedores.<\/p>\n<p>Por eso, pugn\u00f3 por \u00abdesarrollar una teor\u00eda acerca del Estado, no del estatismo de la segunda guerra o postguerra, sino un rol del Estado que no puede dejar de ser soslayado como un actor m\u00e1s que importante en la econom\u00eda\u00bb.<\/p>\n<p>\u00abNo es que uno desconozca al mercado, pero cuando uno habla hoy de mercado, habla de cuatro o cinco se\u00f1ores del sector financiero que deciden por la suerte de los pa\u00edses. Por eso, si queremos hacer capitalismo en serio, tenemos que tener en cuenta que el mercado es la oferta y la demanda, los trabajadores, los usuarios y los comerciantes. Es decir, hay que reformular las reglas que permitan evitar estas distorsiones que tambi\u00e9n suceden en el mundo de las comunicaciones\u00bb, agreg\u00f3.<\/p>\n<p>&nbsp;<\/p>\n<p>&nbsp;<\/p>\n<p>&nbsp;<\/p>\n<p>&nbsp;<\/p>\n<p>&nbsp;<\/p>\n<p>&nbsp;<\/p>\n<p>&nbsp;<\/p>\n<p>&nbsp;<\/p>\n<p>&nbsp;<\/p>\n<p>&nbsp;<\/p>\n<p>&nbsp;<\/p>\n<p>&nbsp;<\/p>\n<p>&nbsp;<\/p>\n<p>&nbsp;<\/p>\n<p>&nbsp;<\/p>\n<p>&nbsp;<\/p>\n<p>&nbsp;<\/p>\n","protected":false},"excerpt":{"rendered":"<p>La Presidenta particip\u00f3 esta ma\u00f1ana de una cumbre con empresarios. All\u00ed recalc\u00f3 que la necesidad de \u00abdesarrollar nuevamente una teor\u00eda acerca del Estado\u00bb y dijo que la Argentina vive \u00abel mayor ciclo de crecimiento de la historia\u00bb. A su vez, Kicillof afirm\u00f3 que la econom\u00eda nacional \u00abes resistentes a las crisis internacionales\u00bb.<\/p>\n","protected":false},"author":8,"featured_media":0,"comment_status":"open","ping_status":"open","sticky":false,"template":"","format":"standard","meta":{"_jetpack_newsletter_access":"","_jetpack_dont_email_post_to_subs":false,"_jetpack_newsletter_tier_id":0,"_jetpack_memberships_contains_paywalled_content":false,"_jetpack_memberships_contains_paid_content":false,"footnotes":""},"categories":[51],"tags":[],"class_list":["post-64670","post","type-post","status-publish","format-standard","hentry","category-politica"],"jetpack_shortlink":"https:\/\/wp.me\/p2JWE0-gP4","jetpack-related-posts":[{"id":56310,"url":"http:\/\/www.24baires.com\/?p=56310","url_meta":{"origin":64670,"position":0},"title":"Cristina: \u00abTenemos el mejor salario de trabajadores registrados en Am\u00e9rica Latina\u00bb","author":"Grupo Sierra","date":"30\/10\/2014","format":false,"excerpt":"Lo dijo la Presidenta en el marco de la clausura del congreso de Adimra. \"Necesitamos nuevos modelos de empresarios para un sistema que se ha modificado notablemente\", reflexion\u00f3 ante cientos de empresarios Cristina Fern\u00e1ndez de Kirchner. Sobre este sistema de trabajo, explic\u00f3: \"No estamos generando empleo como otros a\u00f1os pero\u2026","rel":"","context":"En \u00abEconom\u00eda\u00bb","block_context":{"text":"Econom\u00eda","link":"http:\/\/www.24baires.com\/?cat=45"},"img":{"alt_text":"","src":"https:\/\/i0.wp.com\/www.24baires.com\/wp-content\/uploads\/2014\/10\/cristina5.jpg?resize=350%2C200","width":350,"height":200,"srcset":"https:\/\/i0.wp.com\/www.24baires.com\/wp-content\/uploads\/2014\/10\/cristina5.jpg?resize=350%2C200 1x, https:\/\/i0.wp.com\/www.24baires.com\/wp-content\/uploads\/2014\/10\/cristina5.jpg?resize=525%2C300 1.5x"},"classes":[]},{"id":18236,"url":"http:\/\/www.24baires.com\/?p=18236","url_meta":{"origin":64670,"position":1},"title":"Cristina pidi\u00f3 al sector privado invertir en tecnolog\u00eda","author":"Grupo Sierra","date":"12\/03\/2013","format":false,"excerpt":"La Presidenta afirm\u00f3 que la clave \u201ces la inversi\u00f3n y es el sector privado el que debe hacerla ya que es el que m\u00e1s plata ha ganado en la \u00faltima d\u00e9cada\u201d. \u00a0 La presidenta Cristina Fern\u00e1ndez de Kirchner asegur\u00f3 hoy que \u201chemos dado el ejemplo\u201d ya que \u201ccon los impuestos\u2026","rel":"","context":"En \u00abPol\u00edtica\u00bb","block_context":{"text":"Pol\u00edtica","link":"http:\/\/www.24baires.com\/?cat=51"},"img":{"alt_text":"cristina tecnologico","src":"https:\/\/i0.wp.com\/www.24baires.com\/wp-content\/uploads\/2013\/03\/cristina-tecnologico-300x200.jpg?resize=350%2C200","width":350,"height":200},"classes":[]},{"id":119053,"url":"http:\/\/www.24baires.com\/?p=119053","url_meta":{"origin":64670,"position":2},"title":"Los tres ejes que se propone Batakis para su gesti\u00f3n","author":"AF","date":"04\/07\/2022","format":false,"excerpt":"A los pocos minutos de jurar en su cargo, Batakis dijo que \"vamos a seguir el programa econ\u00f3mico del Presidente\". Tambi\u00e9n se\u00f1al\u00f3 que \"queremos una mirada federal, que incluya a todos y todas los argentinos y argentinas\". Los tres puntos principales que estableci\u00f3 para su gesti\u00f3n al frente de Econom\u00eda.\u2026","rel":"","context":"En \u00abEconom\u00eda\u00bb","block_context":{"text":"Econom\u00eda","link":"http:\/\/www.24baires.com\/?cat=45"},"img":{"alt_text":"","src":"https:\/\/i0.wp.com\/www.24baires.com\/wp-content\/uploads\/2022\/07\/Batakis-1.jpg?resize=350%2C200","width":350,"height":200,"srcset":"https:\/\/i0.wp.com\/www.24baires.com\/wp-content\/uploads\/2022\/07\/Batakis-1.jpg?resize=350%2C200 1x, https:\/\/i0.wp.com\/www.24baires.com\/wp-content\/uploads\/2022\/07\/Batakis-1.jpg?resize=525%2C300 1.5x, https:\/\/i0.wp.com\/www.24baires.com\/wp-content\/uploads\/2022\/07\/Batakis-1.jpg?resize=700%2C400 2x"},"classes":[]},{"id":61107,"url":"http:\/\/www.24baires.com\/?p=61107","url_meta":{"origin":64670,"position":3},"title":"Cristina lleg\u00f3 a China para firmar acuerdos y reunirse con su par Xi Jinping","author":"AF","date":"02\/02\/2015","format":false,"excerpt":"Arrib\u00f3 a Bijing a las 7.10 (hora argentina) para cumplir una visita cuyo objetivo es fortalecer los v\u00ednculos bilaterales, rubricar importantes convenios y mantener una serie de encuentros, que incluyen al mandatario chino y empresarios. El avi\u00f3n que traslad\u00f3 a la jefa de Estado arrib\u00f3 al aeropuerto internacional de la\u2026","rel":"","context":"En \u00abPol\u00edtica\u00bb","block_context":{"text":"Pol\u00edtica","link":"http:\/\/www.24baires.com\/?cat=51"},"img":{"alt_text":"cristina avi\u00f3n","src":"https:\/\/i0.wp.com\/www.24baires.com\/wp-content\/uploads\/2012\/12\/cristina-avi%C3%B3n.jpg?resize=350%2C200","width":350,"height":200,"srcset":"https:\/\/i0.wp.com\/www.24baires.com\/wp-content\/uploads\/2012\/12\/cristina-avi%C3%B3n.jpg?resize=350%2C200 1x, https:\/\/i0.wp.com\/www.24baires.com\/wp-content\/uploads\/2012\/12\/cristina-avi%C3%B3n.jpg?resize=525%2C300 1.5x"},"classes":[]},{"id":30497,"url":"http:\/\/www.24baires.com\/?p=30497","url_meta":{"origin":64670,"position":4},"title":"Seg\u00fan el INDEC la desocupaci\u00f3n se mantuvo en 7,2%","author":"GB","date":"20\/08\/2013","format":false,"excerpt":"El \u00edndice de desocupaci\u00f3n alcanz\u00f3 al t\u00e9rmino del segundo trimestre del a\u00f1o el 7,2%, igual nivel obtenido entre abril y junio del 2012, y por debajo del 7,9% del primer trimestre de este a\u00f1o, inform\u00f3 el Instituto Nacional de Estad\u00edstica y Censos. El organismo dio cuenta tambi\u00e9n que la subocupaci\u00f3n\u2026","rel":"","context":"En \u00abEconom\u00eda\u00bb","block_context":{"text":"Econom\u00eda","link":"http:\/\/www.24baires.com\/?cat=45"},"img":{"alt_text":"","src":"","width":0,"height":0},"classes":[]},{"id":36264,"url":"http:\/\/www.24baires.com\/?p=36264","url_meta":{"origin":64670,"position":5},"title":"De Vido confirm\u00f3 inter\u00e9s ruso en invertir en obras energ\u00e9ticas en Argentina","author":"AF","date":"05\/12\/2013","format":false,"excerpt":"El ministro de Planificaci\u00f3n Federal asegur\u00f3 que en las reuniones que mantuvo con empresarios y funcionarios le ratificaron el inter\u00e9s de este pa\u00eds por invertir en 15 obras energ\u00e9ticas que impulsar\u00e1 el gobierno argentino, entre ellas la represa Chihuido I. De Vido mantuvo un encuentro con el viceministro ruso de\u2026","rel":"","context":"En \u00abEconom\u00eda\u00bb","block_context":{"text":"Econom\u00eda","link":"http:\/\/www.24baires.com\/?cat=45"},"img":{"alt_text":"","src":"","width":0,"height":0},"classes":[]}],"jetpack_sharing_enabled":true,"jetpack_likes_enabled":true,"jetpack_featured_media_url":"","_links":{"self":[{"href":"http:\/\/www.24baires.com\/index.php?rest_route=\/wp\/v2\/posts\/64670","targetHints":{"allow":["GET"]}}],"collection":[{"href":"http:\/\/www.24baires.com\/index.php?rest_route=\/wp\/v2\/posts"}],"about":[{"href":"http:\/\/www.24baires.com\/index.php?rest_route=\/wp\/v2\/types\/post"}],"author":[{"embeddable":true,"href":"http:\/\/www.24baires.com\/index.php?rest_route=\/wp\/v2\/users\/8"}],"replies":[{"embeddable":true,"href":"http:\/\/www.24baires.com\/index.php?rest_route=%2Fwp%2Fv2%2Fcomments&post=64670"}],"version-history":[{"count":1,"href":"http:\/\/www.24baires.com\/index.php?rest_route=\/wp\/v2\/posts\/64670\/revisions"}],"predecessor-version":[{"id":64672,"href":"http:\/\/www.24baires.com\/index.php?rest_route=\/wp\/v2\/posts\/64670\/revisions\/64672"}],"wp:attachment":[{"href":"http:\/\/www.24baires.com\/index.php?rest_route=%2Fwp%2Fv2%2Fmedia&parent=64670"}],"wp:term":[{"taxonomy":"category","embeddable":true,"href":"http:\/\/www.24baires.com\/index.php?rest_route=%2Fwp%2Fv2%2Fcategories&post=64670"},{"taxonomy":"post_tag","embeddable":true,"href":"http:\/\/www.24baires.com\/index.php?rest_route=%2Fwp%2Fv2%2Ftags&post=64670"}],"curies":[{"name":"wp","href":"https:\/\/api.w.org\/{rel}","templated":true}]}}