{"id":64628,"date":"2015-04-21T15:00:56","date_gmt":"2015-04-21T18:00:56","guid":{"rendered":"http:\/\/www.24baires.com\/?p=64628"},"modified":"2015-04-21T15:00:56","modified_gmt":"2015-04-21T18:00:56","slug":"el-unico-que-puede-ganarle-al-pro-en-la-ciudad-soy-yo-aseguro-recalde","status":"publish","type":"post","link":"http:\/\/www.24baires.com\/?p=64628","title":{"rendered":"\u00abEl \u00fanico que puede ganarle al PRO en la Ciudad soy yo\u00bb, asegur\u00f3 Recalde"},"content":{"rendered":"<p><img data-recalc-dims=\"1\" loading=\"lazy\" decoding=\"async\" class=\"alignleft size-medium wp-image-28049\" src=\"https:\/\/i0.wp.com\/www.24baires.com\/wp-content\/uploads\/2013\/07\/recalde-hijo.jpg?resize=300%2C180\" alt=\"recalde hijo\" width=\"300\" height=\"180\" srcset=\"https:\/\/i0.wp.com\/www.24baires.com\/wp-content\/uploads\/2013\/07\/recalde-hijo.jpg?resize=300%2C180 300w, https:\/\/i0.wp.com\/www.24baires.com\/wp-content\/uploads\/2013\/07\/recalde-hijo.jpg?w=500 500w\" sizes=\"auto, (max-width: 300px) 100vw, 300px\" \/>El precandidato a jefe de Gobierno porte\u00f1o por el Frente para la Victoria y titular de Aerol\u00edneas Argentinas asegur\u00f3 que es el \u00fanico que puede ganarle al macrismo y agreg\u00f3 que \u00abel gobierno de Macri tiene un lado inhumano que se visibiliza en el crecimiento de la mortalidad infantil\u00bb.<!--more--><\/p>\n<p>De cara a las PASO a realizarse el pr\u00f3ximo domingo, Recalde defini\u00f3 esa instancia como un acto que \u00abfortalece la democracia, permitiendo que sea la gente quien elija los candidatos de cada espacio\u00bb.<\/p>\n<p>En di\u00e1logo con diferentes radios, el titular de Aerol\u00edneas garantiz\u00f3 que en su gesti\u00f3n \u00abhabr\u00eda vacantes para todos los ni\u00f1os y ni\u00f1as en edad escolar\u00bb a la vez que indic\u00f3 en que invertir\u00eda m\u00e1s en seguridad ya que \u00aba diferencia de lo que todos esper\u00e1bamos de un gobierno de derecha, la seguridad no ha crecido con la gesti\u00f3n macrista\u00bb y agreg\u00f3 que la polic\u00eda metropolitana \u00abarranc\u00f3 con mucho marketing pero tiene presencia en solo tres comunas\u00bb.<\/p>\n<p>\u201cNosotros formamos parte de un proyecto que busca el desarrollo con inclusi\u00f3n social\u00bb, aclar\u00f3 el referente del FpV y analiz\u00f3 que el gobierno del PRO en la Ciudad de Buenos Aires \u00abno tiene ni las ventajas de un gobierno progresista, ni tampoco las ventajas de la derecha\u00bb ya que, seg\u00fan Recalde \u00abno ha sido ordenado con las cuentas, no tiene equilibrio fiscal, ni prioriza la seguridad.\u201d, concluy\u00f3.<\/p>\n<p>&nbsp;<\/p>\n<p>&nbsp;<\/p>\n<p>&nbsp;<\/p>\n<p>&nbsp;<\/p>\n<p>&nbsp;<\/p>\n<p>&nbsp;<\/p>\n<p>&nbsp;<\/p>\n<p>&nbsp;<\/p>\n<p>&nbsp;<\/p>\n<p>&nbsp;<\/p>\n<p>&nbsp;<\/p>\n<p>&nbsp;<\/p>\n<p>&nbsp;<\/p>\n<p>&nbsp;<\/p>\n<p>&nbsp;<\/p>\n<p>&nbsp;<\/p>\n","protected":false},"excerpt":{"rendered":"<p>El precandidato a jefe de Gobierno porte\u00f1o por el Frente para la Victoria y titular de Aerol\u00edneas Argentinas asegur\u00f3 que es el \u00fanico que puede ganarle al macrismo y agreg\u00f3 que \u00abel gobierno de Macri tiene un lado inhumano que se visibiliza en el crecimiento de la mortalidad infantil\u00bb.<\/p>\n","protected":false},"author":8,"featured_media":0,"comment_status":"open","ping_status":"open","sticky":false,"template":"","format":"standard","meta":{"_jetpack_newsletter_access":"","_jetpack_dont_email_post_to_subs":false,"_jetpack_newsletter_tier_id":0,"_jetpack_memberships_contains_paywalled_content":false,"_jetpack_memberships_contains_paid_content":false,"footnotes":""},"categories":[51],"tags":[],"class_list":["post-64628","post","type-post","status-publish","format-standard","hentry","category-politica"],"jetpack_shortlink":"https:\/\/wp.me\/p2JWE0-gOo","jetpack-related-posts":[{"id":31675,"url":"http:\/\/www.24baires.com\/?p=31675","url_meta":{"origin":64628,"position":0},"title":"Recalde: \u00abQueremos dejar una aerol\u00ednea que sea sustentable y que ni Macri pueda privatizar\u00bb","author":"GB","date":"11\/09\/2013","format":false,"excerpt":"Durante su presentaci\u00f3n ante un plenario de comisiones del Senado, el titular de Aerol\u00edneas Argentinas asegur\u00f3 que \"Aerol\u00edneas tiene una gesti\u00f3n profesional\". As\u00ed lo expres\u00f3 durante la presentaci\u00f3n que realiz\u00f3 ante senadores de las Comisiones de Presupuesto y Hacienda y de Infraestructura, Vivienda y Transporte. \u201cLa gesti\u00f3n en Aerol\u00edneas es\u2026","rel":"","context":"En \u00abEconom\u00eda\u00bb","block_context":{"text":"Econom\u00eda","link":"http:\/\/www.24baires.com\/?cat=45"},"img":{"alt_text":"","src":"","width":0,"height":0},"classes":[]},{"id":58887,"url":"http:\/\/www.24baires.com\/?p=58887","url_meta":{"origin":64628,"position":1},"title":"Recalde: \u00abCon N\u00e9stor y Cristina se acab\u00f3 el curro de las privatizaciones\u201d","author":"Grupo Sierra","date":"19\/12\/2014","format":false,"excerpt":"El titular de Aerol\u00edneas subray\u00f3 que \u201clos que machacan\" con el tema de las p\u00e9rdidas econ\u00f3micas son como \"aquellos que en los \u201890 quer\u00edan privatizarla\u201d. El presidente de Aerol\u00edneas Argentinas, Mariano Recalde, asegur\u00f3 hoy que \u201ccon (el ex Presidente) N\u00e9stor (Kirchner) y (la Presidenta) Cristina (Fern\u00e1ndez de Kirchner) se acab\u00f3\u2026","rel":"","context":"En \u00abSociedad\u00bb","block_context":{"text":"Sociedad","link":"http:\/\/www.24baires.com\/?cat=1"},"img":{"alt_text":"recalde","src":"https:\/\/i0.wp.com\/www.24baires.com\/wp-content\/uploads\/2014\/05\/recalde.jpg?resize=350%2C200","width":350,"height":200,"srcset":"https:\/\/i0.wp.com\/www.24baires.com\/wp-content\/uploads\/2014\/05\/recalde.jpg?resize=350%2C200 1x, https:\/\/i0.wp.com\/www.24baires.com\/wp-content\/uploads\/2014\/05\/recalde.jpg?resize=525%2C300 1.5x"},"classes":[]},{"id":31930,"url":"http:\/\/www.24baires.com\/?p=31930","url_meta":{"origin":64628,"position":2},"title":"\u00abSolo les falta festejar un gol de los brasileros\u201d dijo Recalde por la oposici\u00f3n","author":"Grupo Sierra","date":"15\/09\/2013","format":false,"excerpt":"El titular de Aerol\u00edneas Argentinas carg\u00f3 contra los sectores opositores, y en ese marco, sostuvo que la empresa \"trabajara para tener m\u00e1s vuelos, m\u00e1s pasajeros, m\u00e1s ingresos y que conecte a los argentinos m\u00e1s y mejor\". Tambi\u00e9n relacion\u00f3 al Grupo Clar\u00edn con el intendente de Tigre, Sergio Massa. El presidente\u2026","rel":"","context":"En \u00abEconom\u00eda\u00bb","block_context":{"text":"Econom\u00eda","link":"http:\/\/www.24baires.com\/?cat=45"},"img":{"alt_text":"recalde aerol\u00edneas","src":"https:\/\/i0.wp.com\/www.24baires.com\/wp-content\/uploads\/2013\/07\/recalde-aerol%C3%ADneas.jpg?resize=350%2C200","width":350,"height":200,"srcset":"https:\/\/i0.wp.com\/www.24baires.com\/wp-content\/uploads\/2013\/07\/recalde-aerol%C3%ADneas.jpg?resize=350%2C200 1x, https:\/\/i0.wp.com\/www.24baires.com\/wp-content\/uploads\/2013\/07\/recalde-aerol%C3%ADneas.jpg?resize=525%2C300 1.5x"},"classes":[]},{"id":34274,"url":"http:\/\/www.24baires.com\/?p=34274","url_meta":{"origin":64628,"position":3},"title":"Recalde asegur\u00f3 que cada vez m\u00e1s personas eligen Aerol\u00edneas Argentinas","author":"GB","date":"28\/10\/2013","format":false,"excerpt":"El titular de Aerol\u00edneas Argentinas, Mariano Recalde, se mostr\u00f3 conforme con la cantidad de pasajeros que eligen a la empresa de bandera al momento de emprender un viaje y proyect\u00f3 que, antes de que finalice el corriente a\u00f1o, el n\u00famero total de pasajeros superar\u00e1 los ocho millones. \"La venta de\u2026","rel":"","context":"En \u00abEconom\u00eda\u00bb","block_context":{"text":"Econom\u00eda","link":"http:\/\/www.24baires.com\/?cat=45"},"img":{"alt_text":"aerolineas argen","src":"https:\/\/i0.wp.com\/www.24baires.com\/wp-content\/uploads\/2013\/10\/aerolineas-argen-300x199.jpg?resize=350%2C200","width":350,"height":200},"classes":[]},{"id":62976,"url":"http:\/\/www.24baires.com\/?p=62976","url_meta":{"origin":64628,"position":4},"title":"Recalde: \u00abScioli y Randazzo pueden continuar con este proyecto pol\u00edtico\u00bb","author":"AF","date":"11\/03\/2015","format":false,"excerpt":"El precandidato a jefe de Gobierno porte\u00f1o por el Frente para la Victoria afirm\u00f3 hoy que La C\u00e1mpora no va a \"emitir opini\u00f3n\" sobre qui\u00e9n debe ser el candidato presidencial del kirchnerismo. \"Esa es nuestra postura por ahora. No vamos a emitir una opini\u00f3n si Cristina no lo hace primero\",\u2026","rel":"","context":"En \u00abPol\u00edtica\u00bb","block_context":{"text":"Pol\u00edtica","link":"http:\/\/www.24baires.com\/?cat=51"},"img":{"alt_text":"recalde hijo","src":"https:\/\/i0.wp.com\/www.24baires.com\/wp-content\/uploads\/2013\/07\/recalde-hijo-300x180.jpg?resize=350%2C200","width":350,"height":200},"classes":[]},{"id":99240,"url":"http:\/\/www.24baires.com\/?p=99240","url_meta":{"origin":64628,"position":5},"title":"Recalde asegura que la llegada de Flybondi \u00abes la muerte lenta de Aerol\u00edneas Argentinas\u00bb","author":"AF","date":"06\/12\/2017","format":false,"excerpt":"\"La pol\u00edtica aerocomercial de este Gobierno es una pol\u00edtica de libre mercado y apertura de cielos\" asegur\u00f3 el legislador y explic\u00f3: \"Esto conspira contra el servicio de transporte a\u00e9reo en el pa\u00eds\". En di\u00e1logo con \"Siempre es Hoy\" por Radio del Plata, el legislador porte\u00f1o por Unidad Ciudadana y ex\u2026","rel":"","context":"En \u00abSociedad\u00bb","block_context":{"text":"Sociedad","link":"http:\/\/www.24baires.com\/?cat=1"},"img":{"alt_text":"","src":"https:\/\/i0.wp.com\/www.24baires.com\/wp-content\/uploads\/2017\/04\/aerolineas-argentinas.jpg?resize=350%2C200","width":350,"height":200,"srcset":"https:\/\/i0.wp.com\/www.24baires.com\/wp-content\/uploads\/2017\/04\/aerolineas-argentinas.jpg?resize=350%2C200 1x, https:\/\/i0.wp.com\/www.24baires.com\/wp-content\/uploads\/2017\/04\/aerolineas-argentinas.jpg?resize=525%2C300 1.5x"},"classes":[]}],"jetpack_sharing_enabled":true,"jetpack_likes_enabled":true,"jetpack_featured_media_url":"","_links":{"self":[{"href":"http:\/\/www.24baires.com\/index.php?rest_route=\/wp\/v2\/posts\/64628","targetHints":{"allow":["GET"]}}],"collection":[{"href":"http:\/\/www.24baires.com\/index.php?rest_route=\/wp\/v2\/posts"}],"about":[{"href":"http:\/\/www.24baires.com\/index.php?rest_route=\/wp\/v2\/types\/post"}],"author":[{"embeddable":true,"href":"http:\/\/www.24baires.com\/index.php?rest_route=\/wp\/v2\/users\/8"}],"replies":[{"embeddable":true,"href":"http:\/\/www.24baires.com\/index.php?rest_route=%2Fwp%2Fv2%2Fcomments&post=64628"}],"version-history":[{"count":1,"href":"http:\/\/www.24baires.com\/index.php?rest_route=\/wp\/v2\/posts\/64628\/revisions"}],"predecessor-version":[{"id":64629,"href":"http:\/\/www.24baires.com\/index.php?rest_route=\/wp\/v2\/posts\/64628\/revisions\/64629"}],"wp:attachment":[{"href":"http:\/\/www.24baires.com\/index.php?rest_route=%2Fwp%2Fv2%2Fmedia&parent=64628"}],"wp:term":[{"taxonomy":"category","embeddable":true,"href":"http:\/\/www.24baires.com\/index.php?rest_route=%2Fwp%2Fv2%2Fcategories&post=64628"},{"taxonomy":"post_tag","embeddable":true,"href":"http:\/\/www.24baires.com\/index.php?rest_route=%2Fwp%2Fv2%2Ftags&post=64628"}],"curies":[{"name":"wp","href":"https:\/\/api.w.org\/{rel}","templated":true}]}}