{"id":64600,"date":"2015-04-21T09:58:22","date_gmt":"2015-04-21T12:58:22","guid":{"rendered":"http:\/\/www.24baires.com\/?p=64600"},"modified":"2015-04-21T09:58:22","modified_gmt":"2015-04-21T12:58:22","slug":"para-anibal-la-denuncia-de-nisman-fue-un-intento-de-ensuciar-a-la-presidenta","status":"publish","type":"post","link":"http:\/\/www.24baires.com\/?p=64600","title":{"rendered":"Para An\u00edbal, la denuncia de Nisman fue \u00abun intento de ensuciar a la Presidenta\u00bb"},"content":{"rendered":"<p><img data-recalc-dims=\"1\" loading=\"lazy\" decoding=\"async\" class=\"aligncenter size-full wp-image-63981\" src=\"https:\/\/i0.wp.com\/www.24baires.com\/wp-content\/uploads\/2015\/04\/anibal-conferencia.jpg?resize=560%2C379\" alt=\"anibal conferencia\" width=\"560\" height=\"379\" srcset=\"https:\/\/i0.wp.com\/www.24baires.com\/wp-content\/uploads\/2015\/04\/anibal-conferencia.jpg?w=560 560w, https:\/\/i0.wp.com\/www.24baires.com\/wp-content\/uploads\/2015\/04\/anibal-conferencia.jpg?resize=300%2C203 300w\" sizes=\"auto, (max-width: 560px) 100vw, 560px\" \/>El jefe de Gabinete descart\u00f3 hoy la posibilidad de que sea retomada en otra instancia judicial la denuncia del fallecido fiscal, al se\u00f1alar que \u00abhay un principio del Derecho que dice que no se puede juzgar dos veces por la misma causa\u00bb.<!--more--><\/p>\n<p>Para el ministro coordinador, la presentaci\u00f3n de Nisman fue \u201cuna ridiculez y un bochorno al que sometieron a nuestro pa\u00eds, que provoc\u00f3 semejante estado de conmoci\u00f3n, mala imagen a nuestro pa\u00eds, por una b\u00fasqueda politiquera de mala factura\u00bb.<\/p>\n<p>\u00abY no podemos encontrar otra cosa en eso, y los que se hacen eco, tambi\u00e9n forman parte de lo mismo\u00bb, a\u00f1adi\u00f3 el funcionario nacional en su habitual encuentro matutino con los periodistas antes de ingresar a la Casa de Gobierno.<\/p>\n<p>Al ser consultado si la causa fue desestimada o existi\u00f3 impericia judicial, dijo que \u201cnunca fue desestimada, la desestimaci\u00f3n es \u00e9sta\u201c, y a\u00f1adi\u00f3 que \u201clas dem\u00e1s veces fue cumpliendo con las facultades y posibilidades que el propio proceso le otorga a todas las partes\u201d.-<\/p>\n<p>Agreg\u00f3 que tras presentarse la denuncia &gt;\u00bbse analiz\u00f3 en primera instancia, el fiscal requiri\u00f3, el juez decidi\u00f3, se apel\u00f3, fue a la C\u00e1mara, el fiscal requiri\u00f3 y la elev\u00f3 a Casaci\u00f3n y el tribunal hizo lo que ten\u00eda que hacer: lo elev\u00f3 al fiscal y tom\u00f3 la decisi\u00f3n de desistimiento\u00bb.<\/p>\n<p>\u00abY se desiste por primera vez y, por \u00faltima vez, porque ac\u00e1 se archiva la causa definitivamente\u201d, concluy\u00f3.<\/p>\n<p>&nbsp;<\/p>\n<p>&nbsp;<\/p>\n<p>&nbsp;<\/p>\n<p>&nbsp;<\/p>\n","protected":false},"excerpt":{"rendered":"<p>El jefe de Gabinete descart\u00f3 hoy la posibilidad de que sea retomada en otra instancia judicial la denuncia del fallecido fiscal, al se\u00f1alar que \u00abhay un principio del Derecho que dice que no se puede juzgar dos veces por la misma causa\u00bb.<\/p>\n","protected":false},"author":8,"featured_media":0,"comment_status":"open","ping_status":"open","sticky":false,"template":"","format":"standard","meta":{"_jetpack_newsletter_access":"","_jetpack_dont_email_post_to_subs":false,"_jetpack_newsletter_tier_id":0,"_jetpack_memberships_contains_paywalled_content":false,"_jetpack_memberships_contains_paid_content":false,"footnotes":""},"categories":[51],"tags":[],"class_list":["post-64600","post","type-post","status-publish","format-standard","hentry","category-politica"],"jetpack_shortlink":"https:\/\/wp.me\/p2JWE0-gNW","jetpack-related-posts":[{"id":117875,"url":"http:\/\/www.24baires.com\/?p=117875","url_meta":{"origin":64600,"position":0},"title":"Cristina consider\u00f3 \u00abdisparate judicial, institucional y pol\u00edtico\u00bb a la causa del memor\u00e1ndum","author":"AF","date":"16\/07\/2021","format":false,"excerpt":"La vicepresidenta expuso durante la audiencia p\u00fablica, que fue escuchada por m\u00e1s de 20 mil personas a trav\u00e9s de YouTube. \"Se hicieron maniobras persecutorias para perjudicarnos a m\u00ed y mi familia\", asegur\u00f3. El Tribunal Oral Federal 8 debe resolver si declara o no la nulidad del proceso. La vicepresidenta Cristina\u2026","rel":"","context":"En \u00abJUDICIALES\u00bb","block_context":{"text":"JUDICIALES","link":"http:\/\/www.24baires.com\/?cat=68"},"img":{"alt_text":"","src":"https:\/\/i0.wp.com\/www.24baires.com\/wp-content\/uploads\/2021\/07\/cfk.jpg?resize=350%2C200","width":350,"height":200,"srcset":"https:\/\/i0.wp.com\/www.24baires.com\/wp-content\/uploads\/2021\/07\/cfk.jpg?resize=350%2C200 1x, https:\/\/i0.wp.com\/www.24baires.com\/wp-content\/uploads\/2021\/07\/cfk.jpg?resize=525%2C300 1.5x"},"classes":[]},{"id":102494,"url":"http:\/\/www.24baires.com\/?p=102494","url_meta":{"origin":64600,"position":1},"title":"La C\u00e1mara \u00abreflot\u00f3\u00bb la causa Nisman y asegura que se trat\u00f3 de un crimen","author":"AF","date":"01\/06\/2018","format":false,"excerpt":"Confirm\u00f3 que el ex juez Alberto Nisman fue asesinado. Agregaron que el motivo fue su denuncia contra Cristina Kirchner. Adem\u00e1s dejaron firme el procesamiento de Diego Lagomarsino. La C\u00e1mara Federal hizo su aparici\u00f3n en medio de la debacle econ\u00f3mica que enfrenta el gobierno de Mauricio Macri. Entre masivas manifestaciones en\u2026","rel":"","context":"En \u00abJUDICIALES\u00bb","block_context":{"text":"JUDICIALES","link":"http:\/\/www.24baires.com\/?cat=68"},"img":{"alt_text":"","src":"https:\/\/i0.wp.com\/www.24baires.com\/wp-content\/uploads\/2015\/07\/nisman.jpg?resize=350%2C200","width":350,"height":200,"srcset":"https:\/\/i0.wp.com\/www.24baires.com\/wp-content\/uploads\/2015\/07\/nisman.jpg?resize=350%2C200 1x, https:\/\/i0.wp.com\/www.24baires.com\/wp-content\/uploads\/2015\/07\/nisman.jpg?resize=525%2C300 1.5x"},"classes":[]},{"id":106628,"url":"http:\/\/www.24baires.com\/?p=106628","url_meta":{"origin":64600,"position":2},"title":"La AMIA busca retirarse de la querella contra Cristina por el Memor\u00e1ndum con Ir\u00e1n","author":"AF","date":"31\/01\/2019","format":false,"excerpt":"Fue un pedido a la DAIA en la causa que se origin\u00f3 con la denuncia del fiscal Alberto Nisman y busca \u201cempezar a tomar distancia de una causa que est\u00e1 en el centro de la famosa grieta\u201d. La Asociaci\u00f3n Mutual Israelita Argentina (AMIA) le reclam\u00f3 a la Delegaci\u00f3n de Asociaciones\u2026","rel":"","context":"En \u00abJUDICIALES\u00bb","block_context":{"text":"JUDICIALES","link":"http:\/\/www.24baires.com\/?cat=68"},"img":{"alt_text":"","src":"https:\/\/i0.wp.com\/www.24baires.com\/wp-content\/uploads\/2015\/04\/amia.jpg?resize=350%2C200","width":350,"height":200,"srcset":"https:\/\/i0.wp.com\/www.24baires.com\/wp-content\/uploads\/2015\/04\/amia.jpg?resize=350%2C200 1x, https:\/\/i0.wp.com\/www.24baires.com\/wp-content\/uploads\/2015\/04\/amia.jpg?resize=525%2C300 1.5x"},"classes":[]},{"id":85412,"url":"http:\/\/www.24baires.com\/?p=85412","url_meta":{"origin":64600,"position":3},"title":"La DAIA pedir\u00e1 la reapertura de la denuncia de Nisman contra Cristina","author":"AF","date":"25\/07\/2016","format":false,"excerpt":"El titular Ariel Cohen Sabban confirm\u00f3 que esa instituci\u00f3n pedir\u00e1 a la Justicia que se \u201cdesarchive y se reabra\u201d la investigaci\u00f3n sobre la denuncia que present\u00f3 antes de morir el fiscal contra la ex presidenta y H\u00e9ctor Timerman, a quienes acus\u00f3 de encubrir a Ir\u00e1n en el atentado a la\u2026","rel":"","context":"En \u00abJUDICIALES\u00bb","block_context":{"text":"JUDICIALES","link":"http:\/\/www.24baires.com\/?cat=68"},"img":{"alt_text":"nisman","src":"https:\/\/i0.wp.com\/www.24baires.com\/wp-content\/uploads\/2015\/07\/nisman.jpg?resize=350%2C200","width":350,"height":200,"srcset":"https:\/\/i0.wp.com\/www.24baires.com\/wp-content\/uploads\/2015\/07\/nisman.jpg?resize=350%2C200 1x, https:\/\/i0.wp.com\/www.24baires.com\/wp-content\/uploads\/2015\/07\/nisman.jpg?resize=525%2C300 1.5x"},"classes":[]},{"id":63624,"url":"http:\/\/www.24baires.com\/?p=63624","url_meta":{"origin":64600,"position":4},"title":"An\u00edbal Fern\u00e1ndez calific\u00f3 a la denuncia de Nisman como \u00abuna verg\u00fcenza\u00bb","author":"AF","date":"27\/03\/2015","format":false,"excerpt":"El jefe de Gabinete volvi\u00f3 a cuestionar la denuncia del fallecido fiscal, desestimada ayer por la C\u00e1mara Federal. Afirm\u00f3, adem\u00e1s, que el camarista Jorge Ballestero dijo \"frases dur\u00edsimas\" en el fallo. El jefe de Gabinete, An\u00edbal Fern\u00e1ndez, volvi\u00f3 a cuestionar hoy la denuncia del fallecido fiscal Alberto Nisman contra la\u2026","rel":"","context":"En \u00abJUDICIALES\u00bb","block_context":{"text":"JUDICIALES","link":"http:\/\/www.24baires.com\/?cat=68"},"img":{"alt_text":"anibal","src":"https:\/\/i0.wp.com\/www.24baires.com\/wp-content\/uploads\/2015\/01\/anibal.jpg?resize=350%2C200","width":350,"height":200,"srcset":"https:\/\/i0.wp.com\/www.24baires.com\/wp-content\/uploads\/2015\/01\/anibal.jpg?resize=350%2C200 1x, https:\/\/i0.wp.com\/www.24baires.com\/wp-content\/uploads\/2015\/01\/anibal.jpg?resize=525%2C300 1.5x"},"classes":[]},{"id":91184,"url":"http:\/\/www.24baires.com\/?p=91184","url_meta":{"origin":64600,"position":5},"title":"Apartaron a Rafecas de la denuncia de Nisman contra Cristina Kirchner","author":"GB","date":"29\/12\/2016","format":false,"excerpt":"En su resoluci\u00f3n, la C\u00e1mara de Casaci\u00f3n calific\u00f3 la decisi\u00f3n de Rafecas de desestimar la denuncia como \"arbitraria, prematura y parcial\". El juez Daniel Rafecas as\u00ed como los camaristas de la sala primera de la C\u00e1mara Federal, Eduardo Freiler y Jorge Ballestero fueron apartados de la causa que se abrir\u00e1\u2026","rel":"","context":"En \u00abPol\u00edtica\u00bb","block_context":{"text":"Pol\u00edtica","link":"http:\/\/www.24baires.com\/?cat=51"},"img":{"alt_text":"","src":"https:\/\/i0.wp.com\/www.24baires.com\/wp-content\/uploads\/2016\/08\/Rafecas.jpg?resize=350%2C200","width":350,"height":200,"srcset":"https:\/\/i0.wp.com\/www.24baires.com\/wp-content\/uploads\/2016\/08\/Rafecas.jpg?resize=350%2C200 1x, https:\/\/i0.wp.com\/www.24baires.com\/wp-content\/uploads\/2016\/08\/Rafecas.jpg?resize=525%2C300 1.5x"},"classes":[]}],"jetpack_sharing_enabled":true,"jetpack_likes_enabled":true,"jetpack_featured_media_url":"","_links":{"self":[{"href":"http:\/\/www.24baires.com\/index.php?rest_route=\/wp\/v2\/posts\/64600","targetHints":{"allow":["GET"]}}],"collection":[{"href":"http:\/\/www.24baires.com\/index.php?rest_route=\/wp\/v2\/posts"}],"about":[{"href":"http:\/\/www.24baires.com\/index.php?rest_route=\/wp\/v2\/types\/post"}],"author":[{"embeddable":true,"href":"http:\/\/www.24baires.com\/index.php?rest_route=\/wp\/v2\/users\/8"}],"replies":[{"embeddable":true,"href":"http:\/\/www.24baires.com\/index.php?rest_route=%2Fwp%2Fv2%2Fcomments&post=64600"}],"version-history":[{"count":1,"href":"http:\/\/www.24baires.com\/index.php?rest_route=\/wp\/v2\/posts\/64600\/revisions"}],"predecessor-version":[{"id":64601,"href":"http:\/\/www.24baires.com\/index.php?rest_route=\/wp\/v2\/posts\/64600\/revisions\/64601"}],"wp:attachment":[{"href":"http:\/\/www.24baires.com\/index.php?rest_route=%2Fwp%2Fv2%2Fmedia&parent=64600"}],"wp:term":[{"taxonomy":"category","embeddable":true,"href":"http:\/\/www.24baires.com\/index.php?rest_route=%2Fwp%2Fv2%2Fcategories&post=64600"},{"taxonomy":"post_tag","embeddable":true,"href":"http:\/\/www.24baires.com\/index.php?rest_route=%2Fwp%2Fv2%2Ftags&post=64600"}],"curies":[{"name":"wp","href":"https:\/\/api.w.org\/{rel}","templated":true}]}}