{"id":64568,"date":"2015-04-20T17:45:49","date_gmt":"2015-04-20T20:45:49","guid":{"rendered":"http:\/\/www.24baires.com\/?p=64568"},"modified":"2015-04-21T09:56:17","modified_gmt":"2015-04-21T12:56:17","slug":"camara-de-casacion-desistio-tratar-la-denuncia-de-nisman","status":"publish","type":"post","link":"http:\/\/www.24baires.com\/?p=64568","title":{"rendered":"El fiscal de la C\u00e1mara de Casaci\u00f3n desisti\u00f3 tratar la denuncia de Nisman"},"content":{"rendered":"<p><img data-recalc-dims=\"1\" loading=\"lazy\" decoding=\"async\" class=\"aligncenter size-full wp-image-60206\" src=\"https:\/\/i0.wp.com\/www.24baires.com\/wp-content\/uploads\/2015\/01\/Alberto-Nisman.jpg?resize=560%2C318\" alt=\"Alberto-Nisman\" width=\"560\" height=\"318\" srcset=\"https:\/\/i0.wp.com\/www.24baires.com\/wp-content\/uploads\/2015\/01\/Alberto-Nisman.jpg?w=560 560w, https:\/\/i0.wp.com\/www.24baires.com\/wp-content\/uploads\/2015\/01\/Alberto-Nisman.jpg?resize=300%2C170 300w\" sizes=\"auto, (max-width: 560px) 100vw, 560px\" \/>El fiscal de la C\u00e1mara Federal de Casaci\u00f3n Penal fall\u00f3 en la causa por la denucnia que el fallecido fiscal hab\u00eda iniciado contra la Presidenta de la Naci\u00f3n y otros funcionarios por el encubrimiento del atentado a la AMIA y desisti\u00f3 de continuar la apelaci\u00f3n.<!--more--><\/p>\n<p>\u201cDesisto fundadamente del recurso interpuesto por el colega que me antecediera en la etapa\u201d, dice De Luca al dejar sentado que no apelar\u00e1 la denuncia sostenida por el fiscal German Moldes y por ende no impulsar\u00e1 la continuidad de la investigaci\u00f3n por supuesto encubrimiento al atentado contra la Amia.<\/p>\n<p>La decisi\u00f3n del fiscal podr\u00eda favorecer la desestimaci\u00f3n definitiva del caso. Su dictamen fue entregado a la sala I de la Camara de Casacion, que si lo considera fundado,deber\u00e1 confirmar el archivo de la denuncia.<\/p>\n<p>&nbsp;<\/p>\n<p>&nbsp;<\/p>\n<p>&nbsp;<\/p>\n<p>&nbsp;<\/p>\n","protected":false},"excerpt":{"rendered":"<p>El fiscal de la C\u00e1mara Federal de Casaci\u00f3n Penal fall\u00f3 en la causa por la denucnia que el fallecido fiscal hab\u00eda iniciado contra la Presidenta de la Naci\u00f3n y otros funcionarios por el encubrimiento del atentado a la AMIA y desisti\u00f3 de continuar la apelaci\u00f3n.<\/p>\n","protected":false},"author":8,"featured_media":0,"comment_status":"open","ping_status":"open","sticky":false,"template":"","format":"standard","meta":{"_jetpack_newsletter_access":"","_jetpack_dont_email_post_to_subs":false,"_jetpack_newsletter_tier_id":0,"_jetpack_memberships_contains_paywalled_content":false,"_jetpack_memberships_contains_paid_content":false,"footnotes":""},"categories":[51],"tags":[],"class_list":["post-64568","post","type-post","status-publish","format-standard","hentry","category-politica"],"jetpack_shortlink":"https:\/\/wp.me\/p2JWE0-gNq","jetpack-related-posts":[{"id":117875,"url":"http:\/\/www.24baires.com\/?p=117875","url_meta":{"origin":64568,"position":0},"title":"Cristina consider\u00f3 \u00abdisparate judicial, institucional y pol\u00edtico\u00bb a la causa del memor\u00e1ndum","author":"AF","date":"16\/07\/2021","format":false,"excerpt":"La vicepresidenta expuso durante la audiencia p\u00fablica, que fue escuchada por m\u00e1s de 20 mil personas a trav\u00e9s de YouTube. \"Se hicieron maniobras persecutorias para perjudicarnos a m\u00ed y mi familia\", asegur\u00f3. El Tribunal Oral Federal 8 debe resolver si declara o no la nulidad del proceso. La vicepresidenta Cristina\u2026","rel":"","context":"En \u00abJUDICIALES\u00bb","block_context":{"text":"JUDICIALES","link":"http:\/\/www.24baires.com\/?cat=68"},"img":{"alt_text":"","src":"https:\/\/i0.wp.com\/www.24baires.com\/wp-content\/uploads\/2021\/07\/cfk.jpg?resize=350%2C200","width":350,"height":200,"srcset":"https:\/\/i0.wp.com\/www.24baires.com\/wp-content\/uploads\/2021\/07\/cfk.jpg?resize=350%2C200 1x, https:\/\/i0.wp.com\/www.24baires.com\/wp-content\/uploads\/2021\/07\/cfk.jpg?resize=525%2C300 1.5x"},"classes":[]},{"id":64328,"url":"http:\/\/www.24baires.com\/?p=64328","url_meta":{"origin":64568,"position":1},"title":"La denuncia de Nisman ser\u00e1 dictaminada por el Fiscal de Casaci\u00f3n De Luca","author":"Grupo Sierra","date":"15\/04\/2015","format":false,"excerpt":"La denuncia del fallecido fiscal Alberto Nisman contra funcionarios del Gobierno y otras personas por supuesto encubrimiento del atentado a la AMIA, ser\u00e1 analizada en su nueva instancia judicial por el fiscal de Casaci\u00f3n Javier De Luca, quien deber\u00e1 dictaminar si la impulsa o la desestima, como ya ocurri\u00f3 en\u2026","rel":"","context":"En \u00abJUDICIALES\u00bb","block_context":{"text":"JUDICIALES","link":"http:\/\/www.24baires.com\/?cat=68"},"img":{"alt_text":"Alberto-Nisman","src":"https:\/\/i0.wp.com\/www.24baires.com\/wp-content\/uploads\/2015\/01\/Alberto-Nisman.jpg?resize=350%2C200","width":350,"height":200,"srcset":"https:\/\/i0.wp.com\/www.24baires.com\/wp-content\/uploads\/2015\/01\/Alberto-Nisman.jpg?resize=350%2C200 1x, https:\/\/i0.wp.com\/www.24baires.com\/wp-content\/uploads\/2015\/01\/Alberto-Nisman.jpg?resize=525%2C300 1.5x"},"classes":[]},{"id":79983,"url":"http:\/\/www.24baires.com\/?p=79983","url_meta":{"origin":64568,"position":2},"title":"Rafecas rechaz\u00f3 reabrir una denuncia contra Cristina","author":"GB","date":"10\/03\/2016","format":false,"excerpt":"El juez rechaz\u00f3 un planteo del fiscal Gerardo Pollicita en base a lo que le pidieron sus colegas Carlos Stornelli y Ra\u00fal Ple\u00e9, frente a una votaci\u00f3n que deb\u00eda hacerse en la C\u00e1mara Federal de Casaci\u00f3n sobre el Memor\u00e1ndum con Ir\u00e1n. El juez federal Daniel Rafecas rechaz\u00f3 hoy un pedido\u2026","rel":"","context":"En \u00abPol\u00edtica\u00bb","block_context":{"text":"Pol\u00edtica","link":"http:\/\/www.24baires.com\/?cat=51"},"img":{"alt_text":"rafecas","src":"https:\/\/i0.wp.com\/www.24baires.com\/wp-content\/uploads\/2015\/02\/rafecas.jpg?resize=350%2C200","width":350,"height":200,"srcset":"https:\/\/i0.wp.com\/www.24baires.com\/wp-content\/uploads\/2015\/02\/rafecas.jpg?resize=350%2C200 1x, https:\/\/i0.wp.com\/www.24baires.com\/wp-content\/uploads\/2015\/02\/rafecas.jpg?resize=525%2C300 1.5x"},"classes":[]},{"id":63594,"url":"http:\/\/www.24baires.com\/?p=63594","url_meta":{"origin":64568,"position":3},"title":"Desestiman la denuncia de Nisman contra Cristina","author":"GB","date":"26\/03\/2015","format":false,"excerpt":"La sala I de la C\u00e1mara Federal porte\u00f1a desestim\u00f3 la denuncia del fallecido fiscal contra la Presidenta, entre otros, por supuesto encubrimiento del atentado a la AMIA. La Sala I de la C\u00e1mara Federal porte\u00f1a desestim\u00f3 la denuncia del fallecido fiscal Alberto Nisman contra la presidenta Cristina Fern\u00e1ndez de Kirchner,\u2026","rel":"","context":"En \u00abPol\u00edtica\u00bb","block_context":{"text":"Pol\u00edtica","link":"http:\/\/www.24baires.com\/?cat=51"},"img":{"alt_text":"nisman-1","src":"https:\/\/i0.wp.com\/www.24baires.com\/wp-content\/uploads\/2015\/01\/nisman-1.jpg?resize=350%2C200","width":350,"height":200,"srcset":"https:\/\/i0.wp.com\/www.24baires.com\/wp-content\/uploads\/2015\/01\/nisman-1.jpg?resize=350%2C200 1x, https:\/\/i0.wp.com\/www.24baires.com\/wp-content\/uploads\/2015\/01\/nisman-1.jpg?resize=525%2C300 1.5x"},"classes":[]},{"id":63754,"url":"http:\/\/www.24baires.com\/?p=63754","url_meta":{"origin":64568,"position":4},"title":"El fiscal Moldes apel\u00f3 el fallo que desestim\u00f3 la denuncia de Nisman","author":"GB","date":"31\/03\/2015","format":false,"excerpt":"El fiscal general Germ\u00e1n Moldes apel\u00f3 el fallo de la C\u00e1mara Federal que desestim\u00f3 la denuncia del fiscal Alberto Nisman contra la presidenta Cristina Kirchner por presunto encubrimiento a Ir\u00e1n en el atentado a la AMIA. El caso ir\u00e1 a la C\u00e1mara de Casaci\u00f3n Penal. La denuncia de Nisman ya\u2026","rel":"","context":"En \u00abPol\u00edtica\u00bb","block_context":{"text":"Pol\u00edtica","link":"http:\/\/www.24baires.com\/?cat=51"},"img":{"alt_text":"","src":"https:\/\/i0.wp.com\/www.24baires.com\/wp-content\/uploads\/2015\/03\/moldes.jpg?resize=350%2C200","width":350,"height":200,"srcset":"https:\/\/i0.wp.com\/www.24baires.com\/wp-content\/uploads\/2015\/03\/moldes.jpg?resize=350%2C200 1x, https:\/\/i0.wp.com\/www.24baires.com\/wp-content\/uploads\/2015\/03\/moldes.jpg?resize=525%2C300 1.5x"},"classes":[]},{"id":90873,"url":"http:\/\/www.24baires.com\/?p=90873","url_meta":{"origin":64568,"position":5},"title":"En 20 d\u00edas, Casaci\u00f3n resolver\u00e1 si reabre la investigaci\u00f3n de Nisman","author":"AF","date":"19\/12\/2016","format":false,"excerpt":"La C\u00e1mara Federal de Casaci\u00f3n Penal qued\u00f3 en condiciones de decidir si abre o no la investigaci\u00f3n de la denuncia presentada por el fallecido fiscal Alberto Nisman contra la ex presidenta Cristina Fern\u00e1ndez de Kirchner y otros ex funcionarios y dirigentes pol\u00edticos a los que acus\u00f3 de querer encubrir a\u2026","rel":"","context":"En \u00abJUDICIALES\u00bb","block_context":{"text":"JUDICIALES","link":"http:\/\/www.24baires.com\/?cat=68"},"img":{"alt_text":"","src":"https:\/\/i0.wp.com\/www.24baires.com\/wp-content\/uploads\/2015\/01\/nisman-1.jpg?resize=350%2C200","width":350,"height":200,"srcset":"https:\/\/i0.wp.com\/www.24baires.com\/wp-content\/uploads\/2015\/01\/nisman-1.jpg?resize=350%2C200 1x, https:\/\/i0.wp.com\/www.24baires.com\/wp-content\/uploads\/2015\/01\/nisman-1.jpg?resize=525%2C300 1.5x"},"classes":[]}],"jetpack_sharing_enabled":true,"jetpack_likes_enabled":true,"jetpack_featured_media_url":"","_links":{"self":[{"href":"http:\/\/www.24baires.com\/index.php?rest_route=\/wp\/v2\/posts\/64568","targetHints":{"allow":["GET"]}}],"collection":[{"href":"http:\/\/www.24baires.com\/index.php?rest_route=\/wp\/v2\/posts"}],"about":[{"href":"http:\/\/www.24baires.com\/index.php?rest_route=\/wp\/v2\/types\/post"}],"author":[{"embeddable":true,"href":"http:\/\/www.24baires.com\/index.php?rest_route=\/wp\/v2\/users\/8"}],"replies":[{"embeddable":true,"href":"http:\/\/www.24baires.com\/index.php?rest_route=%2Fwp%2Fv2%2Fcomments&post=64568"}],"version-history":[{"count":3,"href":"http:\/\/www.24baires.com\/index.php?rest_route=\/wp\/v2\/posts\/64568\/revisions"}],"predecessor-version":[{"id":64572,"href":"http:\/\/www.24baires.com\/index.php?rest_route=\/wp\/v2\/posts\/64568\/revisions\/64572"}],"wp:attachment":[{"href":"http:\/\/www.24baires.com\/index.php?rest_route=%2Fwp%2Fv2%2Fmedia&parent=64568"}],"wp:term":[{"taxonomy":"category","embeddable":true,"href":"http:\/\/www.24baires.com\/index.php?rest_route=%2Fwp%2Fv2%2Fcategories&post=64568"},{"taxonomy":"post_tag","embeddable":true,"href":"http:\/\/www.24baires.com\/index.php?rest_route=%2Fwp%2Fv2%2Ftags&post=64568"}],"curies":[{"name":"wp","href":"https:\/\/api.w.org\/{rel}","templated":true}]}}