{"id":64554,"date":"2015-04-20T15:00:03","date_gmt":"2015-04-20T18:00:03","guid":{"rendered":"http:\/\/www.24baires.com\/?p=64554"},"modified":"2015-04-20T12:07:21","modified_gmt":"2015-04-20T15:07:21","slug":"urribarri-a-massa-le-falta-barney-el-resto-de-los-dinosaurios-ya-esta-con-el","status":"publish","type":"post","link":"http:\/\/www.24baires.com\/?p=64554","title":{"rendered":"Urribarri: \u00abA Massa le falta Barney, el resto de los dinosaurios ya est\u00e1 con \u00e9l\u00bb"},"content":{"rendered":"<p><img data-recalc-dims=\"1\" loading=\"lazy\" decoding=\"async\" class=\"aligncenter size-full wp-image-50846\" src=\"https:\/\/i0.wp.com\/www.24baires.com\/wp-content\/uploads\/2014\/07\/urribarri.jpg?resize=560%2C315\" alt=\"urribarri\" width=\"560\" height=\"315\" srcset=\"https:\/\/i0.wp.com\/www.24baires.com\/wp-content\/uploads\/2014\/07\/urribarri.jpg?w=560 560w, https:\/\/i0.wp.com\/www.24baires.com\/wp-content\/uploads\/2014\/07\/urribarri.jpg?resize=300%2C168 300w\" sizes=\"auto, (max-width: 560px) 100vw, 560px\" \/>La afirmaci\u00f3n pertenece al gobernador de la provincia de Entre R\u00edos, Sergio Urribarri. Dice que el Frente Renovador es el \u00abJurassic Park de la pol\u00edtica\u00bb. <!--more--><\/p>\n<p>El gobernador de Entre R\u00edos y precandidato presidencial del Frente para la Victoria, Sergio Urribarri, cuestion\u00f3 este domingo al l\u00edder del Frente Renovador, Sergio Massa, a quien acus\u00f3 de estar rodeado de \u00abdinosarios\u00bb pol\u00edticos.<\/p>\n<p>\u00abTanto la pol\u00edtica como la vida se trata de coherencia entre lo que se dice y lo que se hace, eso te define m\u00e1s all\u00e1 del cartelito o la foto de un publicista. Massa no puede decir que es la renovaci\u00f3n. S\u00f3lo le falta Barney, porque el resto de los dinosaurios ya est\u00e1n con \u00e9l\u00bb, afirm\u00f3 Urribarri en un comunicado, en alusi\u00f3n al personaje animado de la serie infantil estadounidense Barney y sus amigos.<\/p>\n<p>En tanto, calific\u00f3 al Frente Renovador de \u00abJurassic Park de la pol\u00edtica, una isla donde se reproducen, entre otros, Luis Barrionuevo como vocero y (Julio C\u00e9sar) \u00abChiche\u00bb Ar\u00e1oz como armador pol\u00edtico\u00bb.<\/p>\n<p>\u00abAc\u00e1 se ve claro lo que pasa: Massa gozaba de un anab\u00f3lico medi\u00e1tico mediante el blindaje y la promoci\u00f3n en grandes diarios y canales de televisi\u00f3n. Ahora que lo abandonan, se desinfla y se refugia en el pasado, en personajes mal\u00e9volos del canal Volver\u00bb, espet\u00f3 Urribarri.<\/p>\n<p>El mandatario provincial formul\u00f3 estas declaraciones al ser consultado sobre la visita del precandidato presidencial del Frente Renovador a Entre R\u00edos, respecto de lo cual dijo que \u00abesto es la democracia y \u00e9l tiene el derecho de venir a mostrarse con sus aliados para que los entrerrianos decidan si quieren retroceder con Massa o avanzar con el FPV\u00bb.<\/p>\n<p>&nbsp;<\/p>\n<p>&nbsp;<\/p>\n<p>&nbsp;<\/p>\n<p>&nbsp;<\/p>\n<p>&nbsp;<\/p>\n<p>&nbsp;<\/p>\n<p>&nbsp;<\/p>\n<p>&nbsp;<\/p>\n<p>&nbsp;<\/p>\n<p>&nbsp;<\/p>\n<p>&nbsp;<\/p>\n<p>&nbsp;<\/p>\n<p>&nbsp;<\/p>\n<p>&nbsp;<\/p>\n<p>&nbsp;<\/p>\n<p>&nbsp;<\/p>\n<p>&nbsp;<\/p>\n<p>&nbsp;<\/p>\n<p>&nbsp;<\/p>\n","protected":false},"excerpt":{"rendered":"<p>La afirmaci\u00f3n pertenece al gobernador de la provincia de Entre R\u00edos, Sergio Urribarri. Dice que el Frente Renovador es el \u00abJurassic Park de la pol\u00edtica\u00bb.<\/p>\n","protected":false},"author":4,"featured_media":0,"comment_status":"open","ping_status":"open","sticky":false,"template":"","format":"standard","meta":{"_jetpack_newsletter_access":"","_jetpack_dont_email_post_to_subs":false,"_jetpack_newsletter_tier_id":0,"_jetpack_memberships_contains_paywalled_content":false,"_jetpack_memberships_contains_paid_content":false,"footnotes":""},"categories":[51],"tags":[],"class_list":["post-64554","post","type-post","status-publish","format-standard","hentry","category-politica"],"jetpack_shortlink":"https:\/\/wp.me\/p2JWE0-gNc","jetpack-related-posts":[{"id":56243,"url":"http:\/\/www.24baires.com\/?p=56243","url_meta":{"origin":64554,"position":0},"title":"Para Urribarri, \u00abMassa est\u00e1 nervioso por YPF\u00bb","author":"Grupo Sierra","date":"29\/10\/2014","format":false,"excerpt":"El gobernador de Entre R\u00edos cuestion\u00f3 al l\u00edder del Frente Renovador quien dijo que, de resultar electo presidente, cambiar\u00e1 al CEO de YPF. El gobernador de Entre R\u00edos, Sergio Urribarri, cuestion\u00f3 las declaraciones del l\u00edder del Frente Renovador, Sergio Massa, quien hab\u00eda anticipado que, de resultar electo presidente, designar\u00e1 a\u2026","rel":"","context":"En \u00abPol\u00edtica\u00bb","block_context":{"text":"Pol\u00edtica","link":"http:\/\/www.24baires.com\/?cat=51"},"img":{"alt_text":"","src":"https:\/\/i0.wp.com\/www.24baires.com\/wp-content\/uploads\/2014\/10\/urribarri-massa.jpg?resize=350%2C200","width":350,"height":200,"srcset":"https:\/\/i0.wp.com\/www.24baires.com\/wp-content\/uploads\/2014\/10\/urribarri-massa.jpg?resize=350%2C200 1x, https:\/\/i0.wp.com\/www.24baires.com\/wp-content\/uploads\/2014\/10\/urribarri-massa.jpg?resize=525%2C300 1.5x"},"classes":[]},{"id":55643,"url":"http:\/\/www.24baires.com\/?p=55643","url_meta":{"origin":64554,"position":1},"title":"\u00abLa oposici\u00f3n es un frente derogador encabezado por Massa y Sanz\u00bb","author":"AF","date":"19\/10\/2014","format":false,"excerpt":"El gobernador de Entre R\u00edos, Sergio Urribarri, asegur\u00f3 sentir \u201cpena\u201d por la iniciativa de los partidos opositores que plantearon que, en caso de ganar las elecciones de 2015, derogar\u00e1n las leyes aprobadas por el Congreso desde 2003, al mismo tiempo que los calific\u00f3 como \u201cun frente derogador\u201d encabezado por Sergio\u2026","rel":"","context":"En \u00abPol\u00edtica\u00bb","block_context":{"text":"Pol\u00edtica","link":"http:\/\/www.24baires.com\/?cat=51"},"img":{"alt_text":"urribarri","src":"https:\/\/i0.wp.com\/www.24baires.com\/wp-content\/uploads\/2014\/07\/urribarri.jpg?resize=350%2C200","width":350,"height":200,"srcset":"https:\/\/i0.wp.com\/www.24baires.com\/wp-content\/uploads\/2014\/07\/urribarri.jpg?resize=350%2C200 1x, https:\/\/i0.wp.com\/www.24baires.com\/wp-content\/uploads\/2014\/07\/urribarri.jpg?resize=525%2C300 1.5x"},"classes":[]},{"id":58650,"url":"http:\/\/www.24baires.com\/?p=58650","url_meta":{"origin":64554,"position":2},"title":"Urribarri: \u00abMassa no conoce la historia y no tiene valores\u00bb","author":"AF","date":"15\/12\/2014","format":false,"excerpt":"El gobernador de Entre R\u00edos, Sergio Urribarri, acus\u00f3 al diputado nacional Sergio Massa, de carecer de \"valores\" y consider\u00f3 que las declaraciones relacionadas con los derechos humanos son producto del \"desmoronamiento de su candidatura\". \"Massa est\u00e1 percibiendo c\u00f3mo se desmorona su candidatura y sus posibilidades en estas \u00faltimas semanas. Argentina\u2026","rel":"","context":"En \u00abPol\u00edtica\u00bb","block_context":{"text":"Pol\u00edtica","link":"http:\/\/www.24baires.com\/?cat=51"},"img":{"alt_text":"urribarri massa","src":"https:\/\/i0.wp.com\/www.24baires.com\/wp-content\/uploads\/2014\/10\/urribarri-massa.jpg?resize=350%2C200","width":350,"height":200,"srcset":"https:\/\/i0.wp.com\/www.24baires.com\/wp-content\/uploads\/2014\/10\/urribarri-massa.jpg?resize=350%2C200 1x, https:\/\/i0.wp.com\/www.24baires.com\/wp-content\/uploads\/2014\/10\/urribarri-massa.jpg?resize=525%2C300 1.5x"},"classes":[]},{"id":43558,"url":"http:\/\/www.24baires.com\/?p=43558","url_meta":{"origin":64554,"position":3},"title":"\u00abLos que acompa\u00f1an a Massa son la sinf\u00f3nica del fracaso\u00bb","author":"GB","date":"09\/04\/2014","format":false,"excerpt":"El gobernador de Entre R\u00edos afirm\u00f3 que los que acompa\u00f1an al l\u00edder del Frente Renovador, Sergio Massa, \"son la sinf\u00f3nica del fracaso\" y advirti\u00f3 que si el ex intendente de Tigre y actual diputado nacional llega a la Presidencia de la Naci\u00f3n, \"la Asignaci\u00f3n Universal por Hijo y el PROCREAR\u2026","rel":"","context":"En \u00abPol\u00edtica\u00bb","block_context":{"text":"Pol\u00edtica","link":"http:\/\/www.24baires.com\/?cat=51"},"img":{"alt_text":"urribarri_afeitado","src":"https:\/\/i0.wp.com\/www.24baires.com\/wp-content\/uploads\/2013\/11\/urribarri_afeitado-300x200.jpg?resize=350%2C200","width":350,"height":200},"classes":[]},{"id":35202,"url":"http:\/\/www.24baires.com\/?p=35202","url_meta":{"origin":64554,"position":4},"title":"Aseguran que \u00abCristina se recupera de una manera excelente\u201d","author":"AF","date":"15\/11\/2013","format":false,"excerpt":"El gobernador de Entre R\u00edos, Sergio Urribarri, record\u00f3 adem\u00e1s que la Presidenta \"estar\u00e1 el pr\u00f3ximo lunes al frente de las actividades en el gobierno nacional\". El gobernador de Entre R\u00edos, Sergio Urribarri, afirm\u00f3 hoy que la presidenta Cristina Fern\u00e1ndez de Kirchner \u201cse recupera de una manera excelente, lo que es\u2026","rel":"","context":"En \u00abPol\u00edtica\u00bb","block_context":{"text":"Pol\u00edtica","link":"http:\/\/www.24baires.com\/?cat=51"},"img":{"alt_text":"Cristina san juan","src":"https:\/\/i0.wp.com\/www.24baires.com\/wp-content\/uploads\/2013\/10\/Cristina-san-juan.jpg?resize=350%2C200","width":350,"height":200,"srcset":"https:\/\/i0.wp.com\/www.24baires.com\/wp-content\/uploads\/2013\/10\/Cristina-san-juan.jpg?resize=350%2C200 1x, https:\/\/i0.wp.com\/www.24baires.com\/wp-content\/uploads\/2013\/10\/Cristina-san-juan.jpg?resize=525%2C300 1.5x"},"classes":[]},{"id":50845,"url":"http:\/\/www.24baires.com\/?p=50845","url_meta":{"origin":64554,"position":5},"title":"Urribarri cuestion\u00f3 duramente a Massa por YPF","author":"Grupo Sierra","date":"30\/07\/2014","format":false,"excerpt":"El gobernador de Entre R\u00edos sali\u00f3 al cruce del diputado, quien cuestion\u00f3 a Miguel Galuccio al sugerir su despido en caso de acceder a la presidencia de pa\u00eds. \u201cSinceramente no creo que en el improbable caso de que Massa fuera presidente, un ejecutivo y un patriota como Miguel Galuccio quiera\u2026","rel":"","context":"En \u00abPol\u00edtica\u00bb","block_context":{"text":"Pol\u00edtica","link":"http:\/\/www.24baires.com\/?cat=51"},"img":{"alt_text":"","src":"https:\/\/i0.wp.com\/www.24baires.com\/wp-content\/uploads\/2014\/07\/urribarri.jpg?resize=350%2C200","width":350,"height":200,"srcset":"https:\/\/i0.wp.com\/www.24baires.com\/wp-content\/uploads\/2014\/07\/urribarri.jpg?resize=350%2C200 1x, https:\/\/i0.wp.com\/www.24baires.com\/wp-content\/uploads\/2014\/07\/urribarri.jpg?resize=525%2C300 1.5x"},"classes":[]}],"jetpack_sharing_enabled":true,"jetpack_likes_enabled":true,"jetpack_featured_media_url":"","_links":{"self":[{"href":"http:\/\/www.24baires.com\/index.php?rest_route=\/wp\/v2\/posts\/64554","targetHints":{"allow":["GET"]}}],"collection":[{"href":"http:\/\/www.24baires.com\/index.php?rest_route=\/wp\/v2\/posts"}],"about":[{"href":"http:\/\/www.24baires.com\/index.php?rest_route=\/wp\/v2\/types\/post"}],"author":[{"embeddable":true,"href":"http:\/\/www.24baires.com\/index.php?rest_route=\/wp\/v2\/users\/4"}],"replies":[{"embeddable":true,"href":"http:\/\/www.24baires.com\/index.php?rest_route=%2Fwp%2Fv2%2Fcomments&post=64554"}],"version-history":[{"count":1,"href":"http:\/\/www.24baires.com\/index.php?rest_route=\/wp\/v2\/posts\/64554\/revisions"}],"predecessor-version":[{"id":64556,"href":"http:\/\/www.24baires.com\/index.php?rest_route=\/wp\/v2\/posts\/64554\/revisions\/64556"}],"wp:attachment":[{"href":"http:\/\/www.24baires.com\/index.php?rest_route=%2Fwp%2Fv2%2Fmedia&parent=64554"}],"wp:term":[{"taxonomy":"category","embeddable":true,"href":"http:\/\/www.24baires.com\/index.php?rest_route=%2Fwp%2Fv2%2Fcategories&post=64554"},{"taxonomy":"post_tag","embeddable":true,"href":"http:\/\/www.24baires.com\/index.php?rest_route=%2Fwp%2Fv2%2Ftags&post=64554"}],"curies":[{"name":"wp","href":"https:\/\/api.w.org\/{rel}","templated":true}]}}