{"id":64551,"date":"2015-04-20T14:00:07","date_gmt":"2015-04-20T17:00:07","guid":{"rendered":"http:\/\/www.24baires.com\/?p=64551"},"modified":"2015-04-20T11:43:46","modified_gmt":"2015-04-20T14:43:46","slug":"es-increible-que-haya-candidatos-como-de-narvaez","status":"publish","type":"post","link":"http:\/\/www.24baires.com\/?p=64551","title":{"rendered":"\u201cEs incre\u00edble que haya candidatos como De Narv\u00e1ez\u201d"},"content":{"rendered":"<p><img data-recalc-dims=\"1\" loading=\"lazy\" decoding=\"async\" class=\"aligncenter size-full wp-image-64552\" src=\"https:\/\/i0.wp.com\/www.24baires.com\/wp-content\/uploads\/2015\/04\/di-sabatino.jpg?resize=560%2C399\" alt=\"di sabatino\" width=\"560\" height=\"399\" srcset=\"https:\/\/i0.wp.com\/www.24baires.com\/wp-content\/uploads\/2015\/04\/di-sabatino.jpg?w=560 560w, https:\/\/i0.wp.com\/www.24baires.com\/wp-content\/uploads\/2015\/04\/di-sabatino.jpg?resize=300%2C214 300w\" sizes=\"auto, (max-width: 560px) 100vw, 560px\" \/>El intendente de San Vicente, Daniel Di Sabatino, dijo que en estos a\u00f1os \u201clo mejor que ha hecho\u201d el empresario \u201cfue participar en el programa de Tinelli\u201d.<!--more--><\/p>\n<p>El intendente de San Vicente, Daniel Di Sabatino, asegur\u00f3 que en contraposici\u00f3n con lo que dicen algunos medios hegem\u00f3nicos, \u201chay un crecimiento importante en la valoraci\u00f3n del Frente para la Victoria\u201d.<\/p>\n<p>Subray\u00f3 que \u201cno es tan f\u00e1cil llevar adelante un proyecto pol\u00edtico, sostenerlo y profundizarlo como lo est\u00e1 haciendo Cristina Fern\u00e1ndez de Kirchner\u201d.<\/p>\n<p>Estim\u00f3 que los candidatos del FpV en las provincias y para la Naci\u00f3n, \u201cson de lo mejor\u201d y recalc\u00f3 que \u201cen este momento quiz\u00e1s el gobernador Scioli tiene la mejor valoraci\u00f3n por parte del electorado en todo el pa\u00eds y eso se va a traslucir claramente en las pr\u00f3ximas elecciones\u201d.<\/p>\n<p>\u201cEl mejor modelo para llevar adelante en el pa\u00eds es este modelo nacional y popular que lleva adelante Cristina y que el gobernador Scioli y otros candidatos tambi\u00e9n van a expresar claramente para sostenerlo y profundizarlo\u201d.<\/p>\n<p>Respecto de los candidatos en la Provincia, Di Sabatino, enfatiz\u00f3 que \u201cen el peronismo tenemos un semillero\u201d con candidatos que \u201cson de lo mejor, cosa que no pasa en otros partidos\u201d.<\/p>\n<p>En tal sentido, consider\u00f3 \u201cincre\u00edble que hoy pueda aparecer un candidato como De Narv\u00e1ez (Frente Renovador) cuando en todos estos a\u00f1os lo mejor que ha hecho fue participar en el programa de Tinelli diciendo que tiene un plan y nunca lo mostr\u00f3 a la sociedad\u201d.<\/p>\n<p>&nbsp;<\/p>\n<p>&nbsp;<\/p>\n<p>&nbsp;<\/p>\n<p>&nbsp;<\/p>\n<p>&nbsp;<\/p>\n<p>&nbsp;<\/p>\n<p>&nbsp;<\/p>\n<p>&nbsp;<\/p>\n<p>&nbsp;<\/p>\n<p>&nbsp;<\/p>\n<p>&nbsp;<\/p>\n<p>&nbsp;<\/p>\n<p>&nbsp;<\/p>\n<p>&nbsp;<\/p>\n","protected":false},"excerpt":{"rendered":"<p>El intendente de San Vicente, Daniel Di Sabatino, dijo que en estos a\u00f1os \u201clo mejor que ha hecho\u201d el empresario \u201cfue participar en el programa de Tinelli\u201d.<\/p>\n","protected":false},"author":4,"featured_media":0,"comment_status":"open","ping_status":"open","sticky":false,"template":"","format":"standard","meta":{"_jetpack_newsletter_access":"","_jetpack_dont_email_post_to_subs":false,"_jetpack_newsletter_tier_id":0,"_jetpack_memberships_contains_paywalled_content":false,"_jetpack_memberships_contains_paid_content":false,"footnotes":""},"categories":[51],"tags":[],"class_list":["post-64551","post","type-post","status-publish","format-standard","hentry","category-politica"],"jetpack_shortlink":"https:\/\/wp.me\/p2JWE0-gN9","jetpack-related-posts":[{"id":16274,"url":"http:\/\/www.24baires.com\/?p=16274","url_meta":{"origin":64551,"position":0},"title":"Intendentes de la 3ra. Secci\u00f3n reclaman por el retraso en el env\u00edo de fondos provinciales","author":"Grupo Sierra","date":"21\/02\/2013","format":false,"excerpt":"Intendentes de la Tercera Secci\u00f3n se reunieron esta semana en San Vicente y manifestaron su preocupaci\u00f3n por el retraso en el env\u00edo de fondos por parte de Provincia. El jefe comunal anfitri\u00f3n, Daniel Di Sabatino, confirm\u00f3 que desde enero est\u00e1n con este problema aunque se mostr\u00f3 confiado de que \u201cen\u2026","rel":"","context":"En \u00abProvincia\u00bb","block_context":{"text":"Provincia","link":"http:\/\/www.24baires.com\/?cat=40"},"img":{"alt_text":"","src":"https:\/\/i0.wp.com\/www.24baires.com\/wp-content\/uploads\/2013\/02\/intendentes-3ra.jpg?resize=350%2C200","width":350,"height":200},"classes":[]},{"id":5091,"url":"http:\/\/www.24baires.com\/?p=5091","url_meta":{"origin":64551,"position":1},"title":"\u201cHoy nos ocupamos de las elecciones solo 60 d\u00edas antes\u201d","author":"AF","date":"12\/11\/2012","format":false,"excerpt":"Daniel Di Sabatino, jefe comunal de San Vicente, opin\u00f3 que los intendentes en la actualidad deben gestionar y no ocuparse de las elecciones de 2013 y 2015, \"porque tenemos otros compromisos\". El intendente de San Vicente, Daniel Di Sabatino, sostuvo que \u201chay un mont\u00f3n de expectativas de muchos compa\u00f1eros que\u2026","rel":"","context":"En \u00abPol\u00edtica\u00bb","block_context":{"text":"Pol\u00edtica","link":"http:\/\/www.24baires.com\/?cat=51"},"img":{"alt_text":"","src":"","width":0,"height":0},"classes":[]},{"id":33021,"url":"http:\/\/www.24baires.com\/?p=33021","url_meta":{"origin":64551,"position":2},"title":"Llega a San Vicente la 4\u00aa Fiesta de la Mozzarella","author":"AF","date":"05\/10\/2013","format":false,"excerpt":"El intendente, Daniel Di Sabatino, destac\u00f3 que se trata de una fiesta que crece d\u00eda a d\u00eda y ha alcanzado un reconocimiento gastron\u00f3mico a trav\u00e9s de los talleres y cursos que brinda. El intendente de San Vicente, Daniel Di Sabatino, dijo en declaraciones a Radio Provincia que el comienzo de\u2026","rel":"","context":"En \u00abLocales\u00bb","block_context":{"text":"Locales","link":"http:\/\/www.24baires.com\/?cat=38"},"img":{"alt_text":"","src":"","width":0,"height":0},"classes":[]},{"id":2994,"url":"http:\/\/www.24baires.com\/?p=2994","url_meta":{"origin":64551,"position":3},"title":"San Vicente avanza en la implementaci\u00f3n del Plan de Agricultura Periurbana","author":"AF","date":"23\/10\/2012","format":false,"excerpt":"El intendente del municipio de San Vicente, Daniel Di Sabatino, firm\u00f3 el convenio marco del programa de Agricultura Periurbana, y recibi\u00f3 600 mil pesos para avanzar con la implementaci\u00f3n del plan vigente desde 2010. El jefe comunal de San Vicente, Daniel Di Sabatino, se reuni\u00f3 con la Secretaria de Desarrollo\u2026","rel":"","context":"En \u00abLocales\u00bb","block_context":{"text":"Locales","link":"http:\/\/www.24baires.com\/?cat=38"},"img":{"alt_text":"","src":"https:\/\/i0.wp.com\/www.24baires.com\/wp-content\/uploads\/2012\/10\/di-sabatino-y-campos-bilbao.jpg?resize=350%2C200","width":350,"height":200},"classes":[]},{"id":48118,"url":"http:\/\/www.24baires.com\/?p=48118","url_meta":{"origin":64551,"position":4},"title":"\u201cEl Frente Renovador no tiene capacidad de gesti\u00f3n\u00bb, consider\u00f3 el intendente de San Vicente","author":"GB","date":"16\/06\/2014","format":false,"excerpt":"As\u00ed, el Intendente de San Vicente, Di Sabatino, minimiz\u00f3 el rechazo del massismo a la Rendici\u00f3n de Cuentas 2013. Tambi\u00e9n abog\u00f3 por la sanci\u00f3n de la polic\u00eda comunal. El intendente de San Vicente minimiz\u00f3 que se haya rechazado la rendici\u00f3n de cuentas 2013 de su gesti\u00f3n debido a la negativa\u2026","rel":"","context":"En \u00abMunicipios\u00bb","block_context":{"text":"Municipios","link":"http:\/\/www.24baires.com\/?cat=44"},"img":{"alt_text":"","src":"","width":0,"height":0},"classes":[]},{"id":32011,"url":"http:\/\/www.24baires.com\/?p=32011","url_meta":{"origin":64551,"position":5},"title":"Cristina inaugur\u00f3 las obras de ampliaci\u00f3n de SanCor en Chivilcoy","author":"AF","date":"17\/09\/2013","format":false,"excerpt":"Cristina encabez\u00f3 la inauguraci\u00f3n de las obras de ampliaci\u00f3n en la planta de la empresa l\u00e1ctea en esa localidad bonaerense. La acompa\u00f1aron el gobernador Scioli y el candidato a diputado Mart\u00edn Insaurralde. Del acto participaron el gobernador Daniel Scioli, el primer candidato a diputado nacional por el Frente para la\u2026","rel":"","context":"En \u00abPol\u00edtica\u00bb","block_context":{"text":"Pol\u00edtica","link":"http:\/\/www.24baires.com\/?cat=51"},"img":{"alt_text":"","src":"","width":0,"height":0},"classes":[]}],"jetpack_sharing_enabled":true,"jetpack_likes_enabled":true,"jetpack_featured_media_url":"","_links":{"self":[{"href":"http:\/\/www.24baires.com\/index.php?rest_route=\/wp\/v2\/posts\/64551","targetHints":{"allow":["GET"]}}],"collection":[{"href":"http:\/\/www.24baires.com\/index.php?rest_route=\/wp\/v2\/posts"}],"about":[{"href":"http:\/\/www.24baires.com\/index.php?rest_route=\/wp\/v2\/types\/post"}],"author":[{"embeddable":true,"href":"http:\/\/www.24baires.com\/index.php?rest_route=\/wp\/v2\/users\/4"}],"replies":[{"embeddable":true,"href":"http:\/\/www.24baires.com\/index.php?rest_route=%2Fwp%2Fv2%2Fcomments&post=64551"}],"version-history":[{"count":1,"href":"http:\/\/www.24baires.com\/index.php?rest_route=\/wp\/v2\/posts\/64551\/revisions"}],"predecessor-version":[{"id":64553,"href":"http:\/\/www.24baires.com\/index.php?rest_route=\/wp\/v2\/posts\/64551\/revisions\/64553"}],"wp:attachment":[{"href":"http:\/\/www.24baires.com\/index.php?rest_route=%2Fwp%2Fv2%2Fmedia&parent=64551"}],"wp:term":[{"taxonomy":"category","embeddable":true,"href":"http:\/\/www.24baires.com\/index.php?rest_route=%2Fwp%2Fv2%2Fcategories&post=64551"},{"taxonomy":"post_tag","embeddable":true,"href":"http:\/\/www.24baires.com\/index.php?rest_route=%2Fwp%2Fv2%2Ftags&post=64551"}],"curies":[{"name":"wp","href":"https:\/\/api.w.org\/{rel}","templated":true}]}}