{"id":64528,"date":"2015-04-20T10:03:20","date_gmt":"2015-04-20T13:03:20","guid":{"rendered":"http:\/\/www.24baires.com\/?p=64528"},"modified":"2015-04-21T09:56:09","modified_gmt":"2015-04-21T12:56:09","slug":"hay-un-empate-tecnico-en-santa-fe-aseguro-anibal-fernandez","status":"publish","type":"post","link":"http:\/\/www.24baires.com\/?p=64528","title":{"rendered":"\u00abHay un empate t\u00e9cnico en Santa Fe\u00bb, asegur\u00f3 An\u00edbal Fern\u00e1ndez"},"content":{"rendered":"<p><img data-recalc-dims=\"1\" loading=\"lazy\" decoding=\"async\" class=\"aligncenter size-full wp-image-5267\" src=\"https:\/\/i0.wp.com\/www.24baires.com\/wp-content\/uploads\/2012\/11\/fern%C3%A1ndez-an%C3%ADbal2.jpg?resize=560%2C361\" alt=\"fern\u00e1ndez an\u00edbal2\" width=\"560\" height=\"361\" srcset=\"https:\/\/i0.wp.com\/www.24baires.com\/wp-content\/uploads\/2012\/11\/fern%C3%A1ndez-an%C3%ADbal2.jpg?w=560 560w, https:\/\/i0.wp.com\/www.24baires.com\/wp-content\/uploads\/2012\/11\/fern%C3%A1ndez-an%C3%ADbal2.jpg?resize=300%2C193 300w\" sizes=\"auto, (max-width: 560px) 100vw, 560px\" \/>El jefe de Gabinete opin\u00f3 adem\u00e1s que el Frente para la Victoria (FPV) \u00abtuvo una muy buena participaci\u00f3n en la provincia de Mendoza y, mejorando la tarea pol\u00edtica, estamos en condiciones de discutir con seriedad la futura conducci\u00f3n en la provincia de Mendoza\u00bb.<!--more--><\/p>\n<p>\u00abEstamos necesitando un poco m\u00e1s de tiempo para ver en detalle los n\u00fameros, porque los que tengo son preliminares. Lo primero que uno resalta es que si ven\u00edamos de unas PASO en Salta con casi el 70 por ciento de los votos, en Santa Fe un 65 y Mendoza un 52 con lo cual muestra una mucho menor participaci\u00f3n popular\u00bb, dijo Fern\u00e1ndez.<\/p>\n<p>El jefe de Gabinete efectu\u00f3 declaraciones a la prensa esta ma\u00f1ana al ingresar a la Casa de Gobierno.<\/p>\n<p>En ese marco, realiz\u00f3 un an\u00e1lisis sobre los resultados electorales en las PASO de ayer en las provincias de Santa Fe y Mendoza.<\/p>\n<p>\u00abEn Santa Fe nos est\u00e1 dando pr\u00e1cticamente un empate t\u00e9cnico entre el socialismo y una parte del radicalismo y por otro lado el PRO, aqu\u00ed hay una diferencia de votos muy chiquita\u00bb, dijo.<\/p>\n<p>De inmediato dijo que el Frente para la Victoria (FPV) en Santa Fe \u00abnos nuestra una aceptaci\u00f3n del 22 por ciento de los votos para el FPV y es una elecci\u00f3n que tiende a sumar, tiende a mejorar todav\u00eda m\u00e1s con la participaci\u00f3n de (Omar) Perotti que fue un trabajo de muy corto plazo y que aspira a mejorar su performance\u00bb.<\/p>\n<p>Para An\u00edbal Fern\u00e1ndez \u00aba esta hora tenemos un empate t\u00e9cnico en Santa Fe, porque hay muy, muy poquitos votos de diferencia entre las fuerzas. No es un triunfo holgado para nada (de Del Sel), es pr\u00e1cticamente un empate t\u00e9cnico y detr\u00e1s venimos nosotros con el 22 por cinto de los votos\u00bb.<\/p>\n<p>Por otra parte, el funcionario fue consultado por el resultado electoral de las PASO en la provincia de Mendoza: \u00abY en el caso de la provincia de Mendoza tenemos en principio un empate t\u00e9cnico porque se juntaron todos: radicalismo con los gansos. Se supon\u00eda que el impacto iba a ser fenomenal en las diferencias pero a esta hora hay una diferencia de 5 puntos, de 45 a 40\u00bb.<\/p>\n<p>\u00abAsimismo -a\u00f1adi\u00f3- nuestras tres f\u00f3rmulas, las del Frente para la Victoria (FPV) tuvieron una participaci\u00f3n excelente y estamos en condiciones de discutir con seriedad la conducci\u00f3n en la provincia de Mendoza, mejorando la tarea pol\u00edtica de ac\u00e1 a las generales mendocinas\u00bb.<\/p>\n","protected":false},"excerpt":{"rendered":"<p>El jefe de Gabinete opin\u00f3 adem\u00e1s que el Frente para la Victoria (FPV) \u00abtuvo una muy buena participaci\u00f3n en la provincia de Mendoza y, mejorando la tarea pol\u00edtica, estamos en condiciones de discutir con seriedad la futura conducci\u00f3n en la provincia de Mendoza\u00bb.<\/p>\n","protected":false},"author":4,"featured_media":0,"comment_status":"open","ping_status":"open","sticky":false,"template":"","format":"standard","meta":{"_jetpack_newsletter_access":"","_jetpack_dont_email_post_to_subs":false,"_jetpack_newsletter_tier_id":0,"_jetpack_memberships_contains_paywalled_content":false,"_jetpack_memberships_contains_paid_content":false,"footnotes":""},"categories":[51],"tags":[],"class_list":["post-64528","post","type-post","status-publish","format-standard","hentry","category-politica"],"jetpack_shortlink":"https:\/\/wp.me\/p2JWE0-gMM","jetpack-related-posts":[{"id":117496,"url":"http:\/\/www.24baires.com\/?p=117496","url_meta":{"origin":64528,"position":0},"title":"El Presidente analiza con gobernadores la situaci\u00f3n epidemiol\u00f3gica","author":"AF","date":"28\/04\/2021","format":false,"excerpt":"Con Fern\u00e1ndez est\u00e1n Vizzoti y De Pedro. La reuni\u00f3n se realiza por videoconferencia y participan los mandatarios de Buenos Aires, La Pampa, San Luis, Neuqu\u00e9n, Chubut, Tierra del Fuego, R\u00edo Negro, Santa Cruz, Mendoza, C\u00f3rdoba y Santa Fe, y el jefe de Gobierno porte\u00f1o. El presidente Alberto Fern\u00e1ndez encabeza, desde\u2026","rel":"","context":"En \u00abSociedad\u00bb","block_context":{"text":"Sociedad","link":"http:\/\/www.24baires.com\/?cat=1"},"img":{"alt_text":"","src":"https:\/\/i0.wp.com\/www.24baires.com\/wp-content\/uploads\/2021\/04\/6089d298dc660.04.2021-565_1004x565.jpg?resize=350%2C200","width":350,"height":200,"srcset":"https:\/\/i0.wp.com\/www.24baires.com\/wp-content\/uploads\/2021\/04\/6089d298dc660.04.2021-565_1004x565.jpg?resize=350%2C200 1x, https:\/\/i0.wp.com\/www.24baires.com\/wp-content\/uploads\/2021\/04\/6089d298dc660.04.2021-565_1004x565.jpg?resize=525%2C300 1.5x"},"classes":[]},{"id":116263,"url":"http:\/\/www.24baires.com\/?p=116263","url_meta":{"origin":64528,"position":1},"title":"Argentina supera los 600.000 casos de coronavirus","author":"AF","date":"17\/09\/2020","format":false,"excerpt":"En las \u00faltimas 24 horas se reportaron 12.701 positivos reportados. Adem\u00e1s se produjeron 345 decesos y la cifra asciende a 12.460. Argentina super\u00f3 este jueves los 600.000 casos de coronavirus desde el comienzo de la pandemia, con 12.701 positivos reportados en la \u00faltimas 24 horas y 345 nuevos decesos, mientras\u2026","rel":"","context":"En \u00abSociedad\u00bb","block_context":{"text":"Sociedad","link":"http:\/\/www.24baires.com\/?cat=1"},"img":{"alt_text":"","src":"https:\/\/i0.wp.com\/www.24baires.com\/wp-content\/uploads\/2020\/08\/test-covid.jpg?resize=350%2C200","width":350,"height":200,"srcset":"https:\/\/i0.wp.com\/www.24baires.com\/wp-content\/uploads\/2020\/08\/test-covid.jpg?resize=350%2C200 1x, https:\/\/i0.wp.com\/www.24baires.com\/wp-content\/uploads\/2020\/08\/test-covid.jpg?resize=525%2C300 1.5x"},"classes":[]},{"id":118186,"url":"http:\/\/www.24baires.com\/?p=118186","url_meta":{"origin":64528,"position":2},"title":"Gobernadores firmaron un acuerdo con Naci\u00f3n para garantizar el congelamiento de precios","author":"AF","date":"27\/10\/2021","format":false,"excerpt":"S\u00f3lo Horacio Rodr\u00edguez Larreta (CABA), Juan Schiaretti (C\u00f3rdoba), Rodolfo Su\u00e1rez (Mendoza) y Alberto Rodr\u00edguez Sa\u00e1 (San Luis) pegaron el faltazo. El presidente Alberto Fern\u00e1ndez encabez\u00f3 este mi\u00e9rcoles un encuentro con 20 gobernadores, con quienes firmaron convenios para garantizar el cumplimiento de la resoluci\u00f3n de la Secretar\u00eda de Comercio Interior que\u2026","rel":"","context":"En \u00abPol\u00edtica\u00bb","block_context":{"text":"Pol\u00edtica","link":"http:\/\/www.24baires.com\/?cat=51"},"img":{"alt_text":"","src":"https:\/\/i0.wp.com\/www.24baires.com\/wp-content\/uploads\/2020\/04\/supermercado.jpg?resize=350%2C200","width":350,"height":200,"srcset":"https:\/\/i0.wp.com\/www.24baires.com\/wp-content\/uploads\/2020\/04\/supermercado.jpg?resize=350%2C200 1x, https:\/\/i0.wp.com\/www.24baires.com\/wp-content\/uploads\/2020\/04\/supermercado.jpg?resize=525%2C300 1.5x"},"classes":[]},{"id":64996,"url":"http:\/\/www.24baires.com\/?p=64996","url_meta":{"origin":64528,"position":3},"title":"\u00abEl FpV ser\u00e1 de nuevo gobierno en las elecciones de octubre\u00bb, asegur\u00f3 An\u00edbal Fern\u00e1ndez","author":"AF","date":"28\/04\/2015","format":false,"excerpt":"El jefe de Gabinete neg\u00f3 en forma terminante que los resultados que se vienen dando en las elecciones PASO en algunos distritos como Mendoza, Santa Fe y la Ciudad de Buenos Aires sea el \u201cfin del peronismo kirchnerista\u201d. \u201cQue digan lo que quieran...se les da por hacerse los c\u00f3micos con\u2026","rel":"","context":"En \u00abElecciones 2015\u00bb","block_context":{"text":"Elecciones 2015","link":"http:\/\/www.24baires.com\/?cat=74"},"img":{"alt_text":"fern\u00e1ndez an\u00edbal","src":"https:\/\/i0.wp.com\/www.24baires.com\/wp-content\/uploads\/2012\/12\/fern%C3%A1ndez-an%C3%ADbal.jpg?resize=350%2C200","width":350,"height":200,"srcset":"https:\/\/i0.wp.com\/www.24baires.com\/wp-content\/uploads\/2012\/12\/fern%C3%A1ndez-an%C3%ADbal.jpg?resize=350%2C200 1x, https:\/\/i0.wp.com\/www.24baires.com\/wp-content\/uploads\/2012\/12\/fern%C3%A1ndez-an%C3%ADbal.jpg?resize=525%2C300 1.5x"},"classes":[]},{"id":116535,"url":"http:\/\/www.24baires.com\/?p=116535","url_meta":{"origin":64528,"position":4},"title":"Extienden el aislamiento estricto en 8 provincias que concentran el 55% de los casos","author":"AF","date":"23\/10\/2020","format":false,"excerpt":"\"Concentraremos el esfuerzo en esas jurisdicciones\", dijo el Presidente. El AMBA seguir\u00e1 en etapa de aislamiento tambi\u00e9n: \"A\u00fan no podemos quedarnos tranquilos\". El confinamiento sigue hasta el 8 de noviembre. El presidente Alberto Fern\u00e1ndez sostuvo este viernes que \"estamos como estabiliz\u00e1ndonos en una meseta de 15 mil casos diarios\" de\u2026","rel":"","context":"En \u00abSociedad\u00bb","block_context":{"text":"Sociedad","link":"http:\/\/www.24baires.com\/?cat=1"},"img":{"alt_text":"","src":"https:\/\/i0.wp.com\/www.24baires.com\/wp-content\/uploads\/2020\/07\/alberto-f.jpg?resize=350%2C200","width":350,"height":200,"srcset":"https:\/\/i0.wp.com\/www.24baires.com\/wp-content\/uploads\/2020\/07\/alberto-f.jpg?resize=350%2C200 1x, https:\/\/i0.wp.com\/www.24baires.com\/wp-content\/uploads\/2020\/07\/alberto-f.jpg?resize=525%2C300 1.5x"},"classes":[]},{"id":117003,"url":"http:\/\/www.24baires.com\/?p=117003","url_meta":{"origin":64528,"position":5},"title":"Argentina registr\u00f3 160 muertes por Covid y 8.704 contagios en 24 horas","author":"AF","date":"11\/01\/2021","format":false,"excerpt":"Adem\u00e1s de los contagios y las muertes, el Ministerio de Salud indic\u00f3 que son 3.606 los internados en unidades de terapia intensiva por covid-19. Siguen las muertes y contagios en el pa\u00eds a causa de la pandemia. Otras 160 personas murieron y 8.704 fueron reportadas con coronavirus covid-19 en las\u2026","rel":"","context":"En \u00abSociedad\u00bb","block_context":{"text":"Sociedad","link":"http:\/\/www.24baires.com\/?cat=1"},"img":{"alt_text":"","src":"https:\/\/i0.wp.com\/www.24baires.com\/wp-content\/uploads\/2020\/04\/adulto-barbijo.jpg?resize=350%2C200","width":350,"height":200,"srcset":"https:\/\/i0.wp.com\/www.24baires.com\/wp-content\/uploads\/2020\/04\/adulto-barbijo.jpg?resize=350%2C200 1x, https:\/\/i0.wp.com\/www.24baires.com\/wp-content\/uploads\/2020\/04\/adulto-barbijo.jpg?resize=525%2C300 1.5x"},"classes":[]}],"jetpack_sharing_enabled":true,"jetpack_likes_enabled":true,"jetpack_featured_media_url":"","_links":{"self":[{"href":"http:\/\/www.24baires.com\/index.php?rest_route=\/wp\/v2\/posts\/64528","targetHints":{"allow":["GET"]}}],"collection":[{"href":"http:\/\/www.24baires.com\/index.php?rest_route=\/wp\/v2\/posts"}],"about":[{"href":"http:\/\/www.24baires.com\/index.php?rest_route=\/wp\/v2\/types\/post"}],"author":[{"embeddable":true,"href":"http:\/\/www.24baires.com\/index.php?rest_route=\/wp\/v2\/users\/4"}],"replies":[{"embeddable":true,"href":"http:\/\/www.24baires.com\/index.php?rest_route=%2Fwp%2Fv2%2Fcomments&post=64528"}],"version-history":[{"count":1,"href":"http:\/\/www.24baires.com\/index.php?rest_route=\/wp\/v2\/posts\/64528\/revisions"}],"predecessor-version":[{"id":64529,"href":"http:\/\/www.24baires.com\/index.php?rest_route=\/wp\/v2\/posts\/64528\/revisions\/64529"}],"wp:attachment":[{"href":"http:\/\/www.24baires.com\/index.php?rest_route=%2Fwp%2Fv2%2Fmedia&parent=64528"}],"wp:term":[{"taxonomy":"category","embeddable":true,"href":"http:\/\/www.24baires.com\/index.php?rest_route=%2Fwp%2Fv2%2Fcategories&post=64528"},{"taxonomy":"post_tag","embeddable":true,"href":"http:\/\/www.24baires.com\/index.php?rest_route=%2Fwp%2Fv2%2Ftags&post=64528"}],"curies":[{"name":"wp","href":"https:\/\/api.w.org\/{rel}","templated":true}]}}