{"id":64502,"date":"2015-04-19T18:26:47","date_gmt":"2015-04-19T21:26:47","guid":{"rendered":"http:\/\/www.24baires.com\/?p=64502"},"modified":"2015-04-20T10:06:25","modified_gmt":"2015-04-20T13:06:25","slug":"estamos-ante-un-modus-operandi-de-caracter-global-disparo-cristina-en-las-redes","status":"publish","type":"post","link":"http:\/\/www.24baires.com\/?p=64502","title":{"rendered":"\u00abEstamos ante un modus operandi de car\u00e1cter global\u00bb dispar\u00f3 Cristina en las redes"},"content":{"rendered":"<p><img data-recalc-dims=\"1\" loading=\"lazy\" decoding=\"async\" class=\"aligncenter size-full wp-image-63950\" src=\"https:\/\/i0.wp.com\/www.24baires.com\/wp-content\/uploads\/2015\/04\/cristina.jpg?resize=560%2C268\" alt=\"cristina\" width=\"560\" height=\"268\" srcset=\"https:\/\/i0.wp.com\/www.24baires.com\/wp-content\/uploads\/2015\/04\/cristina.jpg?w=560 560w, https:\/\/i0.wp.com\/www.24baires.com\/wp-content\/uploads\/2015\/04\/cristina.jpg?resize=300%2C144 300w\" sizes=\"auto, (max-width: 560px) 100vw, 560px\" \/><\/p>\n<p>La Presidenta de la Naci\u00f3n public\u00f3 en su p\u00e1gina web y en las redes sociales un texto en el que analiza y conecta las relaciones entre Paul Singer, el fallecido fiscal Nisman, las autoridades de AMIA y DAIA y las ONG estadounidenses que funcionan como grupos de presi\u00f3n, financiadas por los mismos fondos buitre.<!--more--><\/p>\n<p>La Presidenta de la Naci\u00f3n utiliz\u00f3 la redes sociales y su p\u00e1gina web para publicar un largo texto en el que conecta una serie de episodios a los que caracteriza de la siguiente manera: \u00abEstamos ante un modus operandi de car\u00e1cter global, que no s\u00f3lo lesiona severamente las Soberan\u00edas Nacionales sino que adem\u00e1s genera operaciones pol\u00edticas internacionales de cualquier tipo\u00bb.<\/p>\n<p>El texto en cuesti\u00f3n relata que el entonces fiscal Nisman se reune en 2013 con las autoridades de la comunidad jud\u00eda local y le dice que est\u00e1 dispuesto a poner \u00abde sus propios recursos\u00bb para tratar de demoler el anunciado acuerdo con Ir\u00e1n plasmado en el Momotrando de Entendimiento y adem\u00e1s agrega que de ser necesario, Paul Singer, el m\u00e1s connotado representante de los fondos buitre, estar\u00eda dispuesto a ayudar. Todo este episodio la presidenta lo toma de lo que cuenta en una columna Jorge Elbaun, ex director ejecutivo de DAIA, en el diario P\u00e1gina 12 de ayer.<\/p>\n<p>La presidenta marca las contradicciones que al interior de las propias autoridades comunitarias gener\u00f3 esa oferta de Nisman entre quienes, desde el pragmatismo m\u00e1s cerrado estaban dispuestos a aceptar tal ayuda y quienes manten\u00edan sus dudas, precisamente, por el origen de esos dineros.<\/p>\n<p>Adem\u00e1s de esta revelaci\u00f3n, la nota de Elbaun que Cristina cita, relata con detalle el lobby local que algunos connotados periodistas argentinos desataron sobre las autoridades de AMIA y DAIA para que estas se opongan fuertemente al Memorandun de Entendimiento con Ir\u00e1n.<\/p>\n<p>Cristina cuenta, adem\u00e1s, el modo en que Singer financia ONG norteamericanas que funcionan como verdaderos grupos de presi\u00f3n que act\u00faan sobre la pol\u00edtica internacional. As\u00ed, la nota menciona c\u00f3mo a partir de enero de 2013, cuando se informa sobre el acuerdo con Ir\u00e1n, \u00ablos miembros del ATFA (Fondos Buitres) decidieron incorporar el Memor\u00e1ndum como un ariete m\u00e1s para condicionar a nuestro pa\u00eds a negociar de forma m\u00e1s vulnerable frente a los fondos especulativos. Adem\u00e1s se resolvi\u00f3 contactar a dirigentes y pol\u00edticos argentinos (\u00bfargentinos?) para solicitarles que se expidan cr\u00edticamente sobre el Tratado, ofreciendo todo tipo de \u201ccolaboraci\u00f3n\u201d para defenestrar al Gobierno argentino.\u00bb<\/p>\n<p>Despu\u00e9s de esto, Cristina ofrece m\u00e1s informaci\u00f3n sobre el modo en que estos grupos se financian y sobre la relaci\u00f3n del titular de una de esas ONG, la Foundation for Defence of Democracy, Mark Dubowitz, y su relaci\u00f3n con Nisman, de quien se dec\u00eda amigo personal.<\/p>\n<p>\u00abEstamos ante un modus operandi de car\u00e1cter global, que no s\u00f3lo lesiona severamente las Soberan\u00edas Nacionales interfiriendo y coaccionando el funcionamiento de los distintos poderes de los Estados, sino que adem\u00e1s genera operaciones pol\u00edticas internacionales de cualquier tipo, forma y color.<\/p>\n<p>Pueden ser de lobbys que siempre \u201ccontribuyen\u201d, hasta ataques financieros u operaciones medi\u00e1ticas internacionales simult\u00e1neas, o lo que es peor, acciones encubiertas de distintos \u201cservicios\u201d destinadas a desestabilizar gobiernos.<\/p>\n<p>Todo tiene que ver con la geopol\u00edtica y el poder internacional. Algunas veces sus efectos pueden ser globales sobre la paz, como por ejemplo impedir la posibilidad de un Acuerdo entre EEUU y otras potencias con Ir\u00e1n en materia nuclear, o colaterales como imposibilitar acuerdos que contribuyan, a que despu\u00e9s de 21 a\u00f1os pueda haber Verdad y Justicia para las v\u00edctimas de la AMIA.<\/p>\n<p>Como lo defini\u00f3 el Papa al referirse a la negociaci\u00f3n entre las potencias y Teher\u00e1n: \u201cEl primer paso hacia un mundo mas seguro y mas fraterno\u201d.<\/p>\n<p>Es que para muchos la paz es el mejor instrumento para lograr mayor seguridad global\u00bb, cierra su texto Cristina.<\/p>\n<p>Es una pena que algunos pocos, aunque poderosos a\u00fan no lo hayan entendido o peor a\u00fan, no les importe porque no les sirve.<\/p>\n","protected":false},"excerpt":{"rendered":"<p>La Presidenta de la Naci\u00f3n public\u00f3 en su p\u00e1gina web y en las redes sociales un texto en el que analiza y conecta las relaciones entre Paul Singer, el fallecido fiscal Nisman, las autoridades de AMIA y DAIA y las ONG estadounidenses que funcionan como grupos de presi\u00f3n, financiadas por los mismos fondos buitre.<\/p>\n","protected":false},"author":11,"featured_media":0,"comment_status":"open","ping_status":"open","sticky":false,"template":"","format":"standard","meta":{"_jetpack_newsletter_access":"","_jetpack_dont_email_post_to_subs":false,"_jetpack_newsletter_tier_id":0,"_jetpack_memberships_contains_paywalled_content":false,"_jetpack_memberships_contains_paid_content":false,"footnotes":""},"categories":[51],"tags":[],"class_list":["post-64502","post","type-post","status-publish","format-standard","hentry","category-politica"],"jetpack_shortlink":"https:\/\/wp.me\/p2JWE0-gMm","jetpack-related-posts":[{"id":102494,"url":"http:\/\/www.24baires.com\/?p=102494","url_meta":{"origin":64502,"position":0},"title":"La C\u00e1mara \u00abreflot\u00f3\u00bb la causa Nisman y asegura que se trat\u00f3 de un crimen","author":"AF","date":"01\/06\/2018","format":false,"excerpt":"Confirm\u00f3 que el ex juez Alberto Nisman fue asesinado. Agregaron que el motivo fue su denuncia contra Cristina Kirchner. Adem\u00e1s dejaron firme el procesamiento de Diego Lagomarsino. La C\u00e1mara Federal hizo su aparici\u00f3n en medio de la debacle econ\u00f3mica que enfrenta el gobierno de Mauricio Macri. Entre masivas manifestaciones en\u2026","rel":"","context":"En \u00abJUDICIALES\u00bb","block_context":{"text":"JUDICIALES","link":"http:\/\/www.24baires.com\/?cat=68"},"img":{"alt_text":"","src":"https:\/\/i0.wp.com\/www.24baires.com\/wp-content\/uploads\/2015\/07\/nisman.jpg?resize=350%2C200","width":350,"height":200,"srcset":"https:\/\/i0.wp.com\/www.24baires.com\/wp-content\/uploads\/2015\/07\/nisman.jpg?resize=350%2C200 1x, https:\/\/i0.wp.com\/www.24baires.com\/wp-content\/uploads\/2015\/07\/nisman.jpg?resize=525%2C300 1.5x"},"classes":[]},{"id":61101,"url":"http:\/\/www.24baires.com\/?p=61101","url_meta":{"origin":64502,"position":1},"title":"Lijo y la fiscal\u00eda desmintieron la versi\u00f3n de Clar\u00edn","author":"GB","date":"01\/02\/2015","format":false,"excerpt":"El Juzgado Nacional a cargo del juez federal Ariel Lijo ratific\u00f3 esta tarde que recibi\u00f3 la denuncia del fiscal Alberto Nisman sin tachaduras, desmintiendo el art\u00edculo publicado hoy por el diario Clar\u00edn donde se se\u00f1alaba que el funcionario judicial habr\u00eda enmendado parte del texto y en el que se especulaba\u2026","rel":"","context":"En \u00abPol\u00edtica\u00bb","block_context":{"text":"Pol\u00edtica","link":"http:\/\/www.24baires.com\/?cat=51"},"img":{"alt_text":"ariel lijo","src":"https:\/\/i0.wp.com\/www.24baires.com\/wp-content\/uploads\/2015\/01\/ariel-lijo.jpg?resize=350%2C200","width":350,"height":200,"srcset":"https:\/\/i0.wp.com\/www.24baires.com\/wp-content\/uploads\/2015\/01\/ariel-lijo.jpg?resize=350%2C200 1x, https:\/\/i0.wp.com\/www.24baires.com\/wp-content\/uploads\/2015\/01\/ariel-lijo.jpg?resize=525%2C300 1.5x"},"classes":[]},{"id":60509,"url":"http:\/\/www.24baires.com\/?p=60509","url_meta":{"origin":64502,"position":2},"title":"Cristina: a Nisman \u00ablo usaron vivo y despu\u00e9s lo necesitaban muerto\u00bb","author":"AF","date":"22\/01\/2015","format":false,"excerpt":"La Presidenta de la Naci\u00f3n lo afirm\u00f3 en una extensa carta publicada esta ma\u00f1ana. \u201cLo usaron vivo y despu\u00e9s lo necesitaban muerto. As\u00ed de triste y terrible\u201d, escribi\u00f3. La presidenta Cristina Fern\u00e1ndez de Kirchner dijo hoy que est\u00e1 \u201cconvencida\u201d de que \u201cno fue suicido\u201d la causa de muerte del fiscal\u2026","rel":"","context":"En \u00abJUDICIALES\u00bb","block_context":{"text":"JUDICIALES","link":"http:\/\/www.24baires.com\/?cat=68"},"img":{"alt_text":"cristina duelo","src":"https:\/\/i0.wp.com\/www.24baires.com\/wp-content\/uploads\/2015\/01\/cristina-duelo.jpg?resize=350%2C200","width":350,"height":200,"srcset":"https:\/\/i0.wp.com\/www.24baires.com\/wp-content\/uploads\/2015\/01\/cristina-duelo.jpg?resize=350%2C200 1x, https:\/\/i0.wp.com\/www.24baires.com\/wp-content\/uploads\/2015\/01\/cristina-duelo.jpg?resize=525%2C300 1.5x"},"classes":[]},{"id":117282,"url":"http:\/\/www.24baires.com\/?p=117282","url_meta":{"origin":64502,"position":3},"title":"El Presidente celebr\u00f3 el fallo que favoreci\u00f3 a Lula y dijo que \u201cse hizo justicia\u201d","author":"AF","date":"08\/03\/2021","format":false,"excerpt":"\"Se anularon las condenas en su contra que fueron dictadas con el solo fin de perseguirlo y eliminarlo de la carrera pol\u00edtica\u201d, indic\u00f3 el presidente argentino. El presidente Alberto Fern\u00e1ndez celebr\u00f3 el fallo que anul\u00f3 las condenas y rehabilit\u00f3 los derechos pol\u00edticos del exmandatario brasile\u00f1o Luiz In\u00e1cio Lula da Silva,\u2026","rel":"","context":"En \u00abPol\u00edtica\u00bb","block_context":{"text":"Pol\u00edtica","link":"http:\/\/www.24baires.com\/?cat=51"},"img":{"alt_text":"","src":"https:\/\/i0.wp.com\/www.24baires.com\/wp-content\/uploads\/2019\/07\/lula-fern%C3%A1ndez.jpg?resize=350%2C200","width":350,"height":200,"srcset":"https:\/\/i0.wp.com\/www.24baires.com\/wp-content\/uploads\/2019\/07\/lula-fern%C3%A1ndez.jpg?resize=350%2C200 1x, https:\/\/i0.wp.com\/www.24baires.com\/wp-content\/uploads\/2019\/07\/lula-fern%C3%A1ndez.jpg?resize=525%2C300 1.5x"},"classes":[]},{"id":106628,"url":"http:\/\/www.24baires.com\/?p=106628","url_meta":{"origin":64502,"position":4},"title":"La AMIA busca retirarse de la querella contra Cristina por el Memor\u00e1ndum con Ir\u00e1n","author":"AF","date":"31\/01\/2019","format":false,"excerpt":"Fue un pedido a la DAIA en la causa que se origin\u00f3 con la denuncia del fiscal Alberto Nisman y busca \u201cempezar a tomar distancia de una causa que est\u00e1 en el centro de la famosa grieta\u201d. La Asociaci\u00f3n Mutual Israelita Argentina (AMIA) le reclam\u00f3 a la Delegaci\u00f3n de Asociaciones\u2026","rel":"","context":"En \u00abJUDICIALES\u00bb","block_context":{"text":"JUDICIALES","link":"http:\/\/www.24baires.com\/?cat=68"},"img":{"alt_text":"","src":"https:\/\/i0.wp.com\/www.24baires.com\/wp-content\/uploads\/2015\/04\/amia.jpg?resize=350%2C200","width":350,"height":200,"srcset":"https:\/\/i0.wp.com\/www.24baires.com\/wp-content\/uploads\/2015\/04\/amia.jpg?resize=350%2C200 1x, https:\/\/i0.wp.com\/www.24baires.com\/wp-content\/uploads\/2015\/04\/amia.jpg?resize=525%2C300 1.5x"},"classes":[]},{"id":60439,"url":"http:\/\/www.24baires.com\/?p=60439","url_meta":{"origin":64502,"position":5},"title":"Difunden la denuncia completa de Nisman contra la Presidenta y otros funcionarios","author":"Grupo Sierra","date":"20\/01\/2015","format":false,"excerpt":"El Centro de Informaci\u00f3n Judicial public\u00f3 la investigaci\u00f3n de m\u00e1s de 300 p\u00e1ginas del fiscal, en la que imput\u00f3 a la Presidenta y a Timerman, entre otros, por un \"plan delictivo\" para beneficiar a los iran\u00edes en la causa AMIA. Aqu\u00ed el texto completo: \u00a0 Denuncia de Alberto Nisman contra\u2026","rel":"","context":"En \u00abPol\u00edtica\u00bb","block_context":{"text":"Pol\u00edtica","link":"http:\/\/www.24baires.com\/?cat=51"},"img":{"alt_text":"","src":"","width":0,"height":0},"classes":[]}],"jetpack_sharing_enabled":true,"jetpack_likes_enabled":true,"jetpack_featured_media_url":"","_links":{"self":[{"href":"http:\/\/www.24baires.com\/index.php?rest_route=\/wp\/v2\/posts\/64502","targetHints":{"allow":["GET"]}}],"collection":[{"href":"http:\/\/www.24baires.com\/index.php?rest_route=\/wp\/v2\/posts"}],"about":[{"href":"http:\/\/www.24baires.com\/index.php?rest_route=\/wp\/v2\/types\/post"}],"author":[{"embeddable":true,"href":"http:\/\/www.24baires.com\/index.php?rest_route=\/wp\/v2\/users\/11"}],"replies":[{"embeddable":true,"href":"http:\/\/www.24baires.com\/index.php?rest_route=%2Fwp%2Fv2%2Fcomments&post=64502"}],"version-history":[{"count":2,"href":"http:\/\/www.24baires.com\/index.php?rest_route=\/wp\/v2\/posts\/64502\/revisions"}],"predecessor-version":[{"id":64507,"href":"http:\/\/www.24baires.com\/index.php?rest_route=\/wp\/v2\/posts\/64502\/revisions\/64507"}],"wp:attachment":[{"href":"http:\/\/www.24baires.com\/index.php?rest_route=%2Fwp%2Fv2%2Fmedia&parent=64502"}],"wp:term":[{"taxonomy":"category","embeddable":true,"href":"http:\/\/www.24baires.com\/index.php?rest_route=%2Fwp%2Fv2%2Fcategories&post=64502"},{"taxonomy":"post_tag","embeddable":true,"href":"http:\/\/www.24baires.com\/index.php?rest_route=%2Fwp%2Fv2%2Ftags&post=64502"}],"curies":[{"name":"wp","href":"https:\/\/api.w.org\/{rel}","templated":true}]}}