{"id":64488,"date":"2015-04-19T15:30:42","date_gmt":"2015-04-19T18:30:42","guid":{"rendered":"http:\/\/www.24baires.com\/?p=64488"},"modified":"2015-04-19T13:33:21","modified_gmt":"2015-04-19T16:33:21","slug":"julian-dominguez-se-reunio-en-mar-del-plata-con-la-agrupacion-gelbard","status":"publish","type":"post","link":"http:\/\/www.24baires.com\/?p=64488","title":{"rendered":"Juli\u00e1n Dom\u00ednguez se reuni\u00f3 en Mar del Plata con la Agrupaci\u00f3n Gelbard"},"content":{"rendered":"<p><img data-recalc-dims=\"1\" loading=\"lazy\" decoding=\"async\" class=\"aligncenter size-full wp-image-64490\" src=\"https:\/\/i0.wp.com\/www.24baires.com\/wp-content\/uploads\/2015\/04\/dominguez-frances.jpg?resize=560%2C315\" alt=\"dominguez frances\" width=\"560\" height=\"315\" srcset=\"https:\/\/i0.wp.com\/www.24baires.com\/wp-content\/uploads\/2015\/04\/dominguez-frances.jpg?w=560 560w, https:\/\/i0.wp.com\/www.24baires.com\/wp-content\/uploads\/2015\/04\/dominguez-frances.jpg?resize=300%2C169 300w\" sizes=\"auto, (max-width: 560px) 100vw, 560px\" \/><\/p>\n<p>Juli\u00e1n Dom\u00ednguez candidato a gobernador de la Pcia. de Buenos Aires se reuni\u00f3 con militantes de varias Agrupaciones Marplatenses en el \u00e1mbito de la Reuni\u00f3n de Alcaldes, el candidato y Presidente de la HCDN reserv\u00f3 dos horas para escuchar a los empresarios que hab\u00eda reunido La Agrupaci\u00f3n Gelbard.<!--more--><br \/>\nLa bienvenida la dio Marcelo Fern\u00e1ndez referente nacional de la Gelbard y Osvaldo Franc\u00e9s referente local de la Agrupaci\u00f3n Pol\u00edtico Empresarial.<br \/>\nAcompa\u00f1aron la charla entre otros, el intendente local Gustavo Pulti, Mauricio Maglione, Ricardo Elorza, H\u00e9ctor Pulido, Horacio Tettamanti ,Gustavo Videla y m\u00e1s de cincuenta militantes entre ellos sindicatos, agrupaciones pol\u00edticas y empresariado local y provincial. Osvaldo Franc\u00e9s le hizo entrega de La Agenda Peronista al diputado Juli\u00e1n Dom\u00ednguez en reconocimiento a su labor.<\/p>\n<p>&nbsp;<\/p>\n<p>&nbsp;<\/p>\n","protected":false},"excerpt":{"rendered":"<p>Juli\u00e1n Dom\u00ednguez candidato a gobernador de la Pcia. de Buenos Aires se reuni\u00f3 con militantes de varias Agrupaciones Marplatenses en el \u00e1mbito de la Reuni\u00f3n de Alcaldes, el candidato y Presidente de la HCDN reserv\u00f3 dos horas para escuchar a los empresarios que hab\u00eda reunido La Agrupaci\u00f3n Gelbard.<\/p>\n","protected":false},"author":11,"featured_media":0,"comment_status":"open","ping_status":"open","sticky":false,"template":"","format":"standard","meta":{"_jetpack_newsletter_access":"","_jetpack_dont_email_post_to_subs":false,"_jetpack_newsletter_tier_id":0,"_jetpack_memberships_contains_paywalled_content":false,"_jetpack_memberships_contains_paid_content":false,"footnotes":""},"categories":[51],"tags":[],"class_list":["post-64488","post","type-post","status-publish","format-standard","hentry","category-politica"],"jetpack_shortlink":"https:\/\/wp.me\/p2JWE0-gM8","jetpack-related-posts":[{"id":43847,"url":"http:\/\/www.24baires.com\/?p=43847","url_meta":{"origin":64488,"position":0},"title":"Tres de Febrero: Osvaldo Santoro consider\u00f3 que \u00abMassa es puro marketing\u00bb","author":"GB","date":"14\/04\/2014","format":false,"excerpt":"TRES DE FEBRERO-El actor y actual concejal kirchnerista de Tres de Febrero, carg\u00f3 duro contra el l\u00edder del Frente Renovador. Asegur\u00f3 que \u00e9l conoce bien la propaganda y que Massa lo \"asusta mucho\". Sostuvo que el candidato en 2015 debe salir de una interna entre Scioli, Randazzo y Juli\u00e1n Dom\u00ednguez.\u2026","rel":"","context":"En \u00abPol\u00edtica\u00bb","block_context":{"text":"Pol\u00edtica","link":"http:\/\/www.24baires.com\/?cat=51"},"img":{"alt_text":"Osvaldo Santoro","src":"https:\/\/i0.wp.com\/www.24baires.com\/wp-content\/uploads\/2014\/04\/Osvaldo-Santoro-300x228.jpg?resize=350%2C200","width":350,"height":200},"classes":[]},{"id":107636,"url":"http:\/\/www.24baires.com\/?p=107636","url_meta":{"origin":64488,"position":1},"title":"Macri y Vidal modificaron la ley electoral para evitar una jugada del peronismo","author":"GB","date":"12\/04\/2019","format":false,"excerpt":"El jefe de Estado decidi\u00f3 eliminar la posibilidad de que un mismo candidato a gobernador se cuelgue de varios candidatos a presidente. Enojo en el PJ porque se cambian las reglas de juego sobre la marcha y porque Gerardo Morales lo hab\u00eda hecho en Jujuy en 2015 Para evitar un\u2026","rel":"","context":"En \u00abPol\u00edtica\u00bb","block_context":{"text":"Pol\u00edtica","link":"http:\/\/www.24baires.com\/?cat=51"},"img":{"alt_text":"","src":"https:\/\/i0.wp.com\/www.24baires.com\/wp-content\/uploads\/2017\/02\/casa-rosada.jpg?resize=350%2C200","width":350,"height":200,"srcset":"https:\/\/i0.wp.com\/www.24baires.com\/wp-content\/uploads\/2017\/02\/casa-rosada.jpg?resize=350%2C200 1x, https:\/\/i0.wp.com\/www.24baires.com\/wp-content\/uploads\/2017\/02\/casa-rosada.jpg?resize=525%2C300 1.5x"},"classes":[]},{"id":120601,"url":"http:\/\/www.24baires.com\/?p=120601","url_meta":{"origin":64488,"position":2},"title":"M\u00e1s renuncias en La Libertad Avanza tras el acuerdo con Macri y Bullrich","author":"AF","date":"28\/10\/2023","format":false,"excerpt":"Diputados electos en Entre R\u00edos anunciaron que formar\u00e1n un bloque aparte en rechazo al acuerdo. El pacto de cara al balotaje sellado por el candidato a presidente de La Libertad Avanza (LLA), Javier Milei, con los referentes del PRO Mauricio Macri y Patricia Bullrich contin\u00faa generando conflictos internos, tanto en\u2026","rel":"","context":"En \u00abPol\u00edtica\u00bb","block_context":{"text":"Pol\u00edtica","link":"http:\/\/www.24baires.com\/?cat=51"},"img":{"alt_text":"","src":"https:\/\/i0.wp.com\/www.24baires.com\/wp-content\/uploads\/2023\/08\/milei-2.webp?resize=350%2C200","width":350,"height":200,"srcset":"https:\/\/i0.wp.com\/www.24baires.com\/wp-content\/uploads\/2023\/08\/milei-2.webp?resize=350%2C200 1x, https:\/\/i0.wp.com\/www.24baires.com\/wp-content\/uploads\/2023\/08\/milei-2.webp?resize=525%2C300 1.5x, https:\/\/i0.wp.com\/www.24baires.com\/wp-content\/uploads\/2023\/08\/milei-2.webp?resize=700%2C400 2x"},"classes":[]},{"id":30405,"url":"http:\/\/www.24baires.com\/?p=30405","url_meta":{"origin":64488,"position":3},"title":"Juli\u00e1n Dom\u00ednguez inst\u00f3 a la militancia a \u201credoblar el esfuerzo\u00bb de cara a octubre","author":"Grupo Sierra","date":"18\/08\/2013","format":false,"excerpt":"CHACABUCO.- El presidente de la C\u00e1mara de Diputados de la Naci\u00f3n, Juli\u00e1n Dom\u00ednguez, encabez\u00f3 en la jornada de hoy un plenario del Partido Justicialista y una recorrida por los barrios de la localidad bonaerense Chacabuco, donde sostuvo que \u201cel di\u00e1logo con todos los que piensan un futuro mejor para el\u2026","rel":"","context":"En \u00abPol\u00edtica\u00bb","block_context":{"text":"Pol\u00edtica","link":"http:\/\/www.24baires.com\/?cat=51"},"img":{"alt_text":"","src":"https:\/\/i0.wp.com\/www.24baires.com\/wp-content\/uploads\/2013\/08\/dominguez-chacabuco.jpg?resize=350%2C200","width":350,"height":200,"srcset":"https:\/\/i0.wp.com\/www.24baires.com\/wp-content\/uploads\/2013\/08\/dominguez-chacabuco.jpg?resize=350%2C200 1x, https:\/\/i0.wp.com\/www.24baires.com\/wp-content\/uploads\/2013\/08\/dominguez-chacabuco.jpg?resize=525%2C300 1.5x"},"classes":[]},{"id":63873,"url":"http:\/\/www.24baires.com\/?p=63873","url_meta":{"origin":64488,"position":4},"title":"Para Dom\u00ednguez, el rival del Frente para la Victoria es el liberalismo","author":"Grupo Sierra","date":"05\/04\/2015","format":false,"excerpt":"\u201cSeguimos sembrando la semilla de la ilusi\u00f3n y el futuro en la provincia\u201d, dijo el titular de la C\u00e1mara baja en un acto de campa\u00f1a en el Partido de la Costa. El presidente de la C\u00e1mara de Diputados y precandidato a gobernador bonaerense, Juli\u00e1n Dom\u00ednguez, asegur\u00f3 que \u201cmientras otros siembran\u2026","rel":"","context":"En \u00abPol\u00edtica\u00bb","block_context":{"text":"Pol\u00edtica","link":"http:\/\/www.24baires.com\/?cat=51"},"img":{"alt_text":"dominguez_julian","src":"https:\/\/i0.wp.com\/www.24baires.com\/wp-content\/uploads\/2013\/01\/dominguez_julian.jpg?resize=350%2C200","width":350,"height":200,"srcset":"https:\/\/i0.wp.com\/www.24baires.com\/wp-content\/uploads\/2013\/01\/dominguez_julian.jpg?resize=350%2C200 1x, https:\/\/i0.wp.com\/www.24baires.com\/wp-content\/uploads\/2013\/01\/dominguez_julian.jpg?resize=525%2C300 1.5x"},"classes":[]},{"id":31474,"url":"http:\/\/www.24baires.com\/?p=31474","url_meta":{"origin":64488,"position":5},"title":"Juli\u00e1n Dom\u00ednguez: \u00abEl peronismo vino a recuperar la autoestima\u00bb nacional","author":"Grupo Sierra","date":"07\/09\/2013","format":false,"excerpt":"TANDIL.- El titular de la C\u00e1mara de Diputados, Juli\u00e1n Dom\u00ednguez, se\u00f1al\u00f3 que \"el peronismo tiene una concepci\u00f3n humanista que vino a recuperar la autoestima en las capacidades nacionales\", al participar de un panel del Instituto de Formaci\u00f3n Pol\u00edtica Gestar. Seg\u00fan se indic\u00f3 a trav\u00e9s de un comunicado, Dom\u00ednguez particip\u00f3 hoy\u2026","rel":"","context":"En \u00abPol\u00edtica\u00bb","block_context":{"text":"Pol\u00edtica","link":"http:\/\/www.24baires.com\/?cat=51"},"img":{"alt_text":"","src":"","width":0,"height":0},"classes":[]}],"jetpack_sharing_enabled":true,"jetpack_likes_enabled":true,"jetpack_featured_media_url":"","_links":{"self":[{"href":"http:\/\/www.24baires.com\/index.php?rest_route=\/wp\/v2\/posts\/64488","targetHints":{"allow":["GET"]}}],"collection":[{"href":"http:\/\/www.24baires.com\/index.php?rest_route=\/wp\/v2\/posts"}],"about":[{"href":"http:\/\/www.24baires.com\/index.php?rest_route=\/wp\/v2\/types\/post"}],"author":[{"embeddable":true,"href":"http:\/\/www.24baires.com\/index.php?rest_route=\/wp\/v2\/users\/11"}],"replies":[{"embeddable":true,"href":"http:\/\/www.24baires.com\/index.php?rest_route=%2Fwp%2Fv2%2Fcomments&post=64488"}],"version-history":[{"count":1,"href":"http:\/\/www.24baires.com\/index.php?rest_route=\/wp\/v2\/posts\/64488\/revisions"}],"predecessor-version":[{"id":64492,"href":"http:\/\/www.24baires.com\/index.php?rest_route=\/wp\/v2\/posts\/64488\/revisions\/64492"}],"wp:attachment":[{"href":"http:\/\/www.24baires.com\/index.php?rest_route=%2Fwp%2Fv2%2Fmedia&parent=64488"}],"wp:term":[{"taxonomy":"category","embeddable":true,"href":"http:\/\/www.24baires.com\/index.php?rest_route=%2Fwp%2Fv2%2Fcategories&post=64488"},{"taxonomy":"post_tag","embeddable":true,"href":"http:\/\/www.24baires.com\/index.php?rest_route=%2Fwp%2Fv2%2Ftags&post=64488"}],"curies":[{"name":"wp","href":"https:\/\/api.w.org\/{rel}","templated":true}]}}