{"id":64457,"date":"2015-04-18T18:00:24","date_gmt":"2015-04-18T21:00:24","guid":{"rendered":"http:\/\/www.24baires.com\/?p=64457"},"modified":"2015-04-18T16:12:10","modified_gmt":"2015-04-18T19:12:10","slug":"nacion-oficializo-la-intervencion-del-hospital-posadas","status":"publish","type":"post","link":"http:\/\/www.24baires.com\/?p=64457","title":{"rendered":"\u00abCristina le da importancia a la salud y pidi\u00f3 mejorar la gesti\u00f3n y trabajar\u00bb"},"content":{"rendered":"<p><img data-recalc-dims=\"1\" loading=\"lazy\" decoding=\"async\" class=\"alignleft size-medium wp-image-64460\" src=\"https:\/\/i0.wp.com\/www.24baires.com\/wp-content\/uploads\/2015\/04\/hosp.jpg?resize=300%2C199\" alt=\"hosp\" width=\"300\" height=\"199\" srcset=\"https:\/\/i0.wp.com\/www.24baires.com\/wp-content\/uploads\/2015\/04\/hosp.jpg?resize=300%2C199 300w, https:\/\/i0.wp.com\/www.24baires.com\/wp-content\/uploads\/2015\/04\/hosp.jpg?w=510 510w\" sizes=\"auto, (max-width: 300px) 100vw, 300px\" \/>Lo afirm\u00f3 el flamante interventor del hospital nacional Posadas, Domingo Mart\u00edn Latorraca, y confes\u00f3 que la Presidenta le pidi\u00f3 \u201cmejorar la gesti\u00f3n y trabajar\u201d para poner al centro asistencial \u201cen el lugar donde debe estar\u201d.<!--more--><\/p>\n<p>El ex director del hospital municipal de Mor\u00f3n lleg\u00f3 esta ma\u00f1ana al Posadas, ubicado en la localidad bonaerense de El Palomar, en el oeste del conurbano, para empezar a trabajar en el cargo que asumi\u00f3 ayer tras la designaci\u00f3n anunciada por el jefe de Gabinete, An\u00edbal Fern\u00e1ndez.<\/p>\n<p>\u201cMe enter\u00e9 ayer por la tarde de la decisi\u00f3n, nos pidieron que nos hagamos cargo de la intervenci\u00f3n del hospital Posadas y el pedido fue tratar de mejorar la gesti\u00f3n\u201d, manifest\u00f3.<\/p>\n<p>\u201cPara la Presidenta este es un lugar muy importante, ella le da mucha importancia a todos los temas de salud y hace una evaluaci\u00f3n que se puede mejorar la gesti\u00f3n\u201d, a\u00f1adi\u00f3 en declaraciones a TN desde la puerta del centro asistencial ubicado a la vera de la Autopista del Oeste.<\/p>\n<p>Latorraca conoce la situaci\u00f3n m\u00e9dica y asistencial de la zona por su ex rol a cargo del hospital municipal de Mor\u00f3n y ser parte de los equipos de salud del ex intendente y actual titular de la Afsca, Mart\u00edn Sabbatella, y del jefe comunal actual, Lucas Ghi.<\/p>\n<p>\u201cOrgulloso que la Presidenta pensara en nosotros y ac\u00e1 estamos para tratar de trabajar, gestionar y hacer andar este hospital y ponerlo en el lugar donde debe estar\u201d, manifest\u00f3.<\/p>\n<p>El m\u00e9dico precis\u00f3 que el Gobierno le pidi\u00f3 \u201ctrabajar, gestionar y poner el Posadas en el lugar que la Presidenta cree que debe estar por el rol importante que tiene un hospital de esta envergadura\u201d.<\/p>\n<p>\u201cSabemos que es uno de los principales hospitales del pa\u00eds, uno de los pocos nacionales\u201d, manifest\u00f3 sobre el centro donde se realizan unas 750 mil consultas anuales en una amplia variedad de especializaciones m\u00e9dicas y que brinda cobertura a gran parte de la provincia de Buenos Aires y de la ciudad de Buenos Aires.<\/p>\n<p>Latorraca dijo que por ahora no har\u00e1 \u201cun an\u00e1lisis de la gesti\u00f3n anterior\u201d aunque asegur\u00f3 que junto a su equipo \u201cjuntaremos elementos para hacer una evaluaci\u00f3n y mejorar lo que haya que mejorar\u201d.<\/p>\n<p>El flamante interventor tambi\u00e9n adelant\u00f3 que durante la semana dialogar\u00e1 con los gremios de los m\u00e9dicos, enfermeros y resto del personal.<\/p>\n<p>El Gobierno oficializ\u00f3 hoy la intervenci\u00f3n del Posadas por un a\u00f1o y la designaci\u00f3n de Latorraca a trav\u00e9s de la publicaci\u00f3n en el Bolet\u00edn Oficial del decreto 644, que lleva la firma de la Presidenta y de An\u00edbal Fern\u00e1ndez.<\/p>\n<p>La norma considera que \u201ces necesario y con urgencia mejorar sustancialmente el funcionamiento institucional del hospital Posadas\u201d y explica que es \u201cevidente la desproporci\u00f3n entre los cuantiosos fondos asignados y la calidad y cantidad de las prestaciones que se brindan a la comunidad y a los pacientes\u201d.<\/p>\n<p>En ese sentido, manifiesta que \u201cresulta impostergable la necesidad de dinamizar el correcto funcionamiento del hospital a fin de adecuarlo a las Pol\u00edticas Sanitarias que el Estado Nacional propicia en la materia\u201d.<\/p>\n<p>Por todo esto, en su art\u00edculo 1 el decreto orden\u00f3 la intervenci\u00f3n del hospital, que depende del Ministerio de Salud de la Naci\u00f3n, \u201cpor un lapso de un a\u00f1o\u201d y design\u00f3 a Latorraca como interventor.<\/p>\n<p>La intervenci\u00f3n fue anunciada ayer por An\u00edbal Fern\u00e1ndez en Casa de Gobierno a causa de que \u00abno se condice la enorme proporci\u00f3n de fondos con la calidad de las prestaciones\u00bb.<\/p>\n<p>El jefe de Gabinete fundament\u00f3 la necesidad de que \u00abel Gobierno nacional junto con el municipio de Mor\u00f3n tomen una decisi\u00f3n de este car\u00e1cter\u00bb al poner a cargo a Latorraca para \u00aboptimizar los servicios en ese lugar\u00bb.<\/p>\n<p>\u00abNo estamos en el camino correcto en las decisiones que se toman\u00bb, reafirm\u00f3 Fern\u00e1ndez, y asegur\u00f3 que es \u00abimperioso que ese esfuerzo que se hace invirtiendo cuantiosas suma de dinero\u00bb, por parte del Gobierno nacional, tengan su correlato en el servicio que se brinda.<\/p>\n<p>Finalmente, el funcionario dijo que el deber del Gobierno es \u00abgarantizar niveles de calidad, sobre todo para los que menos tienen\u00bb.<\/p>\n","protected":false},"excerpt":{"rendered":"<p>Lo afirm\u00f3 el flamante interventor del hospital nacional Posadas, Domingo Mart\u00edn Latorraca, y confes\u00f3 que la Presidenta le pidi\u00f3 \u201cmejorar la gesti\u00f3n y trabajar\u201d para poner al centro asistencial \u201cen el lugar donde debe estar\u201d.<\/p>\n","protected":false},"author":8,"featured_media":0,"comment_status":"open","ping_status":"open","sticky":false,"template":"","format":"standard","meta":{"_jetpack_newsletter_access":"","_jetpack_dont_email_post_to_subs":false,"_jetpack_newsletter_tier_id":0,"_jetpack_memberships_contains_paywalled_content":false,"_jetpack_memberships_contains_paid_content":false,"footnotes":""},"categories":[51],"tags":[],"class_list":["post-64457","post","type-post","status-publish","format-standard","hentry","category-politica"],"jetpack_shortlink":"https:\/\/wp.me\/p2JWE0-gLD","jetpack-related-posts":[{"id":104438,"url":"http:\/\/www.24baires.com\/?p=104438","url_meta":{"origin":64457,"position":0},"title":"El Gobierno ech\u00f3 a 80 trabajadores del Hospital Posadas","author":"GB","date":"13\/09\/2018","format":false,"excerpt":"MOR\u00d3N-La gesti\u00f3n de Macri avanz\u00f3 con una nueva ola de despidos. Los gremios calculan que en lo que va del a\u00f1o hubo 300 cesant\u00edas en la instituci\u00f3n. Sucede tras la eliminaci\u00f3n del Ministerio de Salud. Tras haber eliminado el Ministerio de Salud, convertido en secretar\u00eda, el Gobierno nacional ech\u00f3 a\u2026","rel":"","context":"En \u00abProvincia\u00bb","block_context":{"text":"Provincia","link":"http:\/\/www.24baires.com\/?cat=40"},"img":{"alt_text":"","src":"https:\/\/i0.wp.com\/www.24baires.com\/wp-content\/uploads\/2018\/01\/marcha-posadas-1.jpg?resize=350%2C200","width":350,"height":200,"srcset":"https:\/\/i0.wp.com\/www.24baires.com\/wp-content\/uploads\/2018\/01\/marcha-posadas-1.jpg?resize=350%2C200 1x, https:\/\/i0.wp.com\/www.24baires.com\/wp-content\/uploads\/2018\/01\/marcha-posadas-1.jpg?resize=525%2C300 1.5x"},"classes":[]},{"id":115112,"url":"http:\/\/www.24baires.com\/?p=115112","url_meta":{"origin":64457,"position":1},"title":"Siguen las renuncias en el Hospital de Chascom\u00fas tras los contagios en el personal","author":"AF","date":"22\/05\/2020","format":false,"excerpt":"Otro m\u00e9dico decidi\u00f3 dejar su cargo y apunt\u00f3 duro contra la administraci\u00f3n del hospital luego de que el Covid-19 avanzara sobre trabajadores de la salud. Contin\u00faa el revuelo pol\u00edtico en Chascom\u00fas tras el brote de coronavirus en trabajadores de la salud del sistema p\u00fablico local. Ahora, el doctor Oscar Santander\u2026","rel":"","context":"En \u00abLocales\u00bb","block_context":{"text":"Locales","link":"http:\/\/www.24baires.com\/?cat=38"},"img":{"alt_text":"","src":"https:\/\/i0.wp.com\/www.24baires.com\/wp-content\/uploads\/2020\/05\/CHASCOM%C3%9AS.jpg?resize=350%2C200","width":350,"height":200,"srcset":"https:\/\/i0.wp.com\/www.24baires.com\/wp-content\/uploads\/2020\/05\/CHASCOM%C3%9AS.jpg?resize=350%2C200 1x, https:\/\/i0.wp.com\/www.24baires.com\/wp-content\/uploads\/2020\/05\/CHASCOM%C3%9AS.jpg?resize=525%2C300 1.5x"},"classes":[]},{"id":119725,"url":"http:\/\/www.24baires.com\/?p=119725","url_meta":{"origin":64457,"position":2},"title":"\u00abMi objetivo es que los argentinos tengan trabajo digno\u201d","author":"AF","date":"17\/01\/2023","format":false,"excerpt":"\u201cEl Gobierno anterior les dec\u00eda a los trabajadores que se hagan emprendedores y que repartieran pizzas. Mi objetivo es que los argentinos tengan trabajo digno\u201d, dijo el presidente al inaugurar una ampliaci\u00f3n del Hospital Rub\u00e9n Caporaletti, la obra p\u00fablica n\u00famero 2838 realizada por el gobierno nacional en todo el pa\u00eds.\u2026","rel":"","context":"En \u00abSociedad\u00bb","block_context":{"text":"Sociedad","link":"http:\/\/www.24baires.com\/?cat=1"},"img":{"alt_text":"","src":"https:\/\/i0.wp.com\/www.24baires.com\/wp-content\/uploads\/2023\/01\/AF.jpg?resize=350%2C200","width":350,"height":200,"srcset":"https:\/\/i0.wp.com\/www.24baires.com\/wp-content\/uploads\/2023\/01\/AF.jpg?resize=350%2C200 1x, https:\/\/i0.wp.com\/www.24baires.com\/wp-content\/uploads\/2023\/01\/AF.jpg?resize=525%2C300 1.5x, https:\/\/i0.wp.com\/www.24baires.com\/wp-content\/uploads\/2023\/01\/AF.jpg?resize=700%2C400 2x"},"classes":[]},{"id":65414,"url":"http:\/\/www.24baires.com\/?p=65414","url_meta":{"origin":64457,"position":3},"title":"M\u00e9dicos del Posadas inician nuevo paro","author":"GB","date":"06\/05\/2015","format":false,"excerpt":"Para reclamar mejoras salariales y laborales en el establecimiento, conmovido por la intervenci\u00f3n del Gobierno nacional tres semanas atr\u00e1s, la Asociaci\u00f3n de Profesionales del Hospital Posadas (APHP) -enrolada en la CICOP- realizar\u00e1 una nueva medida de fuerza. Ser\u00e1n 48 horas de huelga entre hoy y ma\u00f1ana. Piden el pase a\u2026","rel":"","context":"En \u00abLocales\u00bb","block_context":{"text":"Locales","link":"http:\/\/www.24baires.com\/?cat=38"},"img":{"alt_text":"","src":"https:\/\/i0.wp.com\/www.24baires.com\/wp-content\/uploads\/2015\/05\/hospital-posadas.jpg?resize=350%2C200","width":350,"height":200,"srcset":"https:\/\/i0.wp.com\/www.24baires.com\/wp-content\/uploads\/2015\/05\/hospital-posadas.jpg?resize=350%2C200 1x, https:\/\/i0.wp.com\/www.24baires.com\/wp-content\/uploads\/2015\/05\/hospital-posadas.jpg?resize=525%2C300 1.5x"},"classes":[]},{"id":100116,"url":"http:\/\/www.24baires.com\/?p=100116","url_meta":{"origin":64457,"position":4},"title":"Gendarmer\u00eda avanz\u00f3 sobre los trabajadores del Hospital Posadas en el Acceso Oeste","author":"GB","date":"23\/01\/2018","format":false,"excerpt":"Los trabajadores del Hospital Posadas comenzaron un paro por 24 horas, con corte y concentraci\u00f3n en la puerta del centro de salud ubicado en Mor\u00f3n para exigir la reincorporaci\u00f3n de los 122 despedidos por el Gobierno nacional. Esta ma\u00f1ana, en medio de otra jornada de lucha en reclamo por la\u2026","rel":"","context":"En \u00abSociedad\u00bb","block_context":{"text":"Sociedad","link":"http:\/\/www.24baires.com\/?cat=1"},"img":{"alt_text":"","src":"https:\/\/i0.wp.com\/www.24baires.com\/wp-content\/uploads\/2018\/01\/gendarmeria.jpg?resize=350%2C200","width":350,"height":200,"srcset":"https:\/\/i0.wp.com\/www.24baires.com\/wp-content\/uploads\/2018\/01\/gendarmeria.jpg?resize=350%2C200 1x, https:\/\/i0.wp.com\/www.24baires.com\/wp-content\/uploads\/2018\/01\/gendarmeria.jpg?resize=525%2C300 1.5x"},"classes":[]},{"id":53404,"url":"http:\/\/www.24baires.com\/?p=53404","url_meta":{"origin":64457,"position":5},"title":"Salud descontar\u00e1 los d\u00edas no trabajados a los m\u00e9dicos de Cicop","author":"GB","date":"10\/09\/2014","format":false,"excerpt":"En una nueva jornada de protesta dispuesta ayer, esta vez el Ministerio de Salud entr\u00f3 en acci\u00f3n y sorprendi\u00f3 con la novedad. Lo anunci\u00f3 el propio titular del \u00e1rea, Alejandro Collia. Tras el paro de la CICOP en los hospitales p\u00fablicos de la provincia, otro en una larga lista de\u2026","rel":"","context":"En \u00abProvincia\u00bb","block_context":{"text":"Provincia","link":"http:\/\/www.24baires.com\/?cat=40"},"img":{"alt_text":"","src":"https:\/\/i0.wp.com\/www.24baires.com\/wp-content\/uploads\/2014\/09\/hospital-cerrado.jpg?resize=350%2C200","width":350,"height":200,"srcset":"https:\/\/i0.wp.com\/www.24baires.com\/wp-content\/uploads\/2014\/09\/hospital-cerrado.jpg?resize=350%2C200 1x, https:\/\/i0.wp.com\/www.24baires.com\/wp-content\/uploads\/2014\/09\/hospital-cerrado.jpg?resize=525%2C300 1.5x"},"classes":[]}],"jetpack_sharing_enabled":true,"jetpack_likes_enabled":true,"jetpack_featured_media_url":"","_links":{"self":[{"href":"http:\/\/www.24baires.com\/index.php?rest_route=\/wp\/v2\/posts\/64457","targetHints":{"allow":["GET"]}}],"collection":[{"href":"http:\/\/www.24baires.com\/index.php?rest_route=\/wp\/v2\/posts"}],"about":[{"href":"http:\/\/www.24baires.com\/index.php?rest_route=\/wp\/v2\/types\/post"}],"author":[{"embeddable":true,"href":"http:\/\/www.24baires.com\/index.php?rest_route=\/wp\/v2\/users\/8"}],"replies":[{"embeddable":true,"href":"http:\/\/www.24baires.com\/index.php?rest_route=%2Fwp%2Fv2%2Fcomments&post=64457"}],"version-history":[{"count":3,"href":"http:\/\/www.24baires.com\/index.php?rest_route=\/wp\/v2\/posts\/64457\/revisions"}],"predecessor-version":[{"id":64462,"href":"http:\/\/www.24baires.com\/index.php?rest_route=\/wp\/v2\/posts\/64457\/revisions\/64462"}],"wp:attachment":[{"href":"http:\/\/www.24baires.com\/index.php?rest_route=%2Fwp%2Fv2%2Fmedia&parent=64457"}],"wp:term":[{"taxonomy":"category","embeddable":true,"href":"http:\/\/www.24baires.com\/index.php?rest_route=%2Fwp%2Fv2%2Fcategories&post=64457"},{"taxonomy":"post_tag","embeddable":true,"href":"http:\/\/www.24baires.com\/index.php?rest_route=%2Fwp%2Fv2%2Ftags&post=64457"}],"curies":[{"name":"wp","href":"https:\/\/api.w.org\/{rel}","templated":true}]}}