{"id":64444,"date":"2015-04-18T11:24:55","date_gmt":"2015-04-18T14:24:55","guid":{"rendered":"http:\/\/www.24baires.com\/?p=64444"},"modified":"2015-04-18T11:24:55","modified_gmt":"2015-04-18T14:24:55","slug":"queremos-una-ciudad-mas-justa-e-inclusiva-con-crecimiento-equitativo","status":"publish","type":"post","link":"http:\/\/www.24baires.com\/?p=64444","title":{"rendered":"\u00abQueremos una ciudad m\u00e1s justa e inclusiva con crecimiento equitativo\u00bb"},"content":{"rendered":"<p><img data-recalc-dims=\"1\" loading=\"lazy\" decoding=\"async\" class=\"aligncenter size-full wp-image-27848\" src=\"https:\/\/i0.wp.com\/www.24baires.com\/wp-content\/uploads\/2013\/07\/tomada2.jpg?resize=560%2C314\" alt=\"tomada2\" width=\"560\" height=\"314\" srcset=\"https:\/\/i0.wp.com\/www.24baires.com\/wp-content\/uploads\/2013\/07\/tomada2.jpg?w=560 560w, https:\/\/i0.wp.com\/www.24baires.com\/wp-content\/uploads\/2013\/07\/tomada2.jpg?resize=300%2C168 300w\" sizes=\"auto, (max-width: 560px) 100vw, 560px\" \/>El ministro de Trabajo y candidato a legislador del Frente para la Victoria (FpV), Carlos Tomada, dijo hoy que \u00abqueremos una ciudad m\u00e1s justa e inclusiva, econ\u00f3mica y culturalmente\u00bb as\u00ed como un \u00abcrecimiento m\u00e1s equitativo\u00bb en todos los barrios porque \u00abes posible ya que Buenos Aires tiene el presupuesto m\u00e1s grande de las ciudades de Am\u00e9rica Latina\u00bb.<!--more--><br \/>\nPara el funcionario, \u00abhay un desbalance total\u00bb evidenciado en la gesti\u00f3n macrista, como consecuencia de que \u00abno hay planificaci\u00f3n ni inter\u00e9s, y por eso, los habitantes no viven como deber\u00edan vivir\u00bb.<\/p>\n<p>\u00abEl metrobus y la bicicenda&#8230;, bienvenido que lo hayan hecho, aunque fuera para ocultar todo aquello que prometieron hacer y no hicieron. Por ejemplo, en materia de construcci\u00f3n de subtes, donde podr\u00edan haber capitalizado todos los grandes cambios que vivi\u00f3 la Ciudad en los \u00faltimos a\u00f1os gracias al crecimiento econ\u00f3mico del pa\u00eds\u00bb, puntualiz\u00f3 Tomada en declaraciones a Radio Nacional.<\/p>\n<p>Por otra parte, consultado sobre la juventud, analiz\u00f3 que \u00abhay una presencia muy fuerte y con un gran compromiso no s\u00f3lo pol\u00edtico partidario -que por supuesto celebramos- sino tambi\u00e9n desde aquellos que no tienen esa militancia, a los que vemos muy centrados en la idea de una ciudad diferente. Conmueve este derecho en los j\u00f3venes\u00bb.<\/p>\n<p>Sobre el muro levantado en Barracas para favorecer al Grupo Clar\u00edn -que usufruct\u00faa una calle p\u00fablica con fines privados y donde fue agredido el periodista V\u00edctor Hugo Morales y su equipo mientras realizaban una cobertura- dijo que \u00abm\u00e1s que la tolerancia del Gobierno de la Ciudad eso tiene que ver con la prepotencia con la que se maneja\u00bb el holding.<\/p>\n<p>\u00abEllos creen que pueden vivir en un mundo con sus propias reglas, solo as\u00ed se explica el desconocimiento de la Ley de Medios, la falta de respeto a los delegados y a las paritarias&#8230;, para ellos son normas molestas que no les gustan y parecer\u00edan que no hay manera de hac\u00e9rselas cumplir\u00bb, sintetiz\u00f3 el ministro previo a hacer propias las palabras de la Presidenta: \u00abComo dice Cristina, siempre buscan vueltas alrededor de la justicia, y un vaso de agua y una cautelar, parece que no se le niegan a nadie\u00bb.<\/p>\n","protected":false},"excerpt":{"rendered":"<p>El ministro de Trabajo y candidato a legislador del Frente para la Victoria (FpV), Carlos Tomada, dijo hoy que \u00abqueremos una ciudad m\u00e1s justa e inclusiva, econ\u00f3mica y culturalmente\u00bb as\u00ed como un \u00abcrecimiento m\u00e1s equitativo\u00bb en todos los barrios porque \u00abes posible ya que Buenos Aires tiene el presupuesto m\u00e1s grande de las ciudades de Am\u00e9rica Latina\u00bb.<\/p>\n","protected":false},"author":8,"featured_media":0,"comment_status":"open","ping_status":"open","sticky":false,"template":"","format":"standard","meta":{"_jetpack_newsletter_access":"","_jetpack_dont_email_post_to_subs":false,"_jetpack_newsletter_tier_id":0,"_jetpack_memberships_contains_paywalled_content":false,"_jetpack_memberships_contains_paid_content":false,"footnotes":""},"categories":[51],"tags":[],"class_list":["post-64444","post","type-post","status-publish","format-standard","hentry","category-politica"],"jetpack_shortlink":"https:\/\/wp.me\/p2JWE0-gLq","jetpack-related-posts":[{"id":5912,"url":"http:\/\/www.24baires.com\/?p=5912","url_meta":{"origin":64444,"position":0},"title":"Jorge Rivas disert\u00f3 en el Congreso de Librepensadores y se reuni\u00f3 con socialistas","author":"Grupo Sierra","date":"18\/11\/2012","format":false,"excerpt":"MAR DEL PLATA - \u00a0Los Socialistas Marplatenses recibieron este s\u00e1bado 17 en su tradicional Centro \u201cTeodoro Bronzini\u201d una vez m\u00e1s la visita del Diputado Nacional Jorge Rivas y del Secretario de Relaciones Parlamentarias de la Naci\u00f3n, Oscar Gonz\u00e1lez. La llegada de Rivas fue en el marco del Congreso de Libre\u2026","rel":"","context":"En \u00abPol\u00edtica\u00bb","block_context":{"text":"Pol\u00edtica","link":"http:\/\/www.24baires.com\/?cat=51"},"img":{"alt_text":"","src":"https:\/\/i0.wp.com\/www.24baires.com\/wp-content\/uploads\/2012\/11\/rivas-jorge.jpg?resize=350%2C200","width":350,"height":200,"srcset":"https:\/\/i0.wp.com\/www.24baires.com\/wp-content\/uploads\/2012\/11\/rivas-jorge.jpg?resize=350%2C200 1x, https:\/\/i0.wp.com\/www.24baires.com\/wp-content\/uploads\/2012\/11\/rivas-jorge.jpg?resize=525%2C300 1.5x"},"classes":[]},{"id":73738,"url":"http:\/\/www.24baires.com\/?p=73738","url_meta":{"origin":64444,"position":1},"title":"Para Scioli, la negociaci\u00f3n con los fondos buitre \u00abno es prioridad\u00bb en su agenda","author":"GB","date":"18\/10\/2015","format":false,"excerpt":"El candidato presidencial del Frente para la Victoria Daniel Scioli afirm\u00f3 que \u201cNo es una prioridad en mi agenda de trabajo\u201d al referirse a la disputa con los fondos buitre y reiter\u00f3 que nuestro pa\u00eds tiene \u201cvoluntad y capacidad de pago en condiciones justas y equitativas\u201d. \u201cNo es una prioridad\u2026","rel":"","context":"En \u00abPol\u00edtica\u00bb","block_context":{"text":"Pol\u00edtica","link":"http:\/\/www.24baires.com\/?cat=51"},"img":{"alt_text":"scioli","src":"https:\/\/i0.wp.com\/www.24baires.com\/wp-content\/uploads\/2015\/07\/scioli.jpg?resize=350%2C200","width":350,"height":200,"srcset":"https:\/\/i0.wp.com\/www.24baires.com\/wp-content\/uploads\/2015\/07\/scioli.jpg?resize=350%2C200 1x, https:\/\/i0.wp.com\/www.24baires.com\/wp-content\/uploads\/2015\/07\/scioli.jpg?resize=525%2C300 1.5x"},"classes":[]},{"id":50723,"url":"http:\/\/www.24baires.com\/?p=50723","url_meta":{"origin":64444,"position":2},"title":"Cristina pidi\u00f3 \u00abredoblar los esfuerzos para conseguir un orden global m\u00e1s equitativo\u00bb","author":"AF","date":"29\/07\/2014","format":false,"excerpt":"Fue al arribar anoche a la ciudad de Caracas para participar de la cumbre de Jefes de Estado del Mercosur que se desarrollar\u00e1 hoy. La Presidenta dijo que llega a esta reuni\u00f3n \"con muchos recuerdos y compromisos con la historia presente y con el futuro, en un mundo convulsionado donde\u2026","rel":"","context":"En \u00abPol\u00edtica\u00bb","block_context":{"text":"Pol\u00edtica","link":"http:\/\/www.24baires.com\/?cat=51"},"img":{"alt_text":"cristina brics","src":"https:\/\/i0.wp.com\/www.24baires.com\/wp-content\/uploads\/2014\/07\/cristina-brics.jpg?resize=350%2C200","width":350,"height":200,"srcset":"https:\/\/i0.wp.com\/www.24baires.com\/wp-content\/uploads\/2014\/07\/cristina-brics.jpg?resize=350%2C200 1x, https:\/\/i0.wp.com\/www.24baires.com\/wp-content\/uploads\/2014\/07\/cristina-brics.jpg?resize=525%2C300 1.5x"},"classes":[]},{"id":118337,"url":"http:\/\/www.24baires.com\/?p=118337","url_meta":{"origin":64444,"position":3},"title":"Fern\u00e1ndez pidi\u00f3 que \u00ablos que se llevaron la plata afuera, la traigan\u00bb de regreso al pa\u00eds","author":"AF","date":"14\/12\/2021","format":false,"excerpt":"El Presidente encabez\u00f3 la reuni\u00f3n de ministros en la ciudad tucumana de Monteros, en la que se firmaron casi 40 convenios por financiamiento y anunciaron obras e inversiones en diversas \u00e1reas. El presidente Alberto Fern\u00e1ndez subray\u00f3 la necesidad de \"terminar con la estructura de una Argentina central y una perif\u00e9rica\",\u2026","rel":"","context":"En \u00abPol\u00edtica\u00bb","block_context":{"text":"Pol\u00edtica","link":"http:\/\/www.24baires.com\/?cat=51"},"img":{"alt_text":"","src":"https:\/\/i0.wp.com\/www.24baires.com\/wp-content\/uploads\/2021\/12\/61b8e65f6ff49_900.jpg?resize=350%2C200","width":350,"height":200,"srcset":"https:\/\/i0.wp.com\/www.24baires.com\/wp-content\/uploads\/2021\/12\/61b8e65f6ff49_900.jpg?resize=350%2C200 1x, https:\/\/i0.wp.com\/www.24baires.com\/wp-content\/uploads\/2021\/12\/61b8e65f6ff49_900.jpg?resize=525%2C300 1.5x"},"classes":[]},{"id":102442,"url":"http:\/\/www.24baires.com\/?p=102442","url_meta":{"origin":64444,"position":4},"title":"Vidal: \u00abNo voy a ser candidata a presidente en 2019\u00bb","author":"AF","date":"30\/05\/2018","format":false,"excerpt":"La gobernadora de la provincia de Buenos Aires asegur\u00f3 que trabajar\u00e1 para la reelecci\u00f3n del presidente Mauricio Macri el pr\u00f3ximo a\u00f1o. La gobernadora de Buenos Aires, Mar\u00eda Eugenia Vidal, asegur\u00f3 este mi\u00e9rcoles que el presidente Mauricio Macriir\u00e1 por su reelecci\u00f3n en 2019 y que ella trabajar\u00e1 para que \"as\u00ed sea\",\u2026","rel":"","context":"En \u00abPol\u00edtica\u00bb","block_context":{"text":"Pol\u00edtica","link":"http:\/\/www.24baires.com\/?cat=51"},"img":{"alt_text":"","src":"https:\/\/i0.wp.com\/www.24baires.com\/wp-content\/uploads\/2018\/03\/vidal-1.jpg?resize=350%2C200","width":350,"height":200,"srcset":"https:\/\/i0.wp.com\/www.24baires.com\/wp-content\/uploads\/2018\/03\/vidal-1.jpg?resize=350%2C200 1x, https:\/\/i0.wp.com\/www.24baires.com\/wp-content\/uploads\/2018\/03\/vidal-1.jpg?resize=525%2C300 1.5x"},"classes":[]},{"id":112630,"url":"http:\/\/www.24baires.com\/?p=112630","url_meta":{"origin":64444,"position":5},"title":"Alberto y Cristina cierran la campa\u00f1a en Mar del Plata","author":"GB","date":"24\/10\/2019","format":false,"excerpt":"El candidato a presidente por el Frente de Todos, Alberto Fern\u00e1ndez, y la candidata a vicepresidenta, Cristina Fern\u00e1ndez de Kirchner, estar\u00e1n este jueves a las 15 en Mar del Plata, en un escenario que se montar\u00e1 en la rambla. Ser\u00e1 el primer acto que compartir\u00e1n en conjunto en la ciudad,\u2026","rel":"","context":"En \u00abPol\u00edtica\u00bb","block_context":{"text":"Pol\u00edtica","link":"http:\/\/www.24baires.com\/?cat=51"},"img":{"alt_text":"","src":"https:\/\/i0.wp.com\/www.24baires.com\/wp-content\/uploads\/2019\/10\/alberto-y-cristina.jpg?resize=350%2C200","width":350,"height":200,"srcset":"https:\/\/i0.wp.com\/www.24baires.com\/wp-content\/uploads\/2019\/10\/alberto-y-cristina.jpg?resize=350%2C200 1x, https:\/\/i0.wp.com\/www.24baires.com\/wp-content\/uploads\/2019\/10\/alberto-y-cristina.jpg?resize=525%2C300 1.5x"},"classes":[]}],"jetpack_sharing_enabled":true,"jetpack_likes_enabled":true,"jetpack_featured_media_url":"","_links":{"self":[{"href":"http:\/\/www.24baires.com\/index.php?rest_route=\/wp\/v2\/posts\/64444","targetHints":{"allow":["GET"]}}],"collection":[{"href":"http:\/\/www.24baires.com\/index.php?rest_route=\/wp\/v2\/posts"}],"about":[{"href":"http:\/\/www.24baires.com\/index.php?rest_route=\/wp\/v2\/types\/post"}],"author":[{"embeddable":true,"href":"http:\/\/www.24baires.com\/index.php?rest_route=\/wp\/v2\/users\/8"}],"replies":[{"embeddable":true,"href":"http:\/\/www.24baires.com\/index.php?rest_route=%2Fwp%2Fv2%2Fcomments&post=64444"}],"version-history":[{"count":1,"href":"http:\/\/www.24baires.com\/index.php?rest_route=\/wp\/v2\/posts\/64444\/revisions"}],"predecessor-version":[{"id":64445,"href":"http:\/\/www.24baires.com\/index.php?rest_route=\/wp\/v2\/posts\/64444\/revisions\/64445"}],"wp:attachment":[{"href":"http:\/\/www.24baires.com\/index.php?rest_route=%2Fwp%2Fv2%2Fmedia&parent=64444"}],"wp:term":[{"taxonomy":"category","embeddable":true,"href":"http:\/\/www.24baires.com\/index.php?rest_route=%2Fwp%2Fv2%2Fcategories&post=64444"},{"taxonomy":"post_tag","embeddable":true,"href":"http:\/\/www.24baires.com\/index.php?rest_route=%2Fwp%2Fv2%2Ftags&post=64444"}],"curies":[{"name":"wp","href":"https:\/\/api.w.org\/{rel}","templated":true}]}}