{"id":64425,"date":"2015-04-17T14:18:00","date_gmt":"2015-04-17T17:18:00","guid":{"rendered":"http:\/\/www.24baires.com\/?p=64425"},"modified":"2015-04-17T14:18:00","modified_gmt":"2015-04-17T17:18:00","slug":"rossi-sobre-el-narcotrafico-involucrar-a-las-fuerzas-armadas-es-inconveniente","status":"publish","type":"post","link":"http:\/\/www.24baires.com\/?p=64425","title":{"rendered":"Rossi, sobre el narcotr\u00e1fico: \u00abInvolucrar a las Fuerzas Armadas es inconveniente\u00bb"},"content":{"rendered":"<p><img data-recalc-dims=\"1\" loading=\"lazy\" decoding=\"async\" class=\"aligncenter size-full wp-image-61674\" src=\"https:\/\/i0.wp.com\/www.24baires.com\/wp-content\/uploads\/2015\/02\/rossi1.jpg?resize=560%2C373\" alt=\"rossi\" width=\"560\" height=\"373\" srcset=\"https:\/\/i0.wp.com\/www.24baires.com\/wp-content\/uploads\/2015\/02\/rossi1.jpg?w=560 560w, https:\/\/i0.wp.com\/www.24baires.com\/wp-content\/uploads\/2015\/02\/rossi1.jpg?resize=300%2C200 300w\" sizes=\"auto, (max-width: 560px) 100vw, 560px\" \/>El ministro de Defensa sali\u00f3 al cruce de la propuesta del empresario de la carne Alberto Samid, quien sostuvo que \u00abcon el Ej\u00e9rcito en las calles, en noventa d\u00edas no queda m\u00e1s droga\u00bb.<!--more--><\/p>\n<p>\u00abHay que ver las experiencias negativas que eso ha tenido en Am\u00e9rica Latina\u00bb, record\u00f3 el ministro en declaraciones radiales.<\/p>\n<p>Y agreg\u00f3 que \u00ablas Fuerzas Armadas tienen la pol\u00edtica de Defensa, por lo que sugerir esa idea es una respuesta facilista, que no se piensa, que no tiene fundamento, y que se dice sin haberla analizado previamente\u00bb.<\/p>\n<p>\u00abNo s\u00f3lo que no ha funcionado sino que en algunos casos hasta ha empeorado la situaci\u00f3n y aumentado el nivel de violencia en general. Involucrar a las Fuerzas Armadas en este tema ser\u00eda altamente inconveniente y adem\u00e1s la ley argentina lo proh\u00edbe\u00bb, sintetiz\u00f3 Rossi.<\/p>\n<p>&nbsp;<\/p>\n<p>&nbsp;<\/p>\n<p>&nbsp;<\/p>\n<p>&nbsp;<\/p>\n<p>&nbsp;<\/p>\n<p>&nbsp;<\/p>\n<p>&nbsp;<\/p>\n<p>&nbsp;<\/p>\n<p>&nbsp;<\/p>\n<p>&nbsp;<\/p>\n<p>&nbsp;<\/p>\n<p>&nbsp;<\/p>\n<p>&nbsp;<\/p>\n","protected":false},"excerpt":{"rendered":"<p>El ministro de Defensa sali\u00f3 al cruce de la propuesta del empresario de la carne Alberto Samid, quien sostuvo que \u00abcon el Ej\u00e9rcito en las calles, en noventa d\u00edas no queda m\u00e1s droga\u00bb.<\/p>\n","protected":false},"author":8,"featured_media":0,"comment_status":"open","ping_status":"open","sticky":false,"template":"","format":"standard","meta":{"_jetpack_newsletter_access":"","_jetpack_dont_email_post_to_subs":false,"_jetpack_newsletter_tier_id":0,"_jetpack_memberships_contains_paywalled_content":false,"_jetpack_memberships_contains_paid_content":false,"footnotes":""},"categories":[51],"tags":[],"class_list":["post-64425","post","type-post","status-publish","format-standard","hentry","category-politica"],"jetpack_shortlink":"https:\/\/wp.me\/p2JWE0-gL7","jetpack-related-posts":[{"id":30559,"url":"http:\/\/www.24baires.com\/?p=30559","url_meta":{"origin":64425,"position":0},"title":"Rossi elogi\u00f3 el rol del ejercito y expres\u00f3 la necesidad de vincular a las Fuerzas Armadas con la sociedad","author":"GB","date":"21\/08\/2013","format":false,"excerpt":"Durante un acto con soldados que participaron de las tareas de rescate en la tragedia de Rosario, el ministro de Defensa abog\u00f3 por \u201cconstruir puentes que permitan vincular a las Fuerzas Armadas con la sociedad civil\". \u201cMi objetivo es que cuando termine mi gesti\u00f3n tengamos unas Fuerzas Armadas de las\u2026","rel":"","context":"En \u00abPol\u00edtica\u00bb","block_context":{"text":"Pol\u00edtica","link":"http:\/\/www.24baires.com\/?cat=51"},"img":{"alt_text":"Rossi","src":"https:\/\/i0.wp.com\/www.24baires.com\/wp-content\/uploads\/2013\/08\/Rossi-300x190.jpg?resize=350%2C200","width":350,"height":200},"classes":[]},{"id":35961,"url":"http:\/\/www.24baires.com\/?p=35961","url_meta":{"origin":64425,"position":1},"title":"Rossi expres\u00f3 su deseo de que \u00ablas Fuerzas Armadas se sientan cada vez m\u00e1s integradas\u00bb","author":"GB","date":"29\/11\/2013","format":false,"excerpt":"El ministro de Defensa asegur\u00f3 que el gran desaf\u00edo de su gesti\u00f3n es que las Fuerzas \u201cse sientan cada vez m\u00e1s integradas y comprometidas con un proyecto de naci\u00f3n que tiene un claro horizonte\u201d. \u201cValoramos las diversas funciones que las Fuerzas Armadas llevan adelante en todo nuestro territorio\", expres\u00f3 el\u2026","rel":"","context":"En \u00abPol\u00edtica\u00bb","block_context":{"text":"Pol\u00edtica","link":"http:\/\/www.24baires.com\/?cat=51"},"img":{"alt_text":"Rossi","src":"https:\/\/i0.wp.com\/www.24baires.com\/wp-content\/uploads\/2013\/08\/Rossi-300x190.jpg?resize=350%2C200","width":350,"height":200},"classes":[]},{"id":34925,"url":"http:\/\/www.24baires.com\/?p=34925","url_meta":{"origin":64425,"position":2},"title":"\u00abEntre el 76 y el 77, hay 13 actas que hablan de Papel Prensa\u201d asegur\u00f3 Rossi","author":"Grupo Sierra","date":"09\/11\/2013","format":false,"excerpt":"El ministro de Defensa, Agust\u00edn Rossi, destac\u00f3 hoy que en los documentos secretos de las Juntas Militares recientemente hallados \"hay 13 Actas que hablan de Papel Prensa\", por lo que afirm\u00f3 que \"el hincapi\u00e9\" en la importancia de ese tema para la dictadura \"no lo hice yo, sino la propia\u2026","rel":"","context":"En \u00abPol\u00edtica\u00bb","block_context":{"text":"Pol\u00edtica","link":"http:\/\/www.24baires.com\/?cat=51"},"img":{"alt_text":"","src":"","width":0,"height":0},"classes":[]},{"id":27004,"url":"http:\/\/www.24baires.com\/?p=27004","url_meta":{"origin":64425,"position":3},"title":"Rossi dio su apoyo a la renovaci\u00f3n en la c\u00fapula de las FFAA","author":"AF","date":"27\/06\/2013","format":false,"excerpt":"El ministro de Defensa valor\u00f3 la designaci\u00f3n anunciada anoche en el nuevo perfil que la Presidenta busca imprimir a la cartera. Adem\u00e1s, sostuvo que le estructura de las Fuerzas Armadas es \"r\u00edgida y piramidal\", por lo que el cambio resulta \"una cuesti\u00f3n indispensable\". El ministro de Defensa, Agust\u00edn Rossi, enmarc\u00f3\u2026","rel":"","context":"En \u00abLocales\u00bb","block_context":{"text":"Locales","link":"http:\/\/www.24baires.com\/?cat=38"},"img":{"alt_text":"rossi agust\u00edn","src":"https:\/\/i0.wp.com\/www.24baires.com\/wp-content\/uploads\/2013\/01\/rossi-agust%C3%ADn-272x300.jpg?resize=350%2C200","width":350,"height":200},"classes":[]},{"id":103525,"url":"http:\/\/www.24baires.com\/?p=103525","url_meta":{"origin":64425,"position":4},"title":"Presentan proyecto para derogar el decreto de Macri de intervenci\u00f3n de las Fuerzas Armadas","author":"AF","date":"25\/07\/2018","format":false,"excerpt":"Los fundamentos de la iniciativa que encabeza el presidente del bloque FPV-PJ, Agust\u00edn Rossi, sostienen que el presidente \u201ca trav\u00e9s de un simple decreto reglamentario intenta cambiar las bases sobre las que est\u00e1 estructurado nuestro sistema de Defensa Nacional, construido desde la recuperaci\u00f3n democr\u00e1tica\u201d. Diputados y diputadas del bloque FPV-PJ\u2026","rel":"","context":"En \u00abLocales\u00bb","block_context":{"text":"Locales","link":"http:\/\/www.24baires.com\/?cat=38"},"img":{"alt_text":"","src":"https:\/\/i0.wp.com\/www.24baires.com\/wp-content\/uploads\/2018\/07\/macri-fuerzas.jpg?resize=350%2C200","width":350,"height":200,"srcset":"https:\/\/i0.wp.com\/www.24baires.com\/wp-content\/uploads\/2018\/07\/macri-fuerzas.jpg?resize=350%2C200 1x, https:\/\/i0.wp.com\/www.24baires.com\/wp-content\/uploads\/2018\/07\/macri-fuerzas.jpg?resize=525%2C300 1.5x"},"classes":[]},{"id":31416,"url":"http:\/\/www.24baires.com\/?p=31416","url_meta":{"origin":64425,"position":5},"title":"Randazzo y Rossi firmaron un acuerdo para recuperar la industria ferroviaria","author":"GB","date":"06\/09\/2013","format":false,"excerpt":"Los ministros del Interior y Transporte, Florencio Randazzo; y de Defensa, Agust\u00edn Rossi, firmaron un convenio destinado a realizar un trabajo conjunto para recuperar la industria ferroviaria. \"Era una capacidad que se hab\u00eda perdido y que ahora estamos en condiciones de recuperar\", sostuvo Rossi sobre el aporte de Fabricaciones Militares\u2026","rel":"","context":"En \u00abEconom\u00eda\u00bb","block_context":{"text":"Econom\u00eda","link":"http:\/\/www.24baires.com\/?cat=45"},"img":{"alt_text":"","src":"","width":0,"height":0},"classes":[]}],"jetpack_sharing_enabled":true,"jetpack_likes_enabled":true,"jetpack_featured_media_url":"","_links":{"self":[{"href":"http:\/\/www.24baires.com\/index.php?rest_route=\/wp\/v2\/posts\/64425","targetHints":{"allow":["GET"]}}],"collection":[{"href":"http:\/\/www.24baires.com\/index.php?rest_route=\/wp\/v2\/posts"}],"about":[{"href":"http:\/\/www.24baires.com\/index.php?rest_route=\/wp\/v2\/types\/post"}],"author":[{"embeddable":true,"href":"http:\/\/www.24baires.com\/index.php?rest_route=\/wp\/v2\/users\/8"}],"replies":[{"embeddable":true,"href":"http:\/\/www.24baires.com\/index.php?rest_route=%2Fwp%2Fv2%2Fcomments&post=64425"}],"version-history":[{"count":1,"href":"http:\/\/www.24baires.com\/index.php?rest_route=\/wp\/v2\/posts\/64425\/revisions"}],"predecessor-version":[{"id":64426,"href":"http:\/\/www.24baires.com\/index.php?rest_route=\/wp\/v2\/posts\/64425\/revisions\/64426"}],"wp:attachment":[{"href":"http:\/\/www.24baires.com\/index.php?rest_route=%2Fwp%2Fv2%2Fmedia&parent=64425"}],"wp:term":[{"taxonomy":"category","embeddable":true,"href":"http:\/\/www.24baires.com\/index.php?rest_route=%2Fwp%2Fv2%2Fcategories&post=64425"},{"taxonomy":"post_tag","embeddable":true,"href":"http:\/\/www.24baires.com\/index.php?rest_route=%2Fwp%2Fv2%2Ftags&post=64425"}],"curies":[{"name":"wp","href":"https:\/\/api.w.org\/{rel}","templated":true}]}}