{"id":64403,"date":"2015-04-17T10:31:39","date_gmt":"2015-04-17T13:31:39","guid":{"rendered":"http:\/\/www.24baires.com\/?p=64403"},"modified":"2015-04-17T10:31:39","modified_gmt":"2015-04-17T13:31:39","slug":"fein-cito-a-declarar-a-elisa-carrio","status":"publish","type":"post","link":"http:\/\/www.24baires.com\/?p=64403","title":{"rendered":"Fein cit\u00f3 a declarar a Elisa Carri\u00f3"},"content":{"rendered":"<p><img data-recalc-dims=\"1\" loading=\"lazy\" decoding=\"async\" class=\"aligncenter wp-image-24573 size-full\" src=\"https:\/\/i0.wp.com\/www.24baires.com\/wp-content\/uploads\/2013\/05\/CARRIO.jpg?resize=560%2C370\" alt=\"CARRIO\" width=\"560\" height=\"370\" srcset=\"https:\/\/i0.wp.com\/www.24baires.com\/wp-content\/uploads\/2013\/05\/CARRIO.jpg?w=560 560w, https:\/\/i0.wp.com\/www.24baires.com\/wp-content\/uploads\/2013\/05\/CARRIO.jpg?resize=300%2C198 300w\" sizes=\"auto, (max-width: 560px) 100vw, 560px\" \/>La funcionaria judicial llam\u00f3 adem\u00e1s a ocho custodios del fiscal fallecido para que ampl\u00eden su declaraci\u00f3n testimonial. La legisladora ya hab\u00eda presentado documentos sobre el contexto en el que trabajaba Nisman.<!--more--><\/p>\n<p>La funcionaria judicial llam\u00f3 adem\u00e1s a ocho custodios del fiscal fallecido para que ampl\u00eden su declaraci\u00f3n testimonial. La legisladora ya hab\u00eda presentado documentos sobre el contexto en el que trabajaba Nisman.<\/p>\n<p>La diputada ya hab\u00eda presentado dos documentos relacionados con el contexto internacional sobre el que trabajaba Nisman antes de morir, y el memor\u00e1ndum de entendimiento entre la Argentina e Ir\u00e1n.<\/p>\n<p>Podr\u00eda ser citada para el martes, seg\u00fan las fuentes, aunque la fiscal debe definir el cronograma de las pr\u00f3ximas convocatorias.<\/p>\n<p>En tanto, la fiscal cit\u00f3 a \u00abampliaci\u00f3n declaraci\u00f3n testimonial\u00bb, a ocho de los diez custodios personales que ten\u00eda Nisman, para interrogarlos sobre algunas aspectos que surgieron luego de completar una serie de medidas de prueba sobre la mec\u00e1nica de vigilancia.<\/p>\n<p>Seg\u00fan trascendi\u00f3, Nisman ten\u00eda \u00abcustodia ambulatoria\u00bb, esto es que \u00e9l la ped\u00eda cuando deb\u00eda desplazarse.<\/p>\n<p>En el expediente consta que en determinadas oportunidades el fiscal les encargaba tareas personales, como llevar sobres con documentaci\u00f3n, comprarle comida, y otros pedidos.<\/p>\n<p>Fein cit\u00f3 a ocho de los custodios, a pedido de la defensa de Diego Lagomarsino, el experto inform\u00e1tico que le dio a Nisman el arma que termin\u00f3 con su vida.<\/p>\n<p>Maximiliano Rusconi dijo que deben explicar concretamente qu\u00e9 paso entre las 11 y las 22, cuando fue encontrado el cuerpo y que deben aclarar incoherencias de horas y contradicciones.<\/p>\n<p>&nbsp;<\/p>\n<p>&nbsp;<\/p>\n<p>&nbsp;<\/p>\n<p>&nbsp;<\/p>\n<p>&nbsp;<\/p>\n<p>&nbsp;<\/p>\n<p>&nbsp;<\/p>\n<p>&nbsp;<\/p>\n<p>&nbsp;<\/p>\n<p>&nbsp;<\/p>\n<p>&nbsp;<\/p>\n<p>&nbsp;<\/p>\n<p>&nbsp;<\/p>\n<p>&nbsp;<\/p>\n<p>&nbsp;<\/p>\n<p>&nbsp;<\/p>\n<p>&nbsp;<\/p>\n<p>&nbsp;<\/p>\n<p>&nbsp;<\/p>\n","protected":false},"excerpt":{"rendered":"<p>La funcionaria judicial llam\u00f3 adem\u00e1s a ocho custodios del fiscal fallecido para que ampl\u00eden su declaraci\u00f3n testimonial. La legisladora ya hab\u00eda presentado documentos sobre el contexto en el que trabajaba Nisman.<\/p>\n","protected":false},"author":8,"featured_media":0,"comment_status":"open","ping_status":"open","sticky":false,"template":"","format":"standard","meta":{"_jetpack_newsletter_access":"","_jetpack_dont_email_post_to_subs":false,"_jetpack_newsletter_tier_id":0,"_jetpack_memberships_contains_paywalled_content":false,"_jetpack_memberships_contains_paid_content":false,"footnotes":""},"categories":[51],"tags":[],"class_list":["post-64403","post","type-post","status-publish","format-standard","hentry","category-politica"],"jetpack_shortlink":"https:\/\/wp.me\/p2JWE0-gKL","jetpack-related-posts":[{"id":62279,"url":"http:\/\/www.24baires.com\/?p=62279","url_meta":{"origin":64403,"position":0},"title":"Berni, el testigo en la causa Nisman","author":"Grupo Sierra","date":"25\/02\/2015","format":false,"excerpt":"La citaci\u00f3n hab\u00eda sido planteada para el martes pasado pero fue postergada a pedido del secretario por una intervenci\u00f3n odontol\u00f3gica que ten\u00eda. El secretario de Seguridad, Sergio Berni, brindar\u00e1 ma\u00f1ana declaraci\u00f3n testimonial ante la fiscal Viviana Fein en el marco de la causa que investiga la muerte de Alberto Nisman.\u2026","rel":"","context":"En \u00abJUDICIALES\u00bb","block_context":{"text":"JUDICIALES","link":"http:\/\/www.24baires.com\/?cat=68"},"img":{"alt_text":"","src":"https:\/\/i0.wp.com\/www.24baires.com\/wp-content\/uploads\/2015\/02\/berni.jpg?resize=350%2C200","width":350,"height":200,"srcset":"https:\/\/i0.wp.com\/www.24baires.com\/wp-content\/uploads\/2015\/02\/berni.jpg?resize=350%2C200 1x, https:\/\/i0.wp.com\/www.24baires.com\/wp-content\/uploads\/2015\/02\/berni.jpg?resize=525%2C300 1.5x"},"classes":[]},{"id":102494,"url":"http:\/\/www.24baires.com\/?p=102494","url_meta":{"origin":64403,"position":1},"title":"La C\u00e1mara \u00abreflot\u00f3\u00bb la causa Nisman y asegura que se trat\u00f3 de un crimen","author":"AF","date":"01\/06\/2018","format":false,"excerpt":"Confirm\u00f3 que el ex juez Alberto Nisman fue asesinado. Agregaron que el motivo fue su denuncia contra Cristina Kirchner. Adem\u00e1s dejaron firme el procesamiento de Diego Lagomarsino. La C\u00e1mara Federal hizo su aparici\u00f3n en medio de la debacle econ\u00f3mica que enfrenta el gobierno de Mauricio Macri. Entre masivas manifestaciones en\u2026","rel":"","context":"En \u00abJUDICIALES\u00bb","block_context":{"text":"JUDICIALES","link":"http:\/\/www.24baires.com\/?cat=68"},"img":{"alt_text":"","src":"https:\/\/i0.wp.com\/www.24baires.com\/wp-content\/uploads\/2015\/07\/nisman.jpg?resize=350%2C200","width":350,"height":200,"srcset":"https:\/\/i0.wp.com\/www.24baires.com\/wp-content\/uploads\/2015\/07\/nisman.jpg?resize=350%2C200 1x, https:\/\/i0.wp.com\/www.24baires.com\/wp-content\/uploads\/2015\/07\/nisman.jpg?resize=525%2C300 1.5x"},"classes":[]},{"id":62950,"url":"http:\/\/www.24baires.com\/?p=62950","url_meta":{"origin":64403,"position":2},"title":"Arroyo Salgado dijo que \u00aba Nisman lo habr\u00edan matado por dinero\u00bb","author":"Grupo Sierra","date":"10\/03\/2015","format":false,"excerpt":"La exde Nisman se present\u00f3 el lunes a declarar de forma sorpresiva para ampliar su testimonio como querellante en la causa. Revel\u00f3 su hip\u00f3tesis que la hace pensar que fue un \"asesinato\". Tendr\u00eda que ver con un tema econ\u00f3mico. El lunes a la tarde, la jueza de San Isidro, Sandra\u2026","rel":"","context":"En \u00abJUDICIALES\u00bb","block_context":{"text":"JUDICIALES","link":"http:\/\/www.24baires.com\/?cat=68"},"img":{"alt_text":"arroyo_salgado_senado nisman","src":"https:\/\/i0.wp.com\/www.24baires.com\/wp-content\/uploads\/2015\/02\/arroyo_salgado_senado-nisman.jpg?resize=350%2C200","width":350,"height":200,"srcset":"https:\/\/i0.wp.com\/www.24baires.com\/wp-content\/uploads\/2015\/02\/arroyo_salgado_senado-nisman.jpg?resize=350%2C200 1x, https:\/\/i0.wp.com\/www.24baires.com\/wp-content\/uploads\/2015\/02\/arroyo_salgado_senado-nisman.jpg?resize=525%2C300 1.5x"},"classes":[]},{"id":79661,"url":"http:\/\/www.24baires.com\/?p=79661","url_meta":{"origin":64403,"position":3},"title":"Stiuso increp\u00f3 a Moreno Ocampo en un programa de TV","author":"AF","date":"03\/03\/2016","format":false,"excerpt":"El ex esp\u00eda mantuvo al aire una comunicaci\u00f3n telef\u00f3nica con el conductor Santiago del Moro y tild\u00f3 de \"caradura\" al ex fiscal del Juicio a las Juntas, Luis Moreno Ocampo, quien estaba como invitado en el programa. Previamente, Moreno Ocampo hab\u00eda dicho que no conoc\u00eda a quien fue uno de\u2026","rel":"","context":"En \u00abGeneral\u00bb","block_context":{"text":"General","link":"http:\/\/www.24baires.com\/?cat=67"},"img":{"alt_text":"stiuso","src":"https:\/\/i0.wp.com\/www.24baires.com\/wp-content\/uploads\/2015\/10\/stiuso.jpg?resize=350%2C200","width":350,"height":200,"srcset":"https:\/\/i0.wp.com\/www.24baires.com\/wp-content\/uploads\/2015\/10\/stiuso.jpg?resize=350%2C200 1x, https:\/\/i0.wp.com\/www.24baires.com\/wp-content\/uploads\/2015\/10\/stiuso.jpg?resize=525%2C300 1.5x"},"classes":[]},{"id":62939,"url":"http:\/\/www.24baires.com\/?p=62939","url_meta":{"origin":64403,"position":4},"title":"Declar\u00f3 la modelo vinculada con Nisman y asegur\u00f3 que su relaci\u00f3n era \u00absuperficial\u00bb","author":"GB","date":"10\/03\/2015","format":false,"excerpt":"Jorge Gonz\u00e1lez Novillo, abogado de la modelo Florencia Cocucci, a quien se vincula sentimentalmente con Alberto Nisman, reafirm\u00f3 que su clienta, quien prest\u00f3 hoy declaraci\u00f3n testimonial en el marco de la causa que investiga la muerte el fiscal, manten\u00eda una \u201crelaci\u00f3n superficial\u201d con el ex titular de la UFI-AMIA que\u2026","rel":"","context":"En \u00abPol\u00edtica\u00bb","block_context":{"text":"Pol\u00edtica","link":"http:\/\/www.24baires.com\/?cat=51"},"img":{"alt_text":"","src":"https:\/\/i0.wp.com\/www.24baires.com\/wp-content\/uploads\/2015\/03\/abogado-modelo-nisman.jpg?resize=350%2C200","width":350,"height":200,"srcset":"https:\/\/i0.wp.com\/www.24baires.com\/wp-content\/uploads\/2015\/03\/abogado-modelo-nisman.jpg?resize=350%2C200 1x, https:\/\/i0.wp.com\/www.24baires.com\/wp-content\/uploads\/2015\/03\/abogado-modelo-nisman.jpg?resize=525%2C300 1.5x"},"classes":[]},{"id":61508,"url":"http:\/\/www.24baires.com\/?p=61508","url_meta":{"origin":64403,"position":5},"title":"Fein confirm\u00f3 los llamados entre Stiuso y Nisman antes de su muerte","author":"Grupo Sierra","date":"09\/02\/2015","format":false,"excerpt":"La fiscal Viviana Fein inform\u00f3 acerca de las \u00faltimas novedades de la investigaci\u00f3n: los llamados entre, la declaraci\u00f3n del exagente de inteligencia, la trayectoria de la bala y los peritajes pendientes. En un nuevo comunicado, la fiscal Viviana Fein inform\u00f3 los avances de la investigaci\u00f3n sobre la muerte de Alberto\u2026","rel":"","context":"En \u00abJUDICIALES\u00bb","block_context":{"text":"JUDICIALES","link":"http:\/\/www.24baires.com\/?cat=68"},"img":{"alt_text":"fein","src":"https:\/\/i0.wp.com\/www.24baires.com\/wp-content\/uploads\/2015\/01\/fein.jpg?resize=350%2C200","width":350,"height":200,"srcset":"https:\/\/i0.wp.com\/www.24baires.com\/wp-content\/uploads\/2015\/01\/fein.jpg?resize=350%2C200 1x, https:\/\/i0.wp.com\/www.24baires.com\/wp-content\/uploads\/2015\/01\/fein.jpg?resize=525%2C300 1.5x"},"classes":[]}],"jetpack_sharing_enabled":true,"jetpack_likes_enabled":true,"jetpack_featured_media_url":"","_links":{"self":[{"href":"http:\/\/www.24baires.com\/index.php?rest_route=\/wp\/v2\/posts\/64403","targetHints":{"allow":["GET"]}}],"collection":[{"href":"http:\/\/www.24baires.com\/index.php?rest_route=\/wp\/v2\/posts"}],"about":[{"href":"http:\/\/www.24baires.com\/index.php?rest_route=\/wp\/v2\/types\/post"}],"author":[{"embeddable":true,"href":"http:\/\/www.24baires.com\/index.php?rest_route=\/wp\/v2\/users\/8"}],"replies":[{"embeddable":true,"href":"http:\/\/www.24baires.com\/index.php?rest_route=%2Fwp%2Fv2%2Fcomments&post=64403"}],"version-history":[{"count":1,"href":"http:\/\/www.24baires.com\/index.php?rest_route=\/wp\/v2\/posts\/64403\/revisions"}],"predecessor-version":[{"id":64404,"href":"http:\/\/www.24baires.com\/index.php?rest_route=\/wp\/v2\/posts\/64403\/revisions\/64404"}],"wp:attachment":[{"href":"http:\/\/www.24baires.com\/index.php?rest_route=%2Fwp%2Fv2%2Fmedia&parent=64403"}],"wp:term":[{"taxonomy":"category","embeddable":true,"href":"http:\/\/www.24baires.com\/index.php?rest_route=%2Fwp%2Fv2%2Fcategories&post=64403"},{"taxonomy":"post_tag","embeddable":true,"href":"http:\/\/www.24baires.com\/index.php?rest_route=%2Fwp%2Fv2%2Ftags&post=64403"}],"curies":[{"name":"wp","href":"https:\/\/api.w.org\/{rel}","templated":true}]}}