{"id":64377,"date":"2015-04-16T18:52:51","date_gmt":"2015-04-16T21:52:51","guid":{"rendered":"http:\/\/www.24baires.com\/?p=64377"},"modified":"2015-04-17T09:58:11","modified_gmt":"2015-04-17T12:58:11","slug":"yo-no-estoy-aca-como-presidenta-sino-como-militante-nacional-y-popular","status":"publish","type":"post","link":"http:\/\/www.24baires.com\/?p=64377","title":{"rendered":"\u00abYo no estoy ac\u00e1 como presidenta, sino como militante nacional y popular\u00bb"},"content":{"rendered":"<p><img data-recalc-dims=\"1\" loading=\"lazy\" decoding=\"async\" class=\"aligncenter size-full wp-image-64378\" src=\"https:\/\/i0.wp.com\/www.24baires.com\/wp-content\/uploads\/2015\/04\/cristina-radicales.jpg?resize=560%2C313\" alt=\"cristina radicales\" width=\"560\" height=\"313\" srcset=\"https:\/\/i0.wp.com\/www.24baires.com\/wp-content\/uploads\/2015\/04\/cristina-radicales.jpg?w=560 560w, https:\/\/i0.wp.com\/www.24baires.com\/wp-content\/uploads\/2015\/04\/cristina-radicales.jpg?resize=300%2C168 300w\" sizes=\"auto, (max-width: 560px) 100vw, 560px\" \/>\u201cEstamos entrando en el comienzo de un nuevo ciclo pol\u00edtico, el verdadero fin de ciclo fue en 2001\u201d, asegur\u00f3 Cristina. La Presidenta encabeza el acto de cierre del Congreso del Radicalismo Popular, un ala del partido centenario que conduce el ex legislador nacional Leopoldo Moreau desde el Movimiento Nacional Alfonsinista.<!--more--><\/p>\n<p>La presidenta Cristina Fern\u00e1ndez de Kirchner asegur\u00f3 que \u00abhoy, lejos de estar en un fin de ciclo estamos entrando en el comienzo de un nuevo ciclo\u00bb y destac\u00f3 que en nuestro pa\u00eds \u00abel verdadero fin de ciclo fue el 2001\u00bb.<\/p>\n<p>Al cerrar el Congreso del Radicalismo Popular que se lleva adelante en Parque Norte, en la Ciudad de Buenos Aires, Cristina expres\u00f3: \u00abAc\u00e1 somos nacionales y populares pero el concepto se une con el de democracia. Porque nosotros somos nacionales, populares y democr\u00e1ticos\u00bb. <\/p>\n<p>\u00abYo no estoy ac\u00e1 como presidenta, sino como militante nacional y popular, que fui toda mi vida\u00bb, se\u00f1al\u00f3 Cristina ante el auditorio reunido en Parque Norte.<\/p>\n<p>En otro tramo de su intervenci\u00f3n, la presidenta dijo que   \u00abla pol\u00edtica fue, es y seguir\u00e1 siendo el instrumento m\u00e1s adecuado para transformar la realidad\u00bb, al hablar en el acto de cierre del congreso del Movimiento Nacional Alfonsinista, que deliber\u00f3 hoy en el predio de Parque Norte en la costanera porte\u00f1a.<\/p>\n<p>Cristina rememor\u00f3 ante cientos de militantes radicales la antigua rivalidad entre el peronismo y radicalismo, a los que defini\u00f3 como \u00ablos dos partidos nacionales, populares y democr\u00e1ticos, aunque nosotros (por el peronismo) lo democr\u00e1tico lo incorporamos m\u00e1s tarde\u00bb, y resalt\u00f3 el papel de la pol\u00edtica en la construcci\u00f3n del futuro del pa\u00eds.<\/p>\n<p>\u00abAc\u00e1 estamos los que toda la vida pensamos que la pol\u00edtica fue, es y seguir\u00e1 siendo el instrumentos m\u00e1s adecuado para transformar la realidad de las grandes mayor\u00edas\u00bb, indic\u00f3 y asegur\u00f3 que \u00abno se puede entender el presente ni construir el futuro si nos conocemos el pasado de este pa\u00eds\u00bb.<\/p>\n<p> \u00abNunca so\u00f1\u00e9 estar entre tantas banderas radicales acompa\u00f1ando este proyecto nacional y popular\u00bb.dijo, finalmente, en el cierre del congreso del Radicalismo Popular, que lidera Leopoldo Moreau.<br \/>\n&nbsp;<\/p>\n<p>&nbsp;<\/p>\n<p>&nbsp;<\/p>\n<p>&nbsp;<\/p>\n<p>&nbsp;<\/p>\n<p>&nbsp;<\/p>\n<p>&nbsp;<\/p>\n<p>&nbsp;<\/p>\n<p>&nbsp;<\/p>\n<p>&nbsp;<\/p>\n<p>&nbsp;<\/p>\n<p>&nbsp;<\/p>\n<p>&nbsp;<\/p>\n<p>&nbsp;<\/p>\n<p>&nbsp;<\/p>\n","protected":false},"excerpt":{"rendered":"<p>\u201cEstamos entrando en el comienzo de un nuevo ciclo pol\u00edtico, el verdadero fin de ciclo fue en 2001\u201d, asegur\u00f3 Cristina. La Presidenta encabeza el acto de cierre del Congreso del Radicalismo Popular, un ala del partido centenario que conduce el ex legislador nacional Leopoldo Moreau desde el Movimiento Nacional Alfonsinista.<\/p>\n","protected":false},"author":8,"featured_media":0,"comment_status":"open","ping_status":"open","sticky":false,"template":"","format":"standard","meta":{"_jetpack_newsletter_access":"","_jetpack_dont_email_post_to_subs":false,"_jetpack_newsletter_tier_id":0,"_jetpack_memberships_contains_paywalled_content":false,"_jetpack_memberships_contains_paid_content":false,"footnotes":""},"categories":[51],"tags":[],"class_list":["post-64377","post","type-post","status-publish","format-standard","hentry","category-politica"],"jetpack_shortlink":"https:\/\/wp.me\/p2JWE0-gKl","jetpack-related-posts":[{"id":35108,"url":"http:\/\/www.24baires.com\/?p=35108","url_meta":{"origin":64377,"position":0},"title":"Recalde le atribuy\u00f3 al Frente Renovador un \u00abh\u00e1lito destituyente\u00bb","author":"AF","date":"13\/11\/2013","format":false,"excerpt":"El diputado nacional del Frente para la Victoria, H\u00e9ctor Recfalde, asegur\u00f3 hoy que el n\u00facleo pol\u00edtico del espacio liderado por Sergio Massa demostr\u00f3 un \"h\u00e1lito destituyente\" con las dudas que expres\u00f3 Luis Barrionuevo sobre la continuidad del gobierno hasta el fin de su mandato, en 2015. \"Estas expresiones tienen un\u2026","rel":"","context":"En \u00abPol\u00edtica\u00bb","block_context":{"text":"Pol\u00edtica","link":"http:\/\/www.24baires.com\/?cat=51"},"img":{"alt_text":"recalde padre","src":"https:\/\/i0.wp.com\/www.24baires.com\/wp-content\/uploads\/2012\/12\/recalde-padre-300x180.jpg?resize=350%2C200","width":350,"height":200},"classes":[]},{"id":47032,"url":"http:\/\/www.24baires.com\/?p=47032","url_meta":{"origin":64377,"position":1},"title":"Extra\u00f1o fin de ciclo","author":"AF","date":"30\/05\/2014","format":false,"excerpt":"Cosa rara este fin de ciclo kirchnerista. A ver, uno espera otra cosa de los finales, espera que sean definitorios, dr\u00e1sticos y, sobre todo, eso: finales. Colofones terminantes que cortan de cuajo todo, eso se espera en \u201cun final de ciclo\u201d, suena repetitivo, pero en la pol\u00edtica argentina los conceptos\u2026","rel":"","context":"En \u00abOpini\u00f3n\u00bb","block_context":{"text":"Opini\u00f3n","link":"http:\/\/www.24baires.com\/?cat=64"},"img":{"alt_text":"","src":"https:\/\/i0.wp.com\/www.24baires.com\/wp-content\/uploads\/2014\/05\/n%C3%A9stor-cristina.jpg?resize=350%2C200","width":350,"height":200,"srcset":"https:\/\/i0.wp.com\/www.24baires.com\/wp-content\/uploads\/2014\/05\/n%C3%A9stor-cristina.jpg?resize=350%2C200 1x, https:\/\/i0.wp.com\/www.24baires.com\/wp-content\/uploads\/2014\/05\/n%C3%A9stor-cristina.jpg?resize=525%2C300 1.5x"},"classes":[]},{"id":101558,"url":"http:\/\/www.24baires.com\/?p=101558","url_meta":{"origin":64377,"position":2},"title":"Gioja: \u00abLa intervenci\u00f3n es un disparate\u00bb","author":"AF","date":"11\/04\/2018","format":false,"excerpt":"El presidente del Partido Justicialista (PJ), Jos\u00e9 Luis Gioja, calific\u00f3 de \"disparate\" la intervenci\u00f3n dictada por la juez federal Mar\u00eda Servini de Cubr\u00eda, pero asegur\u00f3 que respetar\u00e1n al Poder Judicial y esperar\u00e1n la decisi\u00f3n de la c\u00e1mara de segunda instancia, tras la apelaci\u00f3n presentada esta ma\u00f1ana. Rodeados por una multitud\u2026","rel":"","context":"En \u00abPol\u00edtica\u00bb","block_context":{"text":"Pol\u00edtica","link":"http:\/\/www.24baires.com\/?cat=51"},"img":{"alt_text":"","src":"https:\/\/i0.wp.com\/www.24baires.com\/wp-content\/uploads\/2018\/04\/gioja.jpg?resize=350%2C200","width":350,"height":200,"srcset":"https:\/\/i0.wp.com\/www.24baires.com\/wp-content\/uploads\/2018\/04\/gioja.jpg?resize=350%2C200 1x, https:\/\/i0.wp.com\/www.24baires.com\/wp-content\/uploads\/2018\/04\/gioja.jpg?resize=525%2C300 1.5x"},"classes":[]},{"id":120603,"url":"http:\/\/www.24baires.com\/?p=120603","url_meta":{"origin":64377,"position":3},"title":"Cristina, de cara al balotaje: \u00abDe ac\u00e1 al 19 pongamos todo el esfuerzo\u00bb","author":"GB","date":"30\/10\/2023","format":false,"excerpt":"Ante el cruce que tendr\u00e1 como protagonistas a Sergio Massa y Javier Milei, la referente del kirchnerismo inst\u00f3 a la militancia a luchar por \"el triunfo de Uni\u00f3n por la Patria\". De cara al balotaje del pr\u00f3ximo 19 de noviembre, la vicepresidenta Cristina Kirchner pidi\u00f3 a la militancia que haga\u2026","rel":"","context":"En \u00abElecciones\u00bb","block_context":{"text":"Elecciones","link":"http:\/\/www.24baires.com\/?cat=316"},"img":{"alt_text":"","src":"https:\/\/i0.wp.com\/www.24baires.com\/wp-content\/uploads\/2022\/09\/cristinakirchnerjpg.jpg?resize=350%2C200","width":350,"height":200,"srcset":"https:\/\/i0.wp.com\/www.24baires.com\/wp-content\/uploads\/2022\/09\/cristinakirchnerjpg.jpg?resize=350%2C200 1x, https:\/\/i0.wp.com\/www.24baires.com\/wp-content\/uploads\/2022\/09\/cristinakirchnerjpg.jpg?resize=525%2C300 1.5x, https:\/\/i0.wp.com\/www.24baires.com\/wp-content\/uploads\/2022\/09\/cristinakirchnerjpg.jpg?resize=700%2C400 2x"},"classes":[]},{"id":116063,"url":"http:\/\/www.24baires.com\/?p=116063","url_meta":{"origin":64377,"position":4},"title":"CFK asegura que Macri realiz\u00f3 una \u00abreforma de facto\u00bb de la Justicia para \u00abperseguir opositores\u00bb","author":"AF","date":"25\/08\/2020","format":false,"excerpt":"La vicepresidenta apareci\u00f3 nuevamente en escena para expresarse sobre el proyecto del oficialismo que se tratar\u00e1 este jueves en el Senado. La vicepresidenta Cristina Fern\u00e1ndez de Kirchner comparti\u00f3, hace instantes, una publicaci\u00f3n en sus redes sociales donde opin\u00f3 sobre el proyecto que envi\u00f3 el Gobierno Nacional al Congreso para modificar\u2026","rel":"","context":"En \u00abPol\u00edtica\u00bb","block_context":{"text":"Pol\u00edtica","link":"http:\/\/www.24baires.com\/?cat=51"},"img":{"alt_text":"","src":"https:\/\/i0.wp.com\/www.24baires.com\/wp-content\/uploads\/2019\/08\/cristina-LP.jpg?resize=350%2C200","width":350,"height":200,"srcset":"https:\/\/i0.wp.com\/www.24baires.com\/wp-content\/uploads\/2019\/08\/cristina-LP.jpg?resize=350%2C200 1x, https:\/\/i0.wp.com\/www.24baires.com\/wp-content\/uploads\/2019\/08\/cristina-LP.jpg?resize=525%2C300 1.5x"},"classes":[]},{"id":57180,"url":"http:\/\/www.24baires.com\/?p=57180","url_meta":{"origin":64377,"position":5},"title":"Scioli, Urribarri y Rossi homenajearon juntos a N\u00e9stor Kirchner en La Matanza","author":"AF","date":"15\/11\/2014","format":false,"excerpt":"Los precandidatos a presidente del Frente para la Victoria Daniel Scioli, Sergio Urribarri y Agust\u00edn Rossi homenajearon al ex presidente N\u00e9stor Kirchner en el acto por el D\u00eda del Militante Peronista que compartieron en La Matanza. Convocados por el titular del PJ Bonaerense, Fernando Espinoza, Scioli, Urribarri y Rossi recordaron\u2026","rel":"","context":"En \u00abPol\u00edtica\u00bb","block_context":{"text":"Pol\u00edtica","link":"http:\/\/www.24baires.com\/?cat=51"},"img":{"alt_text":"peronismo","src":"https:\/\/i0.wp.com\/www.24baires.com\/wp-content\/uploads\/2014\/11\/peronismo-300x199.jpg?resize=350%2C200","width":350,"height":200},"classes":[]}],"jetpack_sharing_enabled":true,"jetpack_likes_enabled":true,"jetpack_featured_media_url":"","_links":{"self":[{"href":"http:\/\/www.24baires.com\/index.php?rest_route=\/wp\/v2\/posts\/64377","targetHints":{"allow":["GET"]}}],"collection":[{"href":"http:\/\/www.24baires.com\/index.php?rest_route=\/wp\/v2\/posts"}],"about":[{"href":"http:\/\/www.24baires.com\/index.php?rest_route=\/wp\/v2\/types\/post"}],"author":[{"embeddable":true,"href":"http:\/\/www.24baires.com\/index.php?rest_route=\/wp\/v2\/users\/8"}],"replies":[{"embeddable":true,"href":"http:\/\/www.24baires.com\/index.php?rest_route=%2Fwp%2Fv2%2Fcomments&post=64377"}],"version-history":[{"count":2,"href":"http:\/\/www.24baires.com\/index.php?rest_route=\/wp\/v2\/posts\/64377\/revisions"}],"predecessor-version":[{"id":64388,"href":"http:\/\/www.24baires.com\/index.php?rest_route=\/wp\/v2\/posts\/64377\/revisions\/64388"}],"wp:attachment":[{"href":"http:\/\/www.24baires.com\/index.php?rest_route=%2Fwp%2Fv2%2Fmedia&parent=64377"}],"wp:term":[{"taxonomy":"category","embeddable":true,"href":"http:\/\/www.24baires.com\/index.php?rest_route=%2Fwp%2Fv2%2Fcategories&post=64377"},{"taxonomy":"post_tag","embeddable":true,"href":"http:\/\/www.24baires.com\/index.php?rest_route=%2Fwp%2Fv2%2Ftags&post=64377"}],"curies":[{"name":"wp","href":"https:\/\/api.w.org\/{rel}","templated":true}]}}