{"id":64370,"date":"2015-04-16T17:29:16","date_gmt":"2015-04-16T20:29:16","guid":{"rendered":"http:\/\/www.24baires.com\/?p=64370"},"modified":"2015-04-16T17:29:16","modified_gmt":"2015-04-16T20:29:16","slug":"scioli-firmo-el-decreto-que-formaliza-el-cronograma-electoral","status":"publish","type":"post","link":"http:\/\/www.24baires.com\/?p=64370","title":{"rendered":"Scioli firm\u00f3 el decreto que formaliza el cronograma electoral"},"content":{"rendered":"<p><img data-recalc-dims=\"1\" loading=\"lazy\" decoding=\"async\" class=\"aligncenter size-full wp-image-62506\" src=\"https:\/\/i0.wp.com\/www.24baires.com\/wp-content\/uploads\/2015\/03\/scioli-congreso.png?resize=560%2C314\" alt=\"scioli congreso\" width=\"560\" height=\"314\" srcset=\"https:\/\/i0.wp.com\/www.24baires.com\/wp-content\/uploads\/2015\/03\/scioli-congreso.png?w=560 560w, https:\/\/i0.wp.com\/www.24baires.com\/wp-content\/uploads\/2015\/03\/scioli-congreso.png?resize=300%2C168 300w\" sizes=\"auto, (max-width: 560px) 100vw, 560px\" \/>El gobernador de la provincia de Buenos Aires, Daniel Scioli , puso formalmente en marcha el cronograma electoral: firm\u00f3 el decreto 114, con la convocatoria a las elecciones primarias (PASO) para el 9 de agosto y a las elecciones generales para el 25 de octubre.<!--more--><\/p>\n<p>El jefe de Gabinete provincial, Alberto P\u00e9rez , explic\u00f3 que Buenos Aires adhiere a la ley nacional electoral \u00aben temas de campa\u00f1as electorales y de publicidad audiovisual\u00bb.<\/p>\n<p>El subsecretario de Gabinete, Juan Pablo \u00c1lvarez Echag\u00fce, detall\u00f3 que \u00abla adhesi\u00f3n al r\u00e9gimen de la ley 15.262 implica el uso del padr\u00f3n confeccionado en base al Registro Nacional de Electores; las mismas mesas de votaci\u00f3n y autoridades; la realizaci\u00f3n del escrutinio corresponde a las autoridades nacionales, as\u00ed como tambi\u00e9n todo lo relacionado con la aprobaci\u00f3n de los modelos de boleta\u00bb<\/p>\n<p>El padr\u00f3n provisorio ser\u00e1 publicado por la C\u00e1mara Nacional Electoral el 8 de mayo. Los ciudadanos que deban modificar alg\u00fan dato incorrecto podr\u00e1n hacerlo hasta el 23 de mayo.<\/p>\n<p>&nbsp;<\/p>\n<p>&nbsp;<\/p>\n<p>&nbsp;<\/p>\n<p>&nbsp;<\/p>\n<p>&nbsp;<\/p>\n<p>&nbsp;<\/p>\n<p>&nbsp;<\/p>\n<p>&nbsp;<\/p>\n<p>&nbsp;<\/p>\n<p>&nbsp;<\/p>\n<p>&nbsp;<\/p>\n","protected":false},"excerpt":{"rendered":"<p>El gobernador de la provincia de Buenos Aires, Daniel Scioli , puso formalmente en marcha el cronograma electoral: firm\u00f3 el decreto 114, con la convocatoria a las elecciones primarias (PASO) para el 9 de agosto y a las elecciones generales para el 25 de octubre.<\/p>\n","protected":false},"author":8,"featured_media":0,"comment_status":"open","ping_status":"open","sticky":false,"template":"","format":"standard","meta":{"_jetpack_newsletter_access":"","_jetpack_dont_email_post_to_subs":false,"_jetpack_newsletter_tier_id":0,"_jetpack_memberships_contains_paywalled_content":false,"_jetpack_memberships_contains_paid_content":false,"footnotes":""},"categories":[51],"tags":[],"class_list":["post-64370","post","type-post","status-publish","format-standard","hentry","category-politica"],"jetpack_shortlink":"https:\/\/wp.me\/p2JWE0-gKe","jetpack-related-posts":[{"id":117067,"url":"http:\/\/www.24baires.com\/?p=117067","url_meta":{"origin":64370,"position":0},"title":"El Gobierno habilit\u00f3 al Congreso a tratar el proyecto para suspender las PASO","author":"AF","date":"23\/01\/2021","format":false,"excerpt":"Lo hizo a trav\u00e9s de un decreto, con el que incluye en las sesiones extraordinarias el debate de cambios en el calendario electoral. El Gobierno nacional ampli\u00f3 con un decreto el temario a tratar en las sesiones extraordinarias del Congreso y la principal novedad refiere a \"Emergencia Sanitaria y Calendario\u2026","rel":"","context":"En \u00abLocales\u00bb","block_context":{"text":"Locales","link":"http:\/\/www.24baires.com\/?cat=38"},"img":{"alt_text":"","src":"https:\/\/i0.wp.com\/www.24baires.com\/wp-content\/uploads\/2015\/04\/paso-caba.jpg?resize=350%2C200","width":350,"height":200,"srcset":"https:\/\/i0.wp.com\/www.24baires.com\/wp-content\/uploads\/2015\/04\/paso-caba.jpg?resize=350%2C200 1x, https:\/\/i0.wp.com\/www.24baires.com\/wp-content\/uploads\/2015\/04\/paso-caba.jpg?resize=525%2C300 1.5x"},"classes":[]},{"id":119915,"url":"http:\/\/www.24baires.com\/?p=119915","url_meta":{"origin":64370,"position":1},"title":"El 13 de agosto ser\u00e1n las PASO y el 22 de octubre las generales","author":"AF","date":"16\/03\/2023","format":false,"excerpt":"El cronograma establece que el 24 de junio se dar\u00e1 inicio a la campa\u00f1a para las PASO. Las juntas electorales partidarias contar\u00e1n con las 48 horas siguientes para oficializar las listas de precandidatos. La C\u00e1mara Nacional Electoral aprob\u00f3 este jueves el cronograma para las pr\u00f3ximas elecciones nacionales, en el que\u2026","rel":"","context":"En \u00abPol\u00edtica\u00bb","block_context":{"text":"Pol\u00edtica","link":"http:\/\/www.24baires.com\/?cat=51"},"img":{"alt_text":"","src":"https:\/\/i0.wp.com\/www.24baires.com\/wp-content\/uploads\/2015\/08\/urnas.jpg?resize=350%2C200","width":350,"height":200,"srcset":"https:\/\/i0.wp.com\/www.24baires.com\/wp-content\/uploads\/2015\/08\/urnas.jpg?resize=350%2C200 1x, https:\/\/i0.wp.com\/www.24baires.com\/wp-content\/uploads\/2015\/08\/urnas.jpg?resize=525%2C300 1.5x, https:\/\/i0.wp.com\/www.24baires.com\/wp-content\/uploads\/2015\/08\/urnas.jpg?resize=700%2C400 2x"},"classes":[]},{"id":20732,"url":"http:\/\/www.24baires.com\/?p=20732","url_meta":{"origin":64370,"position":2},"title":"Scioli firm\u00f3 el decreto de convocatoria a elecciones en l\u00ednea con la fecha nacional","author":"AF","date":"11\/04\/2013","format":false,"excerpt":"Las primarias abiertas y obligatorias se realizar\u00e1n el 11 de agosto y las generales el 27 de octubre, en l\u00ednea con el cronograma nacional. El gobernador Daniel Scioli firm\u00f3 el decreto de convocatoria a elecciones en la provincia de Buenos Aires. Las primarias abiertas y obligatorias se realizar\u00e1n el 11\u2026","rel":"","context":"En \u00abPol\u00edtica\u00bb","block_context":{"text":"Pol\u00edtica","link":"http:\/\/www.24baires.com\/?cat=51"},"img":{"alt_text":"","src":"","width":0,"height":0},"classes":[]},{"id":107636,"url":"http:\/\/www.24baires.com\/?p=107636","url_meta":{"origin":64370,"position":3},"title":"Macri y Vidal modificaron la ley electoral para evitar una jugada del peronismo","author":"GB","date":"12\/04\/2019","format":false,"excerpt":"El jefe de Estado decidi\u00f3 eliminar la posibilidad de que un mismo candidato a gobernador se cuelgue de varios candidatos a presidente. Enojo en el PJ porque se cambian las reglas de juego sobre la marcha y porque Gerardo Morales lo hab\u00eda hecho en Jujuy en 2015 Para evitar un\u2026","rel":"","context":"En \u00abPol\u00edtica\u00bb","block_context":{"text":"Pol\u00edtica","link":"http:\/\/www.24baires.com\/?cat=51"},"img":{"alt_text":"","src":"https:\/\/i0.wp.com\/www.24baires.com\/wp-content\/uploads\/2017\/02\/casa-rosada.jpg?resize=350%2C200","width":350,"height":200,"srcset":"https:\/\/i0.wp.com\/www.24baires.com\/wp-content\/uploads\/2017\/02\/casa-rosada.jpg?resize=350%2C200 1x, https:\/\/i0.wp.com\/www.24baires.com\/wp-content\/uploads\/2017\/02\/casa-rosada.jpg?resize=525%2C300 1.5x"},"classes":[]},{"id":112705,"url":"http:\/\/www.24baires.com\/?p=112705","url_meta":{"origin":64370,"position":4},"title":"La C\u00e1mara Electoral desmiente irregularidades","author":"AF","date":"27\/10\/2019","format":false,"excerpt":"\"Los fiscales est\u00e1n siendo muy r\u00edgidos en el desempe\u00f1o de su lavor, pero no genera mayores contratiempos\", afirm\u00f3 Sebasti\u00e1n Schimmel, secretario C\u00e1mara Nacional Electoral. Asegur\u00f3 que las denuncias sobre el uso de documentos anteriores a los que figuran en el padr\u00f3n \"no pasan de ser una an\u00e9cdota en un conjunto\u2026","rel":"","context":"En \u00abELECCIONES 2019\u00bb","block_context":{"text":"ELECCIONES 2019","link":"http:\/\/www.24baires.com\/?cat=329"},"img":{"alt_text":"","src":"https:\/\/i0.wp.com\/www.24baires.com\/wp-content\/uploads\/2013\/08\/urna3.jpg?resize=350%2C200","width":350,"height":200,"srcset":"https:\/\/i0.wp.com\/www.24baires.com\/wp-content\/uploads\/2013\/08\/urna3.jpg?resize=350%2C200 1x, https:\/\/i0.wp.com\/www.24baires.com\/wp-content\/uploads\/2013\/08\/urna3.jpg?resize=525%2C300 1.5x"},"classes":[]},{"id":111439,"url":"http:\/\/www.24baires.com\/?p=111439","url_meta":{"origin":64370,"position":5},"title":"Comienza la veda para las encuestas electorales","author":"AF","date":"02\/08\/2019","format":false,"excerpt":"La C\u00e1mara Nacional Electoral record\u00f3 el cronograma electoral. En las 48 horas previas a la votaci\u00f3n no se podr\u00e1n hacer m\u00e1s actos de campa\u00f1a. A partir de ma\u00f1ana, y hasta tres horas despu\u00e9s del cierre de los comicios, no podr\u00e1n publicarse \"resultados de encuestas o sondeos de opini\u00f3n, ni referirse\u2026","rel":"","context":"En \u00abPol\u00edtica\u00bb","block_context":{"text":"Pol\u00edtica","link":"http:\/\/www.24baires.com\/?cat=51"},"img":{"alt_text":"","src":"https:\/\/i0.wp.com\/www.24baires.com\/wp-content\/uploads\/2013\/08\/urna3.jpg?resize=350%2C200","width":350,"height":200,"srcset":"https:\/\/i0.wp.com\/www.24baires.com\/wp-content\/uploads\/2013\/08\/urna3.jpg?resize=350%2C200 1x, https:\/\/i0.wp.com\/www.24baires.com\/wp-content\/uploads\/2013\/08\/urna3.jpg?resize=525%2C300 1.5x"},"classes":[]}],"jetpack_sharing_enabled":true,"jetpack_likes_enabled":true,"jetpack_featured_media_url":"","_links":{"self":[{"href":"http:\/\/www.24baires.com\/index.php?rest_route=\/wp\/v2\/posts\/64370","targetHints":{"allow":["GET"]}}],"collection":[{"href":"http:\/\/www.24baires.com\/index.php?rest_route=\/wp\/v2\/posts"}],"about":[{"href":"http:\/\/www.24baires.com\/index.php?rest_route=\/wp\/v2\/types\/post"}],"author":[{"embeddable":true,"href":"http:\/\/www.24baires.com\/index.php?rest_route=\/wp\/v2\/users\/8"}],"replies":[{"embeddable":true,"href":"http:\/\/www.24baires.com\/index.php?rest_route=%2Fwp%2Fv2%2Fcomments&post=64370"}],"version-history":[{"count":1,"href":"http:\/\/www.24baires.com\/index.php?rest_route=\/wp\/v2\/posts\/64370\/revisions"}],"predecessor-version":[{"id":64371,"href":"http:\/\/www.24baires.com\/index.php?rest_route=\/wp\/v2\/posts\/64370\/revisions\/64371"}],"wp:attachment":[{"href":"http:\/\/www.24baires.com\/index.php?rest_route=%2Fwp%2Fv2%2Fmedia&parent=64370"}],"wp:term":[{"taxonomy":"category","embeddable":true,"href":"http:\/\/www.24baires.com\/index.php?rest_route=%2Fwp%2Fv2%2Fcategories&post=64370"},{"taxonomy":"post_tag","embeddable":true,"href":"http:\/\/www.24baires.com\/index.php?rest_route=%2Fwp%2Fv2%2Ftags&post=64370"}],"curies":[{"name":"wp","href":"https:\/\/api.w.org\/{rel}","templated":true}]}}