{"id":64363,"date":"2015-04-16T15:45:51","date_gmt":"2015-04-16T18:45:51","guid":{"rendered":"http:\/\/www.24baires.com\/?p=64363"},"modified":"2015-04-16T15:24:36","modified_gmt":"2015-04-16T18:24:36","slug":"ahora-samid-quiere-sacar-el-ejercito-a-la-calle-para-terminar-con-la-droga","status":"publish","type":"post","link":"http:\/\/www.24baires.com\/?p=64363","title":{"rendered":"Ahora Samid quiere sacar el Ej\u00e9rcito a la calle para terminar con la droga"},"content":{"rendered":"<p><img data-recalc-dims=\"1\" loading=\"lazy\" decoding=\"async\" class=\"aligncenter size-full wp-image-41202\" src=\"https:\/\/i0.wp.com\/www.24baires.com\/wp-content\/uploads\/2014\/02\/samid.jpg?resize=560%2C384\" alt=\"samid\" width=\"560\" height=\"384\" srcset=\"https:\/\/i0.wp.com\/www.24baires.com\/wp-content\/uploads\/2014\/02\/samid.jpg?w=560 560w, https:\/\/i0.wp.com\/www.24baires.com\/wp-content\/uploads\/2014\/02\/samid.jpg?resize=300%2C205 300w\" sizes=\"auto, (max-width: 560px) 100vw, 560px\" \/><\/p>\n<p><strong>LA MATANZA.<\/strong>&#8211; El vicepresidente del Mercado Central y cercano al precandidato presidencial Daniel Scioli, Alberto Samid, reiter\u00f3 su respaldo a la carrera electoral del gobernador bonaerense. En tanto que fiel a su estilo pol\u00e9mico, propuso sacar el Ej\u00e9rcito a la calle para terminar con la droga.<!--more--><\/p>\n<p>En ese sentido, el empresario de la carne fustig\u00f3: \u201cSi sacamos al Ej\u00e9rcito a las calles, en 90 d\u00edas no queda m\u00e1s droga en el pa\u00eds\u201d.<\/p>\n<p>Del mismo modo, indic\u00f3 que \u201cEl problema principal es el de la droga, hay que sacar al ej\u00e9rcito a las calles para resolverlo. Es su oportunidad de saldar la deuda que tienen con el pueblo Argentino\u201d.<\/p>\n<p>\u201cLos pibes se ponen como Hulk con la droga, se transforman, rompen todo y despu\u00e9s no se acuerdan de nada\u201d, resumi\u00f3 Alberto Samid.<\/p>\n<p>&nbsp;<\/p>\n<p>&nbsp;<\/p>\n<p>&nbsp;<\/p>\n","protected":false},"excerpt":{"rendered":"<p>LA MATANZA.&#8211; El vicepresidente del Mercado Central y cercano al precandidato presidencial Daniel Scioli, Alberto Samid, reiter\u00f3 su respaldo a la carrera electoral del gobernador bonaerense. En tanto que fiel a su estilo pol\u00e9mico, propuso sacar el Ej\u00e9rcito a la calle para terminar con la droga.<\/p>\n","protected":false},"author":11,"featured_media":0,"comment_status":"open","ping_status":"open","sticky":false,"template":"","format":"standard","meta":{"_jetpack_newsletter_access":"","_jetpack_dont_email_post_to_subs":false,"_jetpack_newsletter_tier_id":0,"_jetpack_memberships_contains_paywalled_content":false,"_jetpack_memberships_contains_paid_content":false,"footnotes":""},"categories":[51],"tags":[],"class_list":["post-64363","post","type-post","status-publish","format-standard","hentry","category-politica"],"jetpack_shortlink":"https:\/\/wp.me\/p2JWE0-gK7","jetpack-related-posts":[{"id":103940,"url":"http:\/\/www.24baires.com\/?p=103940","url_meta":{"origin":64363,"position":0},"title":"Vidal anunci\u00f3 que aumentar\u00e1 la presencia policial en las calles","author":"AF","date":"16\/08\/2018","format":false,"excerpt":"La gobernadora Mar\u00eda Eugenia Vidal anunci\u00f3 hoy en La Matanza una nueva reforma en la Polic\u00eda Bonaerense, que incluye sacar m\u00e1s efectivos a la calle, formularios online en comisar\u00edas para evitar el \"cajoneo\" de denuncias y la creaci\u00f3n de un mapa de delito para combatir las denominadas \"zonas liberadas\". \"Sabemos\u2026","rel":"","context":"En \u00abSociedad\u00bb","block_context":{"text":"Sociedad","link":"http:\/\/www.24baires.com\/?cat=1"},"img":{"alt_text":"","src":"https:\/\/i0.wp.com\/www.24baires.com\/wp-content\/uploads\/2018\/03\/vidal-1.jpg?resize=350%2C200","width":350,"height":200,"srcset":"https:\/\/i0.wp.com\/www.24baires.com\/wp-content\/uploads\/2018\/03\/vidal-1.jpg?resize=350%2C200 1x, https:\/\/i0.wp.com\/www.24baires.com\/wp-content\/uploads\/2018\/03\/vidal-1.jpg?resize=525%2C300 1.5x"},"classes":[]},{"id":39596,"url":"http:\/\/www.24baires.com\/?p=39596","url_meta":{"origin":64363,"position":1},"title":"Samid asumi\u00f3 la direcci\u00f3n del Mercado Central y prometi\u00f3 frenar el aumento de precios","author":"GB","date":"31\/01\/2014","format":false,"excerpt":"El empresario c\u00e1rnico Alberto Samid asumi\u00f3 como director del Mercado Central en representaci\u00f3n de la provincia de Buenos Aires por orden de Daniel Scioli y ya prometi\u00f3 un \"freno\" al alza de precios. \"Con mi llegada los valores seguramente van a retroceder, sin ninguna duda. Voy a sacar el Mercado\u2026","rel":"","context":"En \u00abEconom\u00eda\u00bb","block_context":{"text":"Econom\u00eda","link":"http:\/\/www.24baires.com\/?cat=45"},"img":{"alt_text":"Alberto Samid","src":"https:\/\/i0.wp.com\/www.24baires.com\/wp-content\/uploads\/2014\/01\/Alberto-Samid.jpg?resize=350%2C200","width":350,"height":200},"classes":[]},{"id":72861,"url":"http:\/\/www.24baires.com\/?p=72861","url_meta":{"origin":64363,"position":2},"title":"Para Samid, \u00abun Gobierno de Macri dura 3 minutos\u00bb","author":"GB","date":"29\/09\/2015","format":false,"excerpt":"El empresario de la carne, cercano afirm\u00f3 que el candidato de Cambiemos \"no tiene estructura para gobernar el pa\u00eds\". \"Lo sacan los granaderos\", asegur\u00f3 a la vez que afirm\u00f3 que si gana el FpV se \"jubila tranquila. Si gana otro\" va a \"tener que seguir trabajando\". El empresario de la\u2026","rel":"","context":"En \u00abPol\u00edtica\u00bb","block_context":{"text":"Pol\u00edtica","link":"http:\/\/www.24baires.com\/?cat=51"},"img":{"alt_text":"Alberto Samid","src":"https:\/\/i0.wp.com\/www.24baires.com\/wp-content\/uploads\/2014\/01\/Alberto-Samid.jpg?resize=350%2C200","width":350,"height":200},"classes":[]},{"id":81521,"url":"http:\/\/www.24baires.com\/?p=81521","url_meta":{"origin":64363,"position":3},"title":"Fiesta electr\u00f3nica fatal: cuatro muertos y cuatro internados graves","author":"GB","date":"16\/04\/2016","format":false,"excerpt":"Ocurri\u00f3 en el complejo Costa Salguero, donde se realizaba la tercera edici\u00f3n de la Time Warp. Los heridos fueron trasladados a los hospitales Fern\u00e1ndez y Pirovano. Las muertes ser\u00edan por sobredosis. Cuatro j\u00f3venes murieron y otros seis permanecen internados, cuatro de ellos graves por causas que se investigan mientras participaban\u2026","rel":"","context":"En \u00abSociedad\u00bb","block_context":{"text":"Sociedad","link":"http:\/\/www.24baires.com\/?cat=1"},"img":{"alt_text":"","src":"https:\/\/i0.wp.com\/www.24baires.com\/wp-content\/uploads\/2016\/04\/fiesta-electronica.jpg?resize=350%2C200","width":350,"height":200,"srcset":"https:\/\/i0.wp.com\/www.24baires.com\/wp-content\/uploads\/2016\/04\/fiesta-electronica.jpg?resize=350%2C200 1x, https:\/\/i0.wp.com\/www.24baires.com\/wp-content\/uploads\/2016\/04\/fiesta-electronica.jpg?resize=525%2C300 1.5x"},"classes":[]},{"id":16692,"url":"http:\/\/www.24baires.com\/?p=16692","url_meta":{"origin":64363,"position":4},"title":"Murieron dos j\u00f3venes en el Ultra Music Festival por aparente intoxicaci\u00f3n","author":"AF","date":"25\/02\/2013","format":false,"excerpt":"CAPITAL FEDERAL - Dos hombres j\u00f3venes, de entre 28 y 30 a\u00f1os, que asist\u00edan desde la noche del s\u00e1bado a una multitudinaria fiesta electr\u00f3nica en la Costanera Sur de la ciudad de Buenos Aires, murieron el domingo presuntamente por intoxicaci\u00f3n con drogas y alcohol, informaron fuentes m\u00e9dicas. Los decesos se\u2026","rel":"","context":"En \u00abSociedad\u00bb","block_context":{"text":"Sociedad","link":"http:\/\/www.24baires.com\/?cat=1"},"img":{"alt_text":"","src":"","width":0,"height":0},"classes":[]},{"id":110848,"url":"http:\/\/www.24baires.com\/?p=110848","url_meta":{"origin":64363,"position":5},"title":"Alberto Fern\u00e1ndez: \u00abNo tenemos que perseguir a los fumadores de porro\u201d","author":"GB","date":"19\/06\/2019","format":false,"excerpt":"El candidato a presidente por el Frente de Todos habl\u00f3 del \u201cfracaso de la guerra contra la droga\u201d y pidi\u00f3 dar una \u201crespuesta sensata\u201d. El candidato a presidente del Frente de Todos, Alberto Fern\u00e1ndez, se refiri\u00f3 a la lucha contra el narcotr\u00e1fico y las respuestas que tiene el Estado ante\u2026","rel":"","context":"En \u00abPol\u00edtica\u00bb","block_context":{"text":"Pol\u00edtica","link":"http:\/\/www.24baires.com\/?cat=51"},"img":{"alt_text":"","src":"https:\/\/i0.wp.com\/www.24baires.com\/wp-content\/uploads\/2019\/06\/alberto-fernandez-1.jpg?resize=350%2C200","width":350,"height":200,"srcset":"https:\/\/i0.wp.com\/www.24baires.com\/wp-content\/uploads\/2019\/06\/alberto-fernandez-1.jpg?resize=350%2C200 1x, https:\/\/i0.wp.com\/www.24baires.com\/wp-content\/uploads\/2019\/06\/alberto-fernandez-1.jpg?resize=525%2C300 1.5x"},"classes":[]}],"jetpack_sharing_enabled":true,"jetpack_likes_enabled":true,"jetpack_featured_media_url":"","_links":{"self":[{"href":"http:\/\/www.24baires.com\/index.php?rest_route=\/wp\/v2\/posts\/64363","targetHints":{"allow":["GET"]}}],"collection":[{"href":"http:\/\/www.24baires.com\/index.php?rest_route=\/wp\/v2\/posts"}],"about":[{"href":"http:\/\/www.24baires.com\/index.php?rest_route=\/wp\/v2\/types\/post"}],"author":[{"embeddable":true,"href":"http:\/\/www.24baires.com\/index.php?rest_route=\/wp\/v2\/users\/11"}],"replies":[{"embeddable":true,"href":"http:\/\/www.24baires.com\/index.php?rest_route=%2Fwp%2Fv2%2Fcomments&post=64363"}],"version-history":[{"count":2,"href":"http:\/\/www.24baires.com\/index.php?rest_route=\/wp\/v2\/posts\/64363\/revisions"}],"predecessor-version":[{"id":64365,"href":"http:\/\/www.24baires.com\/index.php?rest_route=\/wp\/v2\/posts\/64363\/revisions\/64365"}],"wp:attachment":[{"href":"http:\/\/www.24baires.com\/index.php?rest_route=%2Fwp%2Fv2%2Fmedia&parent=64363"}],"wp:term":[{"taxonomy":"category","embeddable":true,"href":"http:\/\/www.24baires.com\/index.php?rest_route=%2Fwp%2Fv2%2Fcategories&post=64363"},{"taxonomy":"post_tag","embeddable":true,"href":"http:\/\/www.24baires.com\/index.php?rest_route=%2Fwp%2Fv2%2Ftags&post=64363"}],"curies":[{"name":"wp","href":"https:\/\/api.w.org\/{rel}","templated":true}]}}