{"id":64351,"date":"2015-04-16T11:55:54","date_gmt":"2015-04-16T14:55:54","guid":{"rendered":"http:\/\/www.24baires.com\/?p=64351"},"modified":"2015-04-16T11:55:54","modified_gmt":"2015-04-16T14:55:54","slug":"cristina-cerrara-un-congreso-radical-impulsado-por-leopoldo-moreau","status":"publish","type":"post","link":"http:\/\/www.24baires.com\/?p=64351","title":{"rendered":"Cristina cerrar\u00e1 un congreso radical impulsado por Leopoldo Moreau"},"content":{"rendered":"<p><img data-recalc-dims=\"1\" loading=\"lazy\" decoding=\"async\" class=\"aligncenter size-full wp-image-38605\" src=\"https:\/\/i0.wp.com\/www.24baires.com\/wp-content\/uploads\/2014\/01\/moreau.jpg?resize=560%2C420\" alt=\"moreau\" width=\"560\" height=\"420\" srcset=\"https:\/\/i0.wp.com\/www.24baires.com\/wp-content\/uploads\/2014\/01\/moreau.jpg?w=560 560w, https:\/\/i0.wp.com\/www.24baires.com\/wp-content\/uploads\/2014\/01\/moreau.jpg?resize=300%2C225 300w\" sizes=\"auto, (max-width: 560px) 100vw, 560px\" \/><\/p>\n<p>La Presidenta sorprender\u00e1 con su aparici\u00f3n en la jornada del denominado Radicalismo Popular, la corriente liderada por Leopoldo Moreau y que integran dirigentes y militantes de la UCR, en su caso desencantados con la idea de alianza junto al PRO.<!--more--><\/p>\n<p>La Presidenta de la Naci\u00f3n, en una postal realmente inusual, asistir\u00e1 a la clausura de un encuentro del sector radical liderado por Leopoldo Moreau, ex legislador nacional y ex candidato presidencial de la UCR, ahora distanciado de la conducci\u00f3n partidaria y cercano a las filas del kirchnerismo, adem\u00e1s de reacio al pacto sellado entre el partido y el PRO para las primarias de este a\u00f1o.<\/p>\n<p>Ser\u00e1 a las 18.00 en Parque Norte, donde Cristina Fern\u00e1ndez de Kirchner cerrar\u00e1 el Congreso del Radicalismo Popular, movimiento que encabeza el propio Moreau.<\/p>\n<p>El objetivo del acto ser\u00eda, en l\u00edneas generales, convocar a todos los militantes radicales disconformes con la decisi\u00f3n oficial del radicalismo que, en la \u00faltima Convenci\u00f3n Nacional de Gualeguaych\u00fa, aprob\u00f3 el acercamiento a Mauricio Macri por iniciativa de su titular, Ernesto Sanz, y pese a los planteos de popes como Julio Cobos o Ricardo Alfons\u00edn.<\/p>\n<p>&nbsp;<\/p>\n<p>&nbsp;<\/p>\n","protected":false},"excerpt":{"rendered":"<p>La Presidenta sorprender\u00e1 con su aparici\u00f3n en la jornada del denominado Radicalismo Popular, la corriente liderada por Leopoldo Moreau y que integran dirigentes y militantes de la UCR, en su caso desencantados con la idea de alianza junto al PRO.<\/p>\n","protected":false},"author":11,"featured_media":0,"comment_status":"open","ping_status":"open","sticky":false,"template":"","format":"standard","meta":{"_jetpack_newsletter_access":"","_jetpack_dont_email_post_to_subs":false,"_jetpack_newsletter_tier_id":0,"_jetpack_memberships_contains_paywalled_content":false,"_jetpack_memberships_contains_paid_content":false,"footnotes":""},"categories":[51],"tags":[],"class_list":["post-64351","post","type-post","status-publish","format-standard","hentry","category-politica"],"jetpack_shortlink":"https:\/\/wp.me\/p2JWE0-gJV","jetpack-related-posts":[{"id":2170,"url":"http:\/\/www.24baires.com\/?p=2170","url_meta":{"origin":64351,"position":0},"title":"Moreau rechaz\u00f3 una alianza con la centroderecha con \u201ctufillo neomenemista\u201d","author":"Grupo Sierra","date":"14\/10\/2012","format":false,"excerpt":"El ex senador y dirigente bonaerense del radicalismo, Leopoldo Moreau, sali\u00f3 hoy al cruce de las declaraciones del intendente de San Isidro, Gustavo Posse, y rechaz\u00f3 la conformaci\u00f3n de un \"frente de centroderecha con un fuerte tufillo neomenemista\", en relaci\u00f3n a un acuerdo con el PRO, de Mauricio Macri. Para\u2026","rel":"","context":"En \u00abPol\u00edtica\u00bb","block_context":{"text":"Pol\u00edtica","link":"http:\/\/www.24baires.com\/?cat=51"},"img":{"alt_text":"","src":"https:\/\/i0.wp.com\/www.24baires.com\/wp-content\/uploads\/2012\/10\/moreau74823-300x224.jpg?resize=350%2C200","width":350,"height":200},"classes":[]},{"id":88549,"url":"http:\/\/www.24baires.com\/?p=88549","url_meta":{"origin":64351,"position":1},"title":"Moreau le respondi\u00f3 a Corral: \u00bbLe hubieran organizado ustedes un homenaje a Yrigoyen\u00bb","author":"AF","date":"11\/10\/2016","format":false,"excerpt":"El l\u00edder del Movimiento Alfonsinista se refiri\u00f3 al ataque del presidente del Comit\u00e9 Nacional de la UCR a Cristina, por su participaci\u00f3n en el acto por los 100 a\u00f1os de soberan\u00eda, y a\u00f1adi\u00f3: \u201cHay gente que de una vez por todas tiene que abandonar el resentimiento y el revanchismo, y\u2026","rel":"","context":"En \u00abPol\u00edtica\u00bb","block_context":{"text":"Pol\u00edtica","link":"http:\/\/www.24baires.com\/?cat=51"},"img":{"alt_text":"","src":"https:\/\/i0.wp.com\/www.24baires.com\/wp-content\/uploads\/2016\/10\/media-photo_57fc89020c297bac2b681fee_640w.jpeg?resize=350%2C200","width":350,"height":200,"srcset":"https:\/\/i0.wp.com\/www.24baires.com\/wp-content\/uploads\/2016\/10\/media-photo_57fc89020c297bac2b681fee_640w.jpeg?resize=350%2C200 1x, https:\/\/i0.wp.com\/www.24baires.com\/wp-content\/uploads\/2016\/10\/media-photo_57fc89020c297bac2b681fee_640w.jpeg?resize=525%2C300 1.5x"},"classes":[]},{"id":17302,"url":"http:\/\/www.24baires.com\/?p=17302","url_meta":{"origin":64351,"position":2},"title":"Para Alfons\u00edn la UCR es de centro izquierda y seg\u00fan Moreau adem\u00e1s &#8216;nacional y popular&#8217;","author":"Grupo Sierra","date":"03\/03\/2013","format":false,"excerpt":"Este s\u00e1bado se realiz\u00f3 en la ciudad de Olavarr\u00eda la Convenci\u00f3n Bonaerense del radicalismo. All\u00ed, los convencionales que participaron aprobaron un documento en conjunto en el que le pusieron un freno a las ambiciones del intendente de San Isidro, Gustavo Posse, de lograr cerrar un acuerdo con el macrismo y,\u2026","rel":"","context":"En \u00abOpini\u00f3n\u00bb","block_context":{"text":"Opini\u00f3n","link":"http:\/\/www.24baires.com\/?cat=64"},"img":{"alt_text":"","src":"","width":0,"height":0},"classes":[]},{"id":57334,"url":"http:\/\/www.24baires.com\/?p=57334","url_meta":{"origin":64351,"position":3},"title":"Para Moreau, \u00abLe pusieron una l\u00e1pida al radicalismo\u00bb","author":"Grupo Sierra","date":"18\/11\/2014","format":false,"excerpt":"El exsenador y referente radical, Leopoldo Moreau, se refiri\u00f3 a la cumbre de dirigentes de la UCR que se llev\u00f3 a cabo en San Fernando, donde se descart\u00f3 una alianza nacional con Mauricio Macri y Sergio Massa pero s\u00ed se habilitaron acuerdos distritales. Para Leopoldo Moreau, la \u201cpol\u00edtica ficcional\u201d desarrollada\u2026","rel":"","context":"En \u00abPol\u00edtica\u00bb","block_context":{"text":"Pol\u00edtica","link":"http:\/\/www.24baires.com\/?cat=51"},"img":{"alt_text":"moreau","src":"https:\/\/i0.wp.com\/www.24baires.com\/wp-content\/uploads\/2014\/01\/moreau.jpg?resize=350%2C200","width":350,"height":200,"srcset":"https:\/\/i0.wp.com\/www.24baires.com\/wp-content\/uploads\/2014\/01\/moreau.jpg?resize=350%2C200 1x, https:\/\/i0.wp.com\/www.24baires.com\/wp-content\/uploads\/2014\/01\/moreau.jpg?resize=525%2C300 1.5x"},"classes":[]},{"id":59608,"url":"http:\/\/www.24baires.com\/?p=59608","url_meta":{"origin":64351,"position":4},"title":"Moreau contra la \u00abcoalici\u00f3n neoliberal\u00bb que promueve la conducci\u00f3n de la UCR","author":"Grupo Sierra","date":"05\/01\/2015","format":false,"excerpt":"Leopoldo Moreau cuestion\u00f3 a la c\u00fapula radical por promover acuerdos con Mauricio Macri y Sergio Massa. \u201cUna restauraci\u00f3n conservadora no puede truncar los avances logrados por el pueblo argentino\", advirti\u00f3. \"Miles de radicales no acompa\u00f1aremos la coalici\u00f3n neoliberal ni apuntalaremos la resurrecci\u00f3n del pejotismo conservador que uno y otro representan\u2026","rel":"","context":"En \u00abElecciones 2015\u00bb","block_context":{"text":"Elecciones 2015","link":"http:\/\/www.24baires.com\/?cat=74"},"img":{"alt_text":"moreau","src":"https:\/\/i0.wp.com\/www.24baires.com\/wp-content\/uploads\/2014\/01\/moreau.jpg?resize=350%2C200","width":350,"height":200,"srcset":"https:\/\/i0.wp.com\/www.24baires.com\/wp-content\/uploads\/2014\/01\/moreau.jpg?resize=350%2C200 1x, https:\/\/i0.wp.com\/www.24baires.com\/wp-content\/uploads\/2014\/01\/moreau.jpg?resize=525%2C300 1.5x"},"classes":[]},{"id":89455,"url":"http:\/\/www.24baires.com\/?p=89455","url_meta":{"origin":64351,"position":5},"title":"Moreau fue expulsado de la UCR","author":"GB","date":"03\/11\/2016","format":false,"excerpt":"Por decisi\u00f3n del Tribunal de \u00c9tica del partido centenario, Leopoldo Moreau fue expulsado \"por su manifiesta inconducta \u00e9tica y moral\". Tambi\u00e9n expulsaron al diputado nacional Eduardo Sant\u00edn. El hist\u00f3rico dirigente radical Leopoldo Moreau fue expulsado de la Uni\u00f3n C\u00edvica Radical, seg\u00fan decidi\u00f3 el Tribunal de \u00c9tica del partido centenario Destinatario\u2026","rel":"","context":"En \u00abPol\u00edtica\u00bb","block_context":{"text":"Pol\u00edtica","link":"http:\/\/www.24baires.com\/?cat=51"},"img":{"alt_text":"Moreau","src":"https:\/\/i0.wp.com\/www.24baires.com\/wp-content\/uploads\/2015\/10\/Moreau.jpg?resize=350%2C200","width":350,"height":200,"srcset":"https:\/\/i0.wp.com\/www.24baires.com\/wp-content\/uploads\/2015\/10\/Moreau.jpg?resize=350%2C200 1x, https:\/\/i0.wp.com\/www.24baires.com\/wp-content\/uploads\/2015\/10\/Moreau.jpg?resize=525%2C300 1.5x"},"classes":[]}],"jetpack_sharing_enabled":true,"jetpack_likes_enabled":true,"jetpack_featured_media_url":"","_links":{"self":[{"href":"http:\/\/www.24baires.com\/index.php?rest_route=\/wp\/v2\/posts\/64351","targetHints":{"allow":["GET"]}}],"collection":[{"href":"http:\/\/www.24baires.com\/index.php?rest_route=\/wp\/v2\/posts"}],"about":[{"href":"http:\/\/www.24baires.com\/index.php?rest_route=\/wp\/v2\/types\/post"}],"author":[{"embeddable":true,"href":"http:\/\/www.24baires.com\/index.php?rest_route=\/wp\/v2\/users\/11"}],"replies":[{"embeddable":true,"href":"http:\/\/www.24baires.com\/index.php?rest_route=%2Fwp%2Fv2%2Fcomments&post=64351"}],"version-history":[{"count":2,"href":"http:\/\/www.24baires.com\/index.php?rest_route=\/wp\/v2\/posts\/64351\/revisions"}],"predecessor-version":[{"id":64353,"href":"http:\/\/www.24baires.com\/index.php?rest_route=\/wp\/v2\/posts\/64351\/revisions\/64353"}],"wp:attachment":[{"href":"http:\/\/www.24baires.com\/index.php?rest_route=%2Fwp%2Fv2%2Fmedia&parent=64351"}],"wp:term":[{"taxonomy":"category","embeddable":true,"href":"http:\/\/www.24baires.com\/index.php?rest_route=%2Fwp%2Fv2%2Fcategories&post=64351"},{"taxonomy":"post_tag","embeddable":true,"href":"http:\/\/www.24baires.com\/index.php?rest_route=%2Fwp%2Fv2%2Ftags&post=64351"}],"curies":[{"name":"wp","href":"https:\/\/api.w.org\/{rel}","templated":true}]}}