{"id":64331,"date":"2015-04-15T19:15:14","date_gmt":"2015-04-15T22:15:14","guid":{"rendered":"http:\/\/www.24baires.com\/?p=64331"},"modified":"2015-04-16T15:13:17","modified_gmt":"2015-04-16T18:13:17","slug":"la-reestatizacion-de-los-ferrocarriles-ya-es-ley","status":"publish","type":"post","link":"http:\/\/www.24baires.com\/?p=64331","title":{"rendered":"La reestatizaci\u00f3n de los Ferrocarriles ya es Ley"},"content":{"rendered":"<p><img data-recalc-dims=\"1\" loading=\"lazy\" decoding=\"async\" class=\"aligncenter size-full wp-image-64335\" src=\"https:\/\/i0.wp.com\/www.24baires.com\/wp-content\/uploads\/2015\/04\/trenes.jpg?resize=560%2C373\" alt=\"trenes\" width=\"560\" height=\"373\" srcset=\"https:\/\/i0.wp.com\/www.24baires.com\/wp-content\/uploads\/2015\/04\/trenes.jpg?w=560 560w, https:\/\/i0.wp.com\/www.24baires.com\/wp-content\/uploads\/2015\/04\/trenes.jpg?resize=300%2C200 300w\" sizes=\"auto, (max-width: 560px) 100vw, 560px\" \/><\/p>\n<p>El Senado de la Naci\u00f3n convirti\u00f3 hoy en ley el proyecto enviado por el Poder Ejecutivo para estatizar los trenes y crear la empresa p\u00fablica Ferrocarriles Argentinos, con el objeto de reactivar el servicio de cargas y de pasajeros. La iniciativa fue aprobada en general por 53 votos a favor y dos votos en contra.<!--more--><\/p>\n<p>La iniciativa fue respaldada por el Frente para la Victoria, el radicalismo, el PRO y el peronismo disidente.<\/p>\n<p>En tanto, vot\u00f3 en contra la centroizquierda conformada por SUR-GEN (Fernando Solanas) y el Frente C\u00edvico de C\u00f3rdoba (Norma Morandini).<\/p>\n<p>El ministro del Interior y Transporte, Florencio Randazzo, estuvo presente durante los discursos de los \u00faltimos oradores y al momento de la votaci\u00f3n, que se produjo minutos despu\u00e9s de las siete de la tarde.<\/p>\n<p>El proyecto enviado por el Poder Ejecutivo al Congreso Nacional declara de \u201cInter\u00e9s P\u00fablico Nacional\u201d y \u201cobjetivo prioritario de la Rep\u00fablica Argentina\u201d a la \u201cpol\u00edtica de reactivaci\u00f3n de los ferrocarriles de pasajeros y de cargas\u201d.<\/p>\n<p>Tambi\u00e9n busca la \u201crenovaci\u00f3n y el mejoramiento de la infraestructura ferroviaria\u201d y la \u201cincorporaci\u00f3n de tecnolog\u00edas y servicios que coadyuven a su modernizaci\u00f3n\u201d.<\/p>\n<p>El texto, que consta de 21 art\u00edculos, otorga al Estado la \u00abplena administraci\u00f3n de la infraestructura ferroviaria en todo el territorio nacional\u00bb, con potestad para \u00abdesafectar bienes, rescatar, reconvenir o renegociar contratos de concesi\u00f3n suscriptos con Nuevo Central Argentino, Ferroexpreso Pampeano, Ferrosur Roca, Metrov\u00edas y Ferrov\u00edas\u201d.<\/p>\n<p>Se establece, adem\u00e1s, la \u00abmodalidad de acceso abierto a la red ferroviaria nacional\u00bb para la operaci\u00f3n de los servicios de carga, de modo que \u00abcualquier operador ferroviario pueda transportar carga con origen y destino en cualquier punto de la red, independientemente de qui\u00e9n detente la titularidad o tenencia de las instalaciones (en esos puntos de carga o destino)\u00bb.<\/p>\n<p>El presidente de la Comisi\u00f3n de Infraestructura, Vivienda y Transporte, el kirchnerista mendocino Adolfo Bermejo, sostuvo que el Congreso estaba viviendo un \u201cmomento hist\u00f3rico\u201d para los que \u201cvienen del interior del pa\u00eds\u201d y reconoci\u00f3 los \u201cefectos negativos que tuvieron las pol\u00edticas desacertadas de los a\u00f1os 90\u201d.<\/p>\n<p>El bonaerense Juan Manuel Abal Medina, presidente de la Comisi\u00f3n de Presupuesto y Hacienda, destac\u00f3 que \u201crecuperar los ferrocarriles es recuperar soberan\u00eda y demostrar que el Estado puede gestionar m\u00e1s eficientemente\u201d.<\/p>\n<p>\u201cEstamos dando un paso m\u00e1s para una Argentina m\u00e1s justa y m\u00e1s soberana\u201d, destac\u00f3 Abal Medina.<br \/>\nEl radicalismo, aunque present\u00f3 un proyecto alternativo, aprob\u00f3 en general la iniciativa que fue elogiada por los integrantes del bloque.<\/p>\n<p>El juje\u00f1o Gerardo Morales reconoci\u00f3 que \u201ca Randazzo le pusieron una papa caliente en las manos y en los \u00faltimos a\u00f1os hubo una modificaci\u00f3n en la pol\u00edtica del actual gobierno sobre los trenes\u201d.<br \/>\nEn ese sentido, el radical chubutense Mario Cimadevilla conjetur\u00f3 que \u201cmuchos de los que hoy apoyan este proyecto est\u00e1n expresando su arrepentimiento de lo que apoyaron en la d\u00e9cada de los \u201990\u201d.<\/p>\n<p>El justicialista puntano Adolfo Rodr\u00edguez Sa\u00e1, de todos modos, aclar\u00f3 que \u201cac\u00e1 no se est\u00e1 estatizando nada\u201d y record\u00f3 que \u201clos ferrocarriles son argentinos por una decisi\u00f3n peronista de 1947 sostenida por todos los gobiernos hasta llegar a las destrucci\u00f3n de los ferrocarriles\u201d.<br \/>\nEl PRO tambi\u00e9n apoy\u00f3 la medida aunque, seg\u00fan dijo el entrerriano Alfredo De Angeli, \u201cse demor\u00f3 demasiado esta estatizaci\u00f3n\u201d.<\/p>\n<p>En cambio, el representante de SUR-GEN, Fernando Pino Solanas, dijo que no iba a votar el proyecto porque \u201ctiene una trampa\u201d ya que \u201cnunca se hizo una auditor\u00eda de inventario del millonario patrimonio ferroviario\u201d.<\/p>\n","protected":false},"excerpt":{"rendered":"<p>El Senado de la Naci\u00f3n convirti\u00f3 hoy en ley el proyecto enviado por el Poder Ejecutivo para estatizar los trenes y crear la empresa p\u00fablica Ferrocarriles Argentinos, con el objeto de reactivar el servicio de cargas y de pasajeros. La iniciativa fue aprobada en general por 53 votos a favor y dos votos en contra.<\/p>\n","protected":false},"author":11,"featured_media":0,"comment_status":"open","ping_status":"open","sticky":false,"template":"","format":"standard","meta":{"_jetpack_newsletter_access":"","_jetpack_dont_email_post_to_subs":false,"_jetpack_newsletter_tier_id":0,"_jetpack_memberships_contains_paywalled_content":false,"_jetpack_memberships_contains_paid_content":false,"footnotes":""},"categories":[51],"tags":[],"class_list":["post-64331","post","type-post","status-publish","format-standard","hentry","category-politica"],"jetpack_shortlink":"https:\/\/wp.me\/p2JWE0-gJB","jetpack-related-posts":[{"id":113519,"url":"http:\/\/www.24baires.com\/?p=113519","url_meta":{"origin":64331,"position":0},"title":"Tras la media sanci\u00f3n, el senado debate este viernes la Ley de Solidaridad Social","author":"GB","date":"20\/12\/2019","format":false,"excerpt":"Tras la media sanci\u00f3n de Diputados y con Cristina al frente del cuerpo, la C\u00e1mara alta trata hoy la emergencia econ\u00f3mica impulsada por el Gobierno. El Senado, en su primera sesi\u00f3n con Cristina Kirchner al frente del cuerpo, debatir\u00e1 a partir de las 14 el proyecto de Ley de Solidaridad\u2026","rel":"","context":"En \u00abPol\u00edtica\u00bb","block_context":{"text":"Pol\u00edtica","link":"http:\/\/www.24baires.com\/?cat=51"},"img":{"alt_text":"","src":"https:\/\/i0.wp.com\/www.24baires.com\/wp-content\/uploads\/2018\/08\/senado.jpg?resize=350%2C200","width":350,"height":200,"srcset":"https:\/\/i0.wp.com\/www.24baires.com\/wp-content\/uploads\/2018\/08\/senado.jpg?resize=350%2C200 1x, https:\/\/i0.wp.com\/www.24baires.com\/wp-content\/uploads\/2018\/08\/senado.jpg?resize=525%2C300 1.5x"},"classes":[]},{"id":118629,"url":"http:\/\/www.24baires.com\/?p=118629","url_meta":{"origin":64331,"position":1},"title":"Diputados aprob\u00f3 el acuerdo con el FMI","author":"GB","date":"11\/03\/2022","format":false,"excerpt":"Tras 13 horas de debate, la votaci\u00f3n mostr\u00f3 una profundizaci\u00f3n de las fisuras en el gobierno con el voto en contra de 28 de sus diputados al acuerdo con el FMI La C\u00e1mara de Diputados aprob\u00f3 esta madrugada la ley que habilita el acuerdo con el FMI, luego de una\u2026","rel":"","context":"En \u00abPol\u00edtica\u00bb","block_context":{"text":"Pol\u00edtica","link":"http:\/\/www.24baires.com\/?cat=51"},"img":{"alt_text":"","src":"https:\/\/i0.wp.com\/www.24baires.com\/wp-content\/uploads\/2018\/10\/dipiutades.jpg?resize=350%2C200","width":350,"height":200,"srcset":"https:\/\/i0.wp.com\/www.24baires.com\/wp-content\/uploads\/2018\/10\/dipiutades.jpg?resize=350%2C200 1x, https:\/\/i0.wp.com\/www.24baires.com\/wp-content\/uploads\/2018\/10\/dipiutades.jpg?resize=525%2C300 1.5x"},"classes":[]},{"id":113955,"url":"http:\/\/www.24baires.com\/?p=113955","url_meta":{"origin":64331,"position":2},"title":"Diputados aprob\u00f3 en general la Ley para fortalecer la negociaci\u00f3n de la deuda externa","author":"AF","date":"29\/01\/2020","format":false,"excerpt":"Fue por amplia mayor\u00eda. La iniciativa del Ejecutivo, con el respaldo del Ministro de Econom\u00eda Mart\u00edn Guzm\u00e1n. La C\u00e1mara de Diputados aprob\u00f3 y envi\u00f3 al Senado el proyecto de Restauraci\u00f3n de la Sostenibilidad de la Deuda Externa, con una amplia mayor\u00eda de votos producto del consenso alcanzado con las principales\u2026","rel":"","context":"En \u00abProvincia\u00bb","block_context":{"text":"Provincia","link":"http:\/\/www.24baires.com\/?cat=40"},"img":{"alt_text":"","src":"https:\/\/i0.wp.com\/www.24baires.com\/wp-content\/uploads\/2020\/01\/0037349339-300x225.jpg?resize=350%2C200","width":350,"height":200},"classes":[]},{"id":120895,"url":"http:\/\/www.24baires.com\/?p=120895","url_meta":{"origin":64331,"position":3},"title":"Massa critic\u00f3 la vuelta del Impuesto a las Ganancias: \u00abRarezas de la libertad\u00bb","author":"AF","date":"23\/01\/2024","format":false,"excerpt":"Sergio Massa, exministro de Econom\u00eda y excandidato presidencial de Uni\u00f3n por la Patria, critic\u00f3 este martes la pol\u00edtica impositiva del Gobierno de Javier Milei, que beneficia a los evasores y perjudica a los trabajadores, luego de que se conociera que el Ejecutivo mandar\u00e1 al Congreso un proyecto de ley para\u2026","rel":"","context":"En \u00abPol\u00edtica\u00bb","block_context":{"text":"Pol\u00edtica","link":"http:\/\/www.24baires.com\/?cat=51"},"img":{"alt_text":"","src":"https:\/\/i0.wp.com\/www.24baires.com\/wp-content\/uploads\/2023\/07\/massa.jpg?resize=350%2C200","width":350,"height":200,"srcset":"https:\/\/i0.wp.com\/www.24baires.com\/wp-content\/uploads\/2023\/07\/massa.jpg?resize=350%2C200 1x, https:\/\/i0.wp.com\/www.24baires.com\/wp-content\/uploads\/2023\/07\/massa.jpg?resize=525%2C300 1.5x, https:\/\/i0.wp.com\/www.24baires.com\/wp-content\/uploads\/2023\/07\/massa.jpg?resize=700%2C400 2x"},"classes":[]},{"id":114030,"url":"http:\/\/www.24baires.com\/?p=114030","url_meta":{"origin":64331,"position":4},"title":"El Senado convirti\u00f3 en ley el proyecto para renegociar la deuda","author":"AF","date":"05\/02\/2020","format":false,"excerpt":"Tras un casi nueve horas de un debate cargado de pases de factura entre oficialismo y oposici\u00f3n por el nivel del endeudamiento, el proyecto fue aprobado por unanimidad. El Senado aprob\u00f3 este mi\u00e9rcoles por unanimidad la ley de sostenibilidad de la deuda emitida bajo legislaci\u00f3n extranjera, tras un casi nueve\u2026","rel":"","context":"En \u00abPol\u00edtica\u00bb","block_context":{"text":"Pol\u00edtica","link":"http:\/\/www.24baires.com\/?cat=51"},"img":{"alt_text":"","src":"https:\/\/i0.wp.com\/www.24baires.com\/wp-content\/uploads\/2020\/02\/senado.jpg?resize=350%2C200","width":350,"height":200,"srcset":"https:\/\/i0.wp.com\/www.24baires.com\/wp-content\/uploads\/2020\/02\/senado.jpg?resize=350%2C200 1x, https:\/\/i0.wp.com\/www.24baires.com\/wp-content\/uploads\/2020\/02\/senado.jpg?resize=525%2C300 1.5x"},"classes":[]},{"id":116717,"url":"http:\/\/www.24baires.com\/?p=116717","url_meta":{"origin":64331,"position":5},"title":"Diputados aprob\u00f3 el Presupuesto 2021 y lo convirti\u00f3 en ley","author":"AF","date":"17\/11\/2020","format":false,"excerpt":"El plan de gastos y recursos del Estado para el pr\u00f3ximo a\u00f1o fue sancionado por 139 votos, pero hubo 83 abstenciones. La C\u00e1mara de Diputados convirti\u00f3 en ley el proyecto de Presupuesto 2021 durante la sesi\u00f3n de este martes con 139 votos a favor, 20 en contra y 83 abstenciones.\u2026","rel":"","context":"En \u00abSociedad\u00bb","block_context":{"text":"Sociedad","link":"http:\/\/www.24baires.com\/?cat=1"},"img":{"alt_text":"","src":"https:\/\/i0.wp.com\/www.24baires.com\/wp-content\/uploads\/2020\/08\/congreso.jpg?resize=350%2C200","width":350,"height":200,"srcset":"https:\/\/i0.wp.com\/www.24baires.com\/wp-content\/uploads\/2020\/08\/congreso.jpg?resize=350%2C200 1x, https:\/\/i0.wp.com\/www.24baires.com\/wp-content\/uploads\/2020\/08\/congreso.jpg?resize=525%2C300 1.5x"},"classes":[]}],"jetpack_sharing_enabled":true,"jetpack_likes_enabled":true,"jetpack_featured_media_url":"","_links":{"self":[{"href":"http:\/\/www.24baires.com\/index.php?rest_route=\/wp\/v2\/posts\/64331","targetHints":{"allow":["GET"]}}],"collection":[{"href":"http:\/\/www.24baires.com\/index.php?rest_route=\/wp\/v2\/posts"}],"about":[{"href":"http:\/\/www.24baires.com\/index.php?rest_route=\/wp\/v2\/types\/post"}],"author":[{"embeddable":true,"href":"http:\/\/www.24baires.com\/index.php?rest_route=\/wp\/v2\/users\/11"}],"replies":[{"embeddable":true,"href":"http:\/\/www.24baires.com\/index.php?rest_route=%2Fwp%2Fv2%2Fcomments&post=64331"}],"version-history":[{"count":3,"href":"http:\/\/www.24baires.com\/index.php?rest_route=\/wp\/v2\/posts\/64331\/revisions"}],"predecessor-version":[{"id":64337,"href":"http:\/\/www.24baires.com\/index.php?rest_route=\/wp\/v2\/posts\/64331\/revisions\/64337"}],"wp:attachment":[{"href":"http:\/\/www.24baires.com\/index.php?rest_route=%2Fwp%2Fv2%2Fmedia&parent=64331"}],"wp:term":[{"taxonomy":"category","embeddable":true,"href":"http:\/\/www.24baires.com\/index.php?rest_route=%2Fwp%2Fv2%2Fcategories&post=64331"},{"taxonomy":"post_tag","embeddable":true,"href":"http:\/\/www.24baires.com\/index.php?rest_route=%2Fwp%2Fv2%2Ftags&post=64331"}],"curies":[{"name":"wp","href":"https:\/\/api.w.org\/{rel}","templated":true}]}}